{"id":3569,"date":"2026-03-24T05:52:47","date_gmt":"2026-03-24T10:52:47","guid":{"rendered":"https:\/\/conexion-mx.com\/?p=3569"},"modified":"2026-03-24T05:52:47","modified_gmt":"2026-03-24T10:52:47","slug":"con-quien-se-caso-erika-pena-coss-tras-el-asesinato-del-caso-cumbres","status":"publish","type":"post","link":"https:\/\/conexion-mx.com\/?p=3569","title":{"rendered":"\u00bfCon qui\u00e9n se cas\u00f3 \u00c9rika Pe\u00f1a Coss tras el asesinato del caso Cumbres?"},"content":{"rendered":"<p> <br \/>\n<\/p>\n<div itemprop=\"articleBody\">\n<div class=\"txt_contenido\">\n<p>Este 2026 se cumplen 20 a\u00f1os del <strong>Caso Cumbres<\/strong>, un doble homicidio que acapar\u00f3 la atenci\u00f3n de los medios de comunicaci\u00f3n, pues las v\u00edctimas fueron dos menores de edad, hermanos de<strong> \u00c9rika Pe\u00f1a Coss.<\/strong> El crimen lo cometi\u00f3 su exnovi<strong>o Diego Santoy<\/strong> quien confes\u00f3 el terrible hecho por lo que hoy permanece recluido en el penal de Cadereyta, Nuevo Le\u00f3n donde cumple sentencia.\u00a0<\/p>\n<p>Con el paso de los a\u00f1os han crecido las expectativas por saber qu\u00e9 fue de \u00c9rika pues Santoy la incrimin\u00f3 como presunta responsable intelectual del crimen, no obstante ella qued\u00f3 absuelta pues no se pudo comprobar esa versi\u00f3n. Ella se mantiene alejada de los medios de comunicaci\u00f3n y ha evitado hablar del crimen cometido contra sus hermanos menores..\u00a0<\/p>\n<aside class=\"htmlinline\"\/>\n<h2>\u00bfQui\u00e9n es el esposo de \u00c9rika Pe\u00f1a Coss?\u00a0<\/h2>\n<figure class=\"image\"><img loading=\"lazy\" decoding=\"async\" alt=\"\" height=\"482\" src=\"https:\/\/heraldodemexico.com.mx\/u\/fotografias\/m\/2026\/3\/23\/f768x1-1262628_1262755_5050.jpg\" width=\"768\"\/>&#13;<figcaption>El esposo de \u00c9rika Pe\u00f1a es un empresario extranjero. Foto: Captura de pantalla X<\/figcaption>&#13;<br \/>\n<\/figure>\n<p>A trav\u00e9s de redes sociales se supo que <strong>\u00c9rika Pe\u00f1a Coss <\/strong>se cas\u00f3 en una boda privada en San Miguel de Allende, Guanajuato. La boda se llev\u00f3 a cabo ocho a\u00f1os despu\u00e9s del doble homicidio de sus hermanitos. En im\u00e1genes posteadas por <strong>su esposo Mike Otto <\/strong>se ve a la mujer vestida como novia.\u00a0<\/p>\n<aside class=\"relacionadas con-foto linea-1078\"><strong class=\"relacionadas-titulo-gral\">Noticias Relacionadas<\/strong><\/aside>\n<p>Mediante Facebook e Instagram familiares y amigos de la pareja los felicit\u00f3 por la boda realizada en el 2014. Entonces \u00c9rika ten\u00eda 20 a\u00f1os de edad.\u00a0<\/p>\n<ul>&#13;<\/p>\n<li>De acuerdo con la informaci\u00f3n disponible en redes sociales, el esposo de \u00c9rika Pe\u00f1a es un empresario extranjero que habita en Guanajuato, M\u00e9xico.\u00a0<\/li>\n<p>&#13;\n<\/ul>\n<figure class=\"image\"><img loading=\"lazy\" decoding=\"async\" alt=\"\" height=\"577\" src=\"https:\/\/heraldodemexico.com.mx\/u\/fotografias\/m\/2026\/3\/23\/f768x1-1262629_1262756_5050.jpg\" width=\"768\"\/>&#13;<figcaption>Han mantenido su vida privada. Foto: X<\/figcaption>&#13;<br \/>\n<\/figure>\n<p>\u00a0<\/p>\n<p>\u00a0<\/p>\n<p>\u00a0<\/p>\n<\/p><\/div>\n<\/p><\/div>\n<p><script>\n    !function(f,b,e,v,n,t,s)\n    {if(f.fbq)return;n=f.fbq=function(){n.callMethod?\n    n.callMethod.apply(n,arguments):n.queue.push(arguments)};\n    if(!f._fbq)f._fbq=n;n.push=n;n.loaded=!0;n.version='2.0';\n    n.queue=[];t=b.createElement(e);t.async=!0;\n    t.src=v;s=b.getElementsByTagName(e)[0];\n    s.parentNode.insertBefore(t,s)}(window, document,'script',\n    'https:\/\/connect.facebook.net\/en_US\/fbevents.js');\n    fbq('init', '237927003583820');\n    fbq('track', 'PageView');\n  <\/script><script>\n    !function(f,b,e,v,n,t,s)\n    {if(f.fbq)return;n=f.fbq=function(){n.callMethod?\n    n.callMethod.apply(n,arguments):n.queue.push(arguments)};\n    if(!f._fbq)f._fbq=n;n.push=n;n.loaded=!0;n.version='2.0';\n    n.queue=[];t=b.createElement(e);t.async=!0;\n    t.src=v;s=b.getElementsByTagName(e)[0];\n    s.parentNode.insertBefore(t,s)}(window, document,'script',\n    'https:\/\/connect.facebook.net\/en_US\/fbevents.js');\n    fbq('init', '802372280934901');\n    fbq('track', 'PageView');\n    <\/script><br \/>\n<br \/><\/p>\n","protected":false},"excerpt":{"rendered":"<p>Este 2026 se cumplen 20 a\u00f1os del Caso Cumbres, un doble homicidio que acapar\u00f3 la atenci\u00f3n de los medios de comunicaci\u00f3n, pues las v\u00edctimas fueron dos menores de edad, hermanos de \u00c9rika Pe\u00f1a Coss. El crimen lo cometi\u00f3 su exnovio Diego Santoy quien confes\u00f3 el terrible hecho por lo que hoy permanece recluido en el [&hellip;]<\/p>\n","protected":false},"author":2,"featured_media":3570,"comment_status":"","ping_status":"","sticky":false,"template":"","format":"standard","meta":{"footnotes":""},"categories":[2],"tags":[],"class_list":["post-3569","post","type-post","status-publish","format-standard","has-post-thumbnail","hentry","category-local"],"_links":{"self":[{"href":"https:\/\/conexion-mx.com\/index.php?rest_route=\/wp\/v2\/posts\/3569","targetHints":{"allow":["GET"]}}],"collection":[{"href":"https:\/\/conexion-mx.com\/index.php?rest_route=\/wp\/v2\/posts"}],"about":[{"href":"https:\/\/conexion-mx.com\/index.php?rest_route=\/wp\/v2\/types\/post"}],"author":[{"embeddable":true,"href":"https:\/\/conexion-mx.com\/index.php?rest_route=\/wp\/v2\/users\/2"}],"replies":[{"embeddable":true,"href":"https:\/\/conexion-mx.com\/index.php?rest_route=%2Fwp%2Fv2%2Fcomments&post=3569"}],"version-history":[{"count":0,"href":"https:\/\/conexion-mx.com\/index.php?rest_route=\/wp\/v2\/posts\/3569\/revisions"}],"wp:featuredmedia":[{"embeddable":true,"href":"https:\/\/conexion-mx.com\/index.php?rest_route=\/wp\/v2\/media\/3570"}],"wp:attachment":[{"href":"https:\/\/conexion-mx.com\/index.php?rest_route=%2Fwp%2Fv2%2Fmedia&parent=3569"}],"wp:term":[{"taxonomy":"category","embeddable":true,"href":"https:\/\/conexion-mx.com\/index.php?rest_route=%2Fwp%2Fv2%2Fcategories&post=3569"},{"taxonomy":"post_tag","embeddable":true,"href":"https:\/\/conexion-mx.com\/index.php?rest_route=%2Fwp%2Fv2%2Ftags&post=3569"}],"curies":[{"name":"wp","href":"https:\/\/api.w.org\/{rel}","templated":true}]}}