{"id":3573,"date":"2026-03-24T08:57:49","date_gmt":"2026-03-24T13:57:49","guid":{"rendered":"https:\/\/conexion-mx.com\/?p=3573"},"modified":"2026-03-24T08:57:49","modified_gmt":"2026-03-24T13:57:49","slug":"celebran-15-anos-de-impulsar-el-arte-en-rosarito","status":"publish","type":"post","link":"https:\/\/conexion-mx.com\/?p=3573","title":{"rendered":"Celebran 15 a\u00f1os de impulsar el arte en Rosarito"},"content":{"rendered":"<p> <br \/>\n<\/p>\n<div>\n<p>Baja California en general y la regi\u00f3n de <strong>Rosarito<\/strong> en particular tienen todos los ingredientes necesarios para el arte: paisajes, multiculturalidad y muchas voces que tienen algo importante qu\u00e9 decir.<\/p>\n<p>Muchas de ellas se concentran en un evento que, desde hace tres lustros, recibe a lo mejor de la regi\u00f3n para mostrar que el talento en la regi\u00f3n no se agota, todo lo contrario, florece e <strong>inspira<\/strong>.<\/p>\n<aside class=\"htmlinline\"\/>\n<blockquote><p>&#13;<\/p>\n<p>\u201cYa son 15 a\u00f1os, as\u00ed que ya es una tradici\u00f3n dentro de Rosarito, especialmente en el tercer fin de semana de mayo, que es cuando normalmente lo hacemos, porque coincide con un d\u00eda festivo en Estados Unidos.<\/p>\n<p>&#13;<br \/>\n&#13;<\/p>\n<p>\u201cEn este a\u00f1o, en particular por cumplirse 15 a\u00f1os, queremos hacer un homenaje a varios artistas que participaron durante algunas de las ediciones, pero que ya han partido de este plano, varios grandes maestros\u201d, explica, en entrevista exclusiva para El Heraldo de M\u00e9xico, <strong>Benito del \u00c1guila<\/strong>, <strong>promotor cultural y director de ArtWalk Rosarito<\/strong>.\u00a0<\/p>\n<p>&#13;\n<\/p><\/blockquote>\n<h2>La mejor fiesta de 15 a\u00f1os<\/h2>\n<p>En esta ocasi\u00f3n, el <strong>ArtWalk Rosarito<\/strong> se vestir\u00e1 de gala para homenajear a cinco artistas que han expuesto su obra en alguna de sus ediciones y que, lamentablemente, ya no se encuentran entre nosotros.<\/p>\n<blockquote><p>&#13;<\/p>\n<p>\u201cTambi\u00e9n estaremos haciendo un homenaje a los artistas m\u00e1s sobresalientes por cada municipio y tambi\u00e9n estaremos dando algunos reconocimientos a los artistas que han participado durante los 15 a\u00f1os.\u00a0<\/p>\n<p>&#13;<br \/>\n&#13;<\/p>\n<p>\u201cEl hogar donde estamos ahorita, que es el Centro Estatal de las Artes de Playas de Rosarito, va a cumplir 10 a\u00f1os, o sea, nosotros empezamos 5 a\u00f1os antes. El Instituto Municipal de Arte y Cultura est\u00e1 renovando en este momento sus instalaciones y desde hace un a\u00f1o se reactiv\u00f3 el Museo de Puerto Nuevo\u201d, se\u00f1ala <strong>Del \u00c1guila<\/strong>.<\/p>\n<p>&#13;\n<\/p><\/blockquote>\n<p>En esta ocasi\u00f3n, el ArtWalk de Rosarito se celebrar\u00e1 el 23 y 24 de mayo en el <strong>Centro Estatal de las Artes de Playas de Rosarito<\/strong>, donde podr\u00e1s ver exposiciones y comprar algunas piezas art\u00edsticas, adem\u00e1s de disfrutar de muestras gastron\u00f3micas y literarias. La entrada es libre.&#13;<br \/>\n&#13;<br \/>\n&#13;\n                                <\/p>\n<\/p><\/div>\n<p><script>\n    !function(f,b,e,v,n,t,s)\n    {if(f.fbq)return;n=f.fbq=function(){n.callMethod?\n    n.callMethod.apply(n,arguments):n.queue.push(arguments)};\n    if(!f._fbq)f._fbq=n;n.push=n;n.loaded=!0;n.version='2.0';\n    n.queue=[];t=b.createElement(e);t.async=!0;\n    t.src=v;s=b.getElementsByTagName(e)[0];\n    s.parentNode.insertBefore(t,s)}(window, document,'script',\n    'https:\/\/connect.facebook.net\/en_US\/fbevents.js');\n    fbq('init', '237927003583820');\n    fbq('track', 'PageView');\n  <\/script><br \/>\n<br \/><\/p>\n","protected":false},"excerpt":{"rendered":"<p>Baja California en general y la regi\u00f3n de Rosarito en particular tienen todos los ingredientes necesarios para el arte: paisajes, multiculturalidad y muchas voces que tienen algo importante qu\u00e9 decir. Muchas de ellas se concentran en un evento que, desde hace tres lustros, recibe a lo mejor de la regi\u00f3n para mostrar que el talento [&hellip;]<\/p>\n","protected":false},"author":4,"featured_media":3574,"comment_status":"","ping_status":"","sticky":false,"template":"","format":"standard","meta":{"footnotes":""},"categories":[33],"tags":[],"class_list":["post-3573","post","type-post","status-publish","format-standard","has-post-thumbnail","hentry","category-cultura"],"_links":{"self":[{"href":"https:\/\/conexion-mx.com\/index.php?rest_route=\/wp\/v2\/posts\/3573","targetHints":{"allow":["GET"]}}],"collection":[{"href":"https:\/\/conexion-mx.com\/index.php?rest_route=\/wp\/v2\/posts"}],"about":[{"href":"https:\/\/conexion-mx.com\/index.php?rest_route=\/wp\/v2\/types\/post"}],"author":[{"embeddable":true,"href":"https:\/\/conexion-mx.com\/index.php?rest_route=\/wp\/v2\/users\/4"}],"replies":[{"embeddable":true,"href":"https:\/\/conexion-mx.com\/index.php?rest_route=%2Fwp%2Fv2%2Fcomments&post=3573"}],"version-history":[{"count":0,"href":"https:\/\/conexion-mx.com\/index.php?rest_route=\/wp\/v2\/posts\/3573\/revisions"}],"wp:featuredmedia":[{"embeddable":true,"href":"https:\/\/conexion-mx.com\/index.php?rest_route=\/wp\/v2\/media\/3574"}],"wp:attachment":[{"href":"https:\/\/conexion-mx.com\/index.php?rest_route=%2Fwp%2Fv2%2Fmedia&parent=3573"}],"wp:term":[{"taxonomy":"category","embeddable":true,"href":"https:\/\/conexion-mx.com\/index.php?rest_route=%2Fwp%2Fv2%2Fcategories&post=3573"},{"taxonomy":"post_tag","embeddable":true,"href":"https:\/\/conexion-mx.com\/index.php?rest_route=%2Fwp%2Fv2%2Ftags&post=3573"}],"curies":[{"name":"wp","href":"https:\/\/api.w.org\/{rel}","templated":true}]}}