{"id":3579,"date":"2026-03-24T22:12:28","date_gmt":"2026-03-25T03:12:28","guid":{"rendered":"https:\/\/conexion-mx.com\/?p=3579"},"modified":"2026-03-24T22:12:28","modified_gmt":"2026-03-25T03:12:28","slug":"buscan-homologar-delito-de-feminicidio-con-nueva-ley-general-plantean-penas-de-hasta-70-anos-y-sanciones","status":"publish","type":"post","link":"https:\/\/conexion-mx.com\/?p=3579","title":{"rendered":"Buscan homologar delito de feminicidio con nueva Ley General; plantean penas de hasta 70 a\u00f1os y sanciones"},"content":{"rendered":"<p> <br \/>\n<\/p>\n<div>\n<p>La <strong>secretaria de las Mujeres,<\/strong> Citlalli Hern\u00e1ndez, present\u00f3 el proyecto de <strong>Ley General<\/strong> para <strong>Prevenir, Investigar, Sancionar y Reparar el Da\u00f1o por el Delito de Feminicidio<\/strong>, una iniciativa que busca unificar criterios en todo el pa\u00eds, endurecer las penas y cerrar espacios de impunidad en la investigaci\u00f3n de este delito.\u00a0<\/p>\n<p>Dicha propuesta establece un tipo <strong>penal homologado<\/strong> a nivel nacional para que el feminicidio se considere como todo acto en el que una persona prive de la vida a una mujer por razones de g\u00e9nero, considerando al menos nueve contextos, entre ellos violencia sexual, antecedentes de agresiones, estereotipos o relaciones de poder.\u00a0<\/p>\n<aside class=\"htmlinline\"\/>\n<p>En<strong> materia de sanciones<\/strong>, se contemplan penas de 40 a 70 a\u00f1os de prisi\u00f3n, adem\u00e1s de multas de hasta <strong>dos mil UMAS<\/strong>. Adem\u00e1s, el proyecto incluye 21 agravantes que pueden incrementar la condena hasta en una mitad, como que la v\u00edctima sea menor de edad, adulta mayor, est\u00e9 embarazada, tenga discapacidad o que el delito sea cometido por una persona servidora p\u00fablica.\u00a0<\/p>\n<aside class=\"relacionadas con-foto linea-1078\"><strong class=\"relacionadas-titulo-gral\">Noticias Relacionadas<\/strong><\/aside>\n<p>A diferencia de otros <strong>delitos<\/strong>, la iniciativa elimina beneficios para los responsables. No habr\u00e1 amnist\u00edas, conmutaci\u00f3n de penas ni libertad condicionada. Tambi\u00e9n se plantea que el delito, su sanci\u00f3n y la reparaci\u00f3n del da\u00f1o sean imprescriptibles, adem\u00e1s de prohibir cualquier atenuante o excusa absolutoria.\u00a0<\/p>\n<p>Quien cometa feminicidio perder\u00e1 derechos como la patria potestad, la tutela, la guarda y custodia, as\u00ed como derechos sucesorios. En caso de ser funcionario, ser\u00e1 destituido e inhabilitado para ejercer <strong>cargos p\u00fablicos.\u00a0<\/strong><\/p>\n<p>Otro eje central del proyecto est\u00e1 en la investigaci\u00f3n. Se propone que toda muerte violenta de una mujer sea investigada bajo la hip\u00f3tesis de feminicidio, con<strong> perspectiva de g\u00e9nero, <\/strong>protocolos especializados y an\u00e1lisis de antecedentes de violencia, incluso si no existen denuncias previas.\u00a0<\/p>\n<p>Adem\u00e1s, el Ministerio P\u00fablico deber\u00e1 iniciar las indagatorias de oficio y de manera inmediata, mientras que la Fiscal\u00eda General de la Rep\u00fablica y las fiscal\u00edas locales tendr\u00e1n la obligaci\u00f3n de contar con unidades especializadas permanentes.\u00a0<\/p>\n<p>En cuanto a las v\u00edctimas, la ley reconoce el derecho a la verdad, acceso a la justicia, atenci\u00f3n m\u00e9dica y psicol\u00f3gica urgente, as\u00ed como asesor\u00eda jur\u00eddica gratuita. Tambi\u00e9n contempla seguridad social para hijas e hijos en situaci\u00f3n de orfandad por feminicidio y la entrega digna del cuerpo.\u00a0&#13;<br \/>\n&#13;\n<\/p>\n<p>La reparaci\u00f3n del da\u00f1o deber\u00e1 ser integral, efectiva y proporcional, mientras que autoridades, medios y plataformas digitales estar\u00e1n obligados a respetar la dignidad de las v\u00edctimas directas e indirectas.\u00a0&#13;<br \/>\n&#13;\n<\/p>\n<p>En el plano preventivo, la iniciativa prev\u00e9 la creaci\u00f3n de un Registro Nacional de ni\u00f1as, ni\u00f1os y adolescentes en orfandad por feminicidio, as\u00ed como la implementaci\u00f3n de campa\u00f1as, actualizaci\u00f3n de protocolos y fortalecimiento de mecanismos como refugios, centros de justicia y l\u00edneas de atenci\u00f3n para mujeres.\u00a0&#13;<br \/>\n&#13;\n<\/p>\n<p>Al participar en la presentaci\u00f3n de la Agenda 2030 para el Desarrollo Sostenible y la Agenda Regional de G\u00e9nero en Am\u00e9rica Latina y el Caribe, la funcionaria dijo que el proyecto contempla una estructura de 52 art\u00edculos distribuidos en ocho t\u00edtulos que abarcan desde disposiciones generales hasta pol\u00edticas de prevenci\u00f3n, con el objetivo de articular la actuaci\u00f3n de autoridades federales y locales frente a la violencia feminicida.\u00a0&#13;<br \/>\n&#13;\n<\/p>\n<p><img loading=\"lazy\" decoding=\"async\" alt=\"\" height=\"510\" src=\"https:\/\/heraldodemexico.com.mx\/u\/fotografias\/m\/2026\/3\/24\/f768x1-1263161_1263288_5050.jpeg\" width=\"768\"\/>&#13;<br \/>\n&#13;\n<\/p>\n<p>La iniciativa se presenta en un escenario donde las cifras reflejan la persistencia del problema. En 2024 se registraron 852 v\u00edctimas de feminicidio en el pa\u00eds, mientras que 22.3 por ciento de las mujeres ha sufrido violencia por parte de su pareja o expareja y siete de cada diez se sienten inseguras al caminar solas de noche.&#13;<br \/>\n&#13;\n<\/p>\n<p>Estos datos evidencian que la violencia de g\u00e9nero no es un fen\u00f3meno aislado, sino parte de un entorno de desigualdad m\u00e1s amplio, lo que refuerza la apuesta por un marco legal que no solo endurezca sanciones, sino que obligue a investigar con mayor rigor y a garantizar atenci\u00f3n integral a las v\u00edctimas.&#13;<br \/>\n&#13;\n<\/p>\n<p>CS&#13;<br \/>\n&#13;<br \/>\n&#13;\n                                <\/p>\n<\/p><\/div>\n<p><script>\n    !function(f,b,e,v,n,t,s)\n    {if(f.fbq)return;n=f.fbq=function(){n.callMethod?\n    n.callMethod.apply(n,arguments):n.queue.push(arguments)};\n    if(!f._fbq)f._fbq=n;n.push=n;n.loaded=!0;n.version='2.0';\n    n.queue=[];t=b.createElement(e);t.async=!0;\n    t.src=v;s=b.getElementsByTagName(e)[0];\n    s.parentNode.insertBefore(t,s)}(window, document,'script',\n    'https:\/\/connect.facebook.net\/en_US\/fbevents.js');\n    fbq('init', '237927003583820');\n    fbq('track', 'PageView');\n  <\/script><script>\n    !function(f,b,e,v,n,t,s)\n    {if(f.fbq)return;n=f.fbq=function(){n.callMethod?\n    n.callMethod.apply(n,arguments):n.queue.push(arguments)};\n    if(!f._fbq)f._fbq=n;n.push=n;n.loaded=!0;n.version='2.0';\n    n.queue=[];t=b.createElement(e);t.async=!0;\n    t.src=v;s=b.getElementsByTagName(e)[0];\n    s.parentNode.insertBefore(t,s)}(window, document,'script',\n    'https:\/\/connect.facebook.net\/en_US\/fbevents.js');\n    fbq('init', '802372280934901');\n    fbq('track', 'PageView');\n    <\/script><br \/>\n<br \/><\/p>\n","protected":false},"excerpt":{"rendered":"<p>La secretaria de las Mujeres, Citlalli Hern\u00e1ndez, present\u00f3 el proyecto de Ley General para Prevenir, Investigar, Sancionar y Reparar el Da\u00f1o por el Delito de Feminicidio, una iniciativa que busca unificar criterios en todo el pa\u00eds, endurecer las penas y cerrar espacios de impunidad en la investigaci\u00f3n de este delito.\u00a0 Dicha propuesta establece un tipo [&hellip;]<\/p>\n","protected":false},"author":2,"featured_media":3580,"comment_status":"","ping_status":"","sticky":false,"template":"","format":"standard","meta":{"footnotes":""},"categories":[2],"tags":[],"class_list":["post-3579","post","type-post","status-publish","format-standard","has-post-thumbnail","hentry","category-local"],"_links":{"self":[{"href":"https:\/\/conexion-mx.com\/index.php?rest_route=\/wp\/v2\/posts\/3579","targetHints":{"allow":["GET"]}}],"collection":[{"href":"https:\/\/conexion-mx.com\/index.php?rest_route=\/wp\/v2\/posts"}],"about":[{"href":"https:\/\/conexion-mx.com\/index.php?rest_route=\/wp\/v2\/types\/post"}],"author":[{"embeddable":true,"href":"https:\/\/conexion-mx.com\/index.php?rest_route=\/wp\/v2\/users\/2"}],"replies":[{"embeddable":true,"href":"https:\/\/conexion-mx.com\/index.php?rest_route=%2Fwp%2Fv2%2Fcomments&post=3579"}],"version-history":[{"count":0,"href":"https:\/\/conexion-mx.com\/index.php?rest_route=\/wp\/v2\/posts\/3579\/revisions"}],"wp:featuredmedia":[{"embeddable":true,"href":"https:\/\/conexion-mx.com\/index.php?rest_route=\/wp\/v2\/media\/3580"}],"wp:attachment":[{"href":"https:\/\/conexion-mx.com\/index.php?rest_route=%2Fwp%2Fv2%2Fmedia&parent=3579"}],"wp:term":[{"taxonomy":"category","embeddable":true,"href":"https:\/\/conexion-mx.com\/index.php?rest_route=%2Fwp%2Fv2%2Fcategories&post=3579"},{"taxonomy":"post_tag","embeddable":true,"href":"https:\/\/conexion-mx.com\/index.php?rest_route=%2Fwp%2Fv2%2Ftags&post=3579"}],"curies":[{"name":"wp","href":"https:\/\/api.w.org\/{rel}","templated":true}]}}