{"id":3583,"date":"2026-03-25T11:46:53","date_gmt":"2026-03-25T16:46:53","guid":{"rendered":"https:\/\/conexion-mx.com\/?p=3583"},"modified":"2026-03-25T11:46:53","modified_gmt":"2026-03-25T16:46:53","slug":"muere-alicia-caro-actriz-colombiana-que-brillo-en-el-cine-de-oro-de-mexico-esto-se-sabe","status":"publish","type":"post","link":"https:\/\/conexion-mx.com\/?p=3583","title":{"rendered":"Muere Alicia Caro, actriz colombiana que brill\u00f3 en el Cine de Oro de M\u00e9xico; esto se sabe"},"content":{"rendered":"<p> <br \/>\n<\/p>\n<div>\n<p>Este mi\u00e9rcoles 25 de marzo la industria del <strong>Cine de Oro de M\u00e9xico <\/strong>se<strong> visti\u00f3 de luto<\/strong> despu\u00e9s de que se confirmara la <strong>muerte de la actriz,\u00a0Beatriz Segura Pe\u00f1uela<\/strong>, mejor conocida <strong>Alicia Caro<\/strong>, una de las grandes referentes del cine nacional. La noticia fue anunciada en redes sociales.\u00a0<\/p>\n<p>La ma\u00f1ana de este d\u00eda el nombre de la actriz, <strong>Alicia Caro<\/strong>, apareci\u00f3 en las principales tendencias de b\u00fasqueda en redes sociales tras confirmarse su fallecimiento. La famosa nacida en Colombia, pero con ampl\u00eda trayectoria en M\u00e9xico falleci\u00f3 el pasado 17 de marzo.\u00a0<\/p>\n<aside class=\"htmlinline\"\/>\n<h2>Muere la actriz Alicia Caro<\/h2>\n<p>Este d\u00eda se confirm\u00f3 la muerte de la <strong>estrella del Cine de Oro de M\u00e9xico, Alicia Caro, a los 95 a\u00f1os de edad<\/strong>. La noticia fue a dada a conocer en redes sociales por distintos sitios especializados en el cine mexicano y los fans expresaron su tristeza.\u00a0<\/p>\n<aside class=\"relacionadas con-foto linea-1078\"><strong class=\"relacionadas-titulo-gral\">Noticias Relacionadas<\/strong><\/aside>\n<p>Lo poco que se sabe hasta el momento del fallecimiento de <strong>Alicia Caro<\/strong>, actriz nacida en Colombia, pero con gran trayectoria en M\u00e9xico, es que perdi\u00f3 la vida a los 95 a\u00f1os de edad en su casa en Coyoac\u00e1n, alcald\u00eda en la que vivi\u00f3 despu\u00e9s de su retiro.\u00a0<\/p>\n<figure class=\"image\"><img loading=\"lazy\" decoding=\"async\" alt=\"muere alicia caro actriz colombiana cine de oro mexico\" height=\"953\" src=\"https:\/\/heraldodemexico.com.mx\/u\/fotografias\/m\/2026\/3\/25\/f768x1-1263379_1263506_5050.jpg\" width=\"768\"\/>&#13;<figcaption>La actriz muri\u00f3 a los 95 a\u00f1os. Foto: Especial<\/figcaption>&#13;<br \/>\n<\/figure>\n<h2>\u00bfQui\u00e9n era y de qu\u00e9 muri\u00f3 la actriz Alicia Caro?<\/h2>\n<p><strong>\u00a0Beatriz Segura Pe\u00f1uela<\/strong>, mejor conocida en la industria del cine como <strong>Alicia Caro<\/strong>, fue una famosa actriz nacida en Colombia, pero con una gran trayectoria en M\u00e9xico, destacando el trabajo que hizo en la \u00c9poca del Cine de Oro.\u00a0<\/p>\n<p>Algunos de los trabajos que hizo la actriz en nuestro pa\u00eds fue como protagonista en las pel\u00edculas \u00abSoledad\u00bb, \u00abAll\u00e1 en el Rancho Grande\u00bb, \u00abDos pesos dejada\u00bb, \u00abMuchachas de uniforme\u00bb, \u00abEl Ceniciento\u00bb, \u00abLos Fern\u00e1ndez de Peralvillo\u00bb y \u00abLas tres Elenas\u00bb.\u00a0<\/p>\n<p>Despu\u00e9s de su retiro, en 1995, <strong>Alicia Caro <\/strong>se qued\u00f3 a vivir en M\u00e9xico, espec\u00edficamente en la alcald\u00eda Coyoac\u00e1n. Familiares confirmaron que la actriz de 95 a\u00f1os muri\u00f3 el pasado 17 de marzo, pero hasta el momento se desconocen las causas del fallecimiento.\u00a0<\/p>\n<figure class=\"image\"><img loading=\"lazy\" decoding=\"async\" alt=\"muere actriz cine de oro alicia caro\" height=\"911\" src=\"https:\/\/heraldodemexico.com.mx\/u\/fotografias\/m\/2026\/3\/25\/f768x1-1263380_1263507_5050.jpg\" width=\"768\"\/>&#13;<figcaption>La noticia fue confirmada en redes sociales. Foto: Especial<\/figcaption>&#13;<br \/>\n<\/figure>\n<h2>\u00a0<\/h2>\n<\/p><\/div>\n<p><script>\n    !function(f,b,e,v,n,t,s)\n    {if(f.fbq)return;n=f.fbq=function(){n.callMethod?\n    n.callMethod.apply(n,arguments):n.queue.push(arguments)};\n    if(!f._fbq)f._fbq=n;n.push=n;n.loaded=!0;n.version='2.0';\n    n.queue=[];t=b.createElement(e);t.async=!0;\n    t.src=v;s=b.getElementsByTagName(e)[0];\n    s.parentNode.insertBefore(t,s)}(window, document,'script',\n    'https:\/\/connect.facebook.net\/en_US\/fbevents.js');\n    fbq('init', '237927003583820');\n    fbq('track', 'PageView');\n  <\/script><script>\n    !function(f,b,e,v,n,t,s)\n    {if(f.fbq)return;n=f.fbq=function(){n.callMethod?\n    n.callMethod.apply(n,arguments):n.queue.push(arguments)};\n    if(!f._fbq)f._fbq=n;n.push=n;n.loaded=!0;n.version='2.0';\n    n.queue=[];t=b.createElement(e);t.async=!0;\n    t.src=v;s=b.getElementsByTagName(e)[0];\n    s.parentNode.insertBefore(t,s)}(window, document,'script',\n    'https:\/\/connect.facebook.net\/en_US\/fbevents.js');\n    fbq('init', '775201487065840');\n    fbq('track', 'PageView');\n    <\/script><br \/>\n<br \/><\/p>\n","protected":false},"excerpt":{"rendered":"<p>Este mi\u00e9rcoles 25 de marzo la industria del Cine de Oro de M\u00e9xico se visti\u00f3 de luto despu\u00e9s de que se confirmara la muerte de la actriz,\u00a0Beatriz Segura Pe\u00f1uela, mejor conocida Alicia Caro, una de las grandes referentes del cine nacional. La noticia fue anunciada en redes sociales.\u00a0 La ma\u00f1ana de este d\u00eda el nombre [&hellip;]<\/p>\n","protected":false},"author":3,"featured_media":3584,"comment_status":"","ping_status":"","sticky":false,"template":"","format":"standard","meta":{"footnotes":""},"categories":[35],"tags":[],"class_list":["post-3583","post","type-post","status-publish","format-standard","has-post-thumbnail","hentry","category-espectaculos"],"_links":{"self":[{"href":"https:\/\/conexion-mx.com\/index.php?rest_route=\/wp\/v2\/posts\/3583","targetHints":{"allow":["GET"]}}],"collection":[{"href":"https:\/\/conexion-mx.com\/index.php?rest_route=\/wp\/v2\/posts"}],"about":[{"href":"https:\/\/conexion-mx.com\/index.php?rest_route=\/wp\/v2\/types\/post"}],"author":[{"embeddable":true,"href":"https:\/\/conexion-mx.com\/index.php?rest_route=\/wp\/v2\/users\/3"}],"replies":[{"embeddable":true,"href":"https:\/\/conexion-mx.com\/index.php?rest_route=%2Fwp%2Fv2%2Fcomments&post=3583"}],"version-history":[{"count":0,"href":"https:\/\/conexion-mx.com\/index.php?rest_route=\/wp\/v2\/posts\/3583\/revisions"}],"wp:featuredmedia":[{"embeddable":true,"href":"https:\/\/conexion-mx.com\/index.php?rest_route=\/wp\/v2\/media\/3584"}],"wp:attachment":[{"href":"https:\/\/conexion-mx.com\/index.php?rest_route=%2Fwp%2Fv2%2Fmedia&parent=3583"}],"wp:term":[{"taxonomy":"category","embeddable":true,"href":"https:\/\/conexion-mx.com\/index.php?rest_route=%2Fwp%2Fv2%2Fcategories&post=3583"},{"taxonomy":"post_tag","embeddable":true,"href":"https:\/\/conexion-mx.com\/index.php?rest_route=%2Fwp%2Fv2%2Ftags&post=3583"}],"curies":[{"name":"wp","href":"https:\/\/api.w.org\/{rel}","templated":true}]}}