{"id":3591,"date":"2026-03-26T07:12:13","date_gmt":"2026-03-26T12:12:13","guid":{"rendered":"https:\/\/conexion-mx.com\/?p=3591"},"modified":"2026-03-26T07:12:13","modified_gmt":"2026-03-26T12:12:13","slug":"cuando-inicia-la-temporada-de-huracanes-2026-en-mexico-y-cuantos-seran-fecha-exacta","status":"publish","type":"post","link":"https:\/\/conexion-mx.com\/?p=3591","title":{"rendered":"\u00bfCu\u00e1ndo inicia la temporada de huracanes 2026 en M\u00e9xico y cu\u00e1ntos ser\u00e1n? | FECHA EXACTA"},"content":{"rendered":"<p> <br \/>\n<\/p>\n<div>\n<p>La <strong>temporada de huracanes 2026<\/strong> est\u00e1 por comenzar y, con ella, se prev\u00e9 la formaci\u00f3n de sistemas que impactar\u00e1n las costas de M\u00e9xico y el Caribe. Con el fin de que la ciudadan\u00eda tome precauciones, el Servicio Meteorol\u00f3gico Nacional (<strong>SMN<\/strong>) y organismos internacionales han detallado el <strong>calendario oficial<\/strong>, los nombres asignados a los ciclones y las condiciones especiales que marcar\u00e1n este a\u00f1o, como la posible llegada de El Ni\u00f1o.<\/p>\n<p>De acuerdo con los especialistas, la <strong>temporada de huracanes en M\u00e9xico comenazar\u00e1<\/strong>\u00a0de manera oficial en <strong>junio<\/strong> para la regi\u00f3n del <strong>oc\u00e9ano Atl\u00e1ntico y el Mar Caribe<\/strong>, este ciclo forma parte de un comportamiento clim\u00e1tico recurrente que se repite cada a\u00f1o, con variaciones en la intensidad y n\u00famero de sistemas. En el caso del <strong>Pac\u00edfico<\/strong>, la actividad suele iniciar ligeramente antes, pero ambos litorales concentran el mayor riesgo durante los meses posteriores.<\/p>\n<aside class=\"htmlinline\"\/>\n<p>Para 2026, meteor\u00f3logos han advertido que al menos <strong>cinco ciclones tropicales podr\u00edan impactar territorio nacional<\/strong>, una estimaci\u00f3n basada en registros hist\u00f3ricos. El coordinador del Servicio Meteorol\u00f3gico Nacional (SMN), Fabi\u00e1n V\u00e1zquez Roma\u00f1a, se\u00f1al\u00f3 que estos c\u00e1lculos se apoyan en datos recopilados durante d\u00e9cadas, los cuales muestran que en promedio tres sistemas afectan la costa del <strong>Pac\u00edfico y dos el Atl\u00e1ntico<\/strong> cada a\u00f1o. Esta tendencia refuerza la importancia de prepararse desde antes del arranque formal de la <strong>temporada<\/strong>.<\/p>\n<h2>\u00bfCu\u00e1les son los nombres oficiales para los huracanes de 2026?<\/h2>\n<figure class=\"image\"><img loading=\"lazy\" decoding=\"async\" alt=\"\" height=\"511\" src=\"https:\/\/heraldodemexico.com.mx\/u\/fotografias\/m\/2025\/8\/5\/f768x1-1165103_1165230_5050.jpg\" width=\"768\"\/>&#13;<figcaption>Se espera que la temporada de huracanes comience en mayo | Archivo<\/figcaption>&#13;<br \/>\n<\/figure>\n<p>Las autoridades tambi\u00e9n informaron que el <strong>pron\u00f3stico oficial de ciclones<\/strong> ser\u00e1 presentado en abril, tras una reuni\u00f3n con instancias de Protecci\u00f3n Civil, donde se definir\u00e1n los escenarios esperados para ambas cuencas. Adem\u00e1s, se trabaja en el desarrollo de nuevas herramientas tecnol\u00f3gicas que permitan mejorar el monitoreo de tormentas y anticipar sus trayectorias, con el objetivo de fortalecer las acciones de prevenci\u00f3n y respuesta ante posibles afectaciones durante la <strong>temporada de huracanes<\/strong>.<\/p>\n<p>Cabe mencionar que se trata de <strong>informaci\u00f3n preliminar<\/strong>, por lo que estos datos podr\u00edan cambiar repentinamente, si as\u00ed lo consideran las autoridades, conforme se acerque la <strong>temporada de\u00a0huracanes<\/strong>.<\/p>\n<h2>As\u00ed puedes prepararte para la temporada de huracanes<\/h2>\n<figure class=\"image\"><img loading=\"lazy\" decoding=\"async\" alt=\"\" height=\"435\" src=\"https:\/\/heraldodemexico.com.mx\/u\/fotografias\/m\/2025\/5\/25\/f768x1-1132002_1132129_5050.jpg\" width=\"768\"\/>&#13;<figcaption>La recomendaci\u00f3n es estar pendiente a las actualizaciones oficiales | Archivo<\/figcaption>&#13;<br \/>\n<\/figure>\n<p>Protecci\u00f3n Civil define a los <strong>huracanes<\/strong> como sistemas de baja presi\u00f3n con vientos que pueden superar los 200 km\/h, capaces de generar inundaciones y da\u00f1os severos. Ante la proximidad de estas fechas, se <strong>recomienda<\/strong> a la poblaci\u00f3n:<\/p>\n<ol>&#13;<\/p>\n<li>Mantener actualizado el plan familiar de emergencias, incluyendo rutas de evacuaci\u00f3n y puntos de reuni\u00f3n.<\/li>\n<p>&#13;<\/p>\n<li>Contar con reservas de agua potable, alimentos no perecederos, medicinas y linternas.<\/li>\n<p>&#13;<\/p>\n<li>Monitorear los reportes oficiales del\u00a0SMN\u00a0y la Coordinaci\u00f3n Nacional de Protecci\u00f3n Civil<\/li>\n<p>&#13;<\/p>\n<li>Evitar acercarse a\u00a0r\u00edos, arroyos y zonas costeras\u00a0durante tormentas o huracanes.\u00a0<\/li>\n<p>&#13;\n<\/ol>\n<p>Las <strong>zonas m\u00e1s vulnerables<\/strong> durante esta\u00a0<strong>temporada<\/strong>\u00a0incluyen:<\/p>\n<ul>&#13;<\/p>\n<li>La costa del Pac\u00edfico: desde Guerrero hasta Baja California Sur.<\/li>\n<p>&#13;<\/p>\n<li>El Golfo de M\u00e9xico y la pen\u00ednsula de Yucat\u00e1n.<\/li>\n<p>&#13;<\/p>\n<li>Los estados centrales como Veracruz, Puebla y Oaxaca.<\/li>\n<p>&#13;<\/p>\n<li>Ciudades grandes como Ciudad de M\u00e9xico y Guadalajara, que enfrentan problemas de drenaje y encharcamientos ante lluvias fuertes.<\/li>\n<p>&#13;\n<\/ul>\n<\/p><\/div>\n<p><script>\n    !function(f,b,e,v,n,t,s)\n    {if(f.fbq)return;n=f.fbq=function(){n.callMethod?\n    n.callMethod.apply(n,arguments):n.queue.push(arguments)};\n    if(!f._fbq)f._fbq=n;n.push=n;n.loaded=!0;n.version='2.0';\n    n.queue=[];t=b.createElement(e);t.async=!0;\n    t.src=v;s=b.getElementsByTagName(e)[0];\n    s.parentNode.insertBefore(t,s)}(window, document,'script',\n    'https:\/\/connect.facebook.net\/en_US\/fbevents.js');\n    fbq('init', '237927003583820');\n    fbq('track', 'PageView');\n  <\/script><script>\n    !function(f,b,e,v,n,t,s)\n    {if(f.fbq)return;n=f.fbq=function(){n.callMethod?\n    n.callMethod.apply(n,arguments):n.queue.push(arguments)};\n    if(!f._fbq)f._fbq=n;n.push=n;n.loaded=!0;n.version='2.0';\n    n.queue=[];t=b.createElement(e);t.async=!0;\n    t.src=v;s=b.getElementsByTagName(e)[0];\n    s.parentNode.insertBefore(t,s)}(window, document,'script',\n    'https:\/\/connect.facebook.net\/en_US\/fbevents.js');\n    fbq('init', '802372280934901');\n    fbq('track', 'PageView');\n    <\/script><br \/>\n<br \/><\/p>\n","protected":false},"excerpt":{"rendered":"<p>La temporada de huracanes 2026 est\u00e1 por comenzar y, con ella, se prev\u00e9 la formaci\u00f3n de sistemas que impactar\u00e1n las costas de M\u00e9xico y el Caribe. Con el fin de que la ciudadan\u00eda tome precauciones, el Servicio Meteorol\u00f3gico Nacional (SMN) y organismos internacionales han detallado el calendario oficial, los nombres asignados a los ciclones y [&hellip;]<\/p>\n","protected":false},"author":2,"featured_media":3592,"comment_status":"","ping_status":"","sticky":false,"template":"","format":"standard","meta":{"footnotes":""},"categories":[2],"tags":[],"class_list":["post-3591","post","type-post","status-publish","format-standard","has-post-thumbnail","hentry","category-local"],"_links":{"self":[{"href":"https:\/\/conexion-mx.com\/index.php?rest_route=\/wp\/v2\/posts\/3591","targetHints":{"allow":["GET"]}}],"collection":[{"href":"https:\/\/conexion-mx.com\/index.php?rest_route=\/wp\/v2\/posts"}],"about":[{"href":"https:\/\/conexion-mx.com\/index.php?rest_route=\/wp\/v2\/types\/post"}],"author":[{"embeddable":true,"href":"https:\/\/conexion-mx.com\/index.php?rest_route=\/wp\/v2\/users\/2"}],"replies":[{"embeddable":true,"href":"https:\/\/conexion-mx.com\/index.php?rest_route=%2Fwp%2Fv2%2Fcomments&post=3591"}],"version-history":[{"count":0,"href":"https:\/\/conexion-mx.com\/index.php?rest_route=\/wp\/v2\/posts\/3591\/revisions"}],"wp:featuredmedia":[{"embeddable":true,"href":"https:\/\/conexion-mx.com\/index.php?rest_route=\/wp\/v2\/media\/3592"}],"wp:attachment":[{"href":"https:\/\/conexion-mx.com\/index.php?rest_route=%2Fwp%2Fv2%2Fmedia&parent=3591"}],"wp:term":[{"taxonomy":"category","embeddable":true,"href":"https:\/\/conexion-mx.com\/index.php?rest_route=%2Fwp%2Fv2%2Fcategories&post=3591"},{"taxonomy":"post_tag","embeddable":true,"href":"https:\/\/conexion-mx.com\/index.php?rest_route=%2Fwp%2Fv2%2Ftags&post=3591"}],"curies":[{"name":"wp","href":"https:\/\/api.w.org\/{rel}","templated":true}]}}