{"id":3595,"date":"2026-03-26T15:27:29","date_gmt":"2026-03-26T20:27:29","guid":{"rendered":"https:\/\/conexion-mx.com\/?p=3595"},"modified":"2026-03-26T15:27:29","modified_gmt":"2026-03-26T20:27:29","slug":"mi-inscripcion-fue-aceptada-en-la-pension-del-bienestar-2026-asi-puedes-saberlo","status":"publish","type":"post","link":"https:\/\/conexion-mx.com\/?p=3595","title":{"rendered":"\u00bfMi inscripci\u00f3n fue aceptada en la Pensi\u00f3n del Bienestar 2026? As\u00ed puedes saberlo"},"content":{"rendered":"<p> <br \/>\n<\/p>\n<div>\n<p>El registro a la <strong>Pensi\u00f3n para Personas con Discapacidad<\/strong> est\u00e1 abierto desde el lunes 23 de marzo y concluir\u00e1 el pr\u00f3ximo domingo 29 de este mes. Al igual que en otras convocatorias, la incorporaci\u00f3n debe realizarse de manera escalonada conforme a la letra inicial del primer apellido de los <strong>solicitantes <\/strong>y dado que el registro est\u00e1 por terminar, hay quienes se preguntan sobre el modo en que pueden confirmar que fueron <strong>aceptados <\/strong>para recibir el apoyo de <strong>3,300<\/strong> pesos bimestrales.<\/p>\n<p>De acuerdo con\u00a0la Secretar\u00eda de Bienestar, tras realizar el registro en el m\u00f3dulo, donde se\u00a0entrega\u00a0cada uno de los requisitos y se llena el formato de incorporaci\u00f3n, se les entregar\u00e1\u00a0un tal\u00f3n verde, en el que aparecen los\u00a0datos personales como nombre, CURP y tel\u00e9fono del solicitante, en el que vienen un folio. Con el que se puede dar\u00a0seguimiento al tr\u00e1mite.<\/p>\n<aside class=\"htmlinline\"\/>\n<p>El siguiente paso ser\u00e1 una evaluaci\u00f3n por parte de las autoridades de salud del certificado que se\u00f1ala la discapacidad, si cuenta con\u00a025% o m\u00e1s, ya es considerado una discapacidad\u00a0permanente en lo intelectual, f\u00edsico o emocional.<\/p>\n<div class=\"image-align-center\">\n<figure class=\"image\"><img loading=\"lazy\" decoding=\"async\" alt=\"\" height=\"614\" src=\"https:\/\/heraldodemexico.com.mx\/u\/fotografias\/m\/2026\/3\/26\/f768x1-1264133_1264260_5050.png\" width=\"768\"\/>&#13;<figcaption>As\u00ed puedes verificar tu estatus | ChatGPT<\/figcaption>&#13;<br \/>\n<\/figure>\n<\/div>\n<h2>As\u00ed puedes verificar tu estatus<\/h2>\n<p>Despu\u00e9s de realizar el registro en los m\u00f3dulos del Bienestar, las personas pueden consultar su estatus en el Padr\u00f3n \u00danico de Beneficiarios del gobierno federal,\u00a0donde se ofrece la lista de personas que ya fueron incorporadas en alguno de los\u00a0programas sociales, como el de Discapacidad.<\/p>\n<p>Una vez en el sitio web, se debe elegir el programa y buscar el nombre del\u00a0beneficiario, ah\u00ed tambi\u00e9n se se\u00f1alar\u00e1 la fecha en la que se hizo la validaci\u00f3n del\u00a0registro. Tambi\u00e9n pueden ingresar al sitio\u00a0https:\/\/sifub.bienestar.gob.mx\/app\/#\/login<\/p>\n<p>La entrega de tarjetas no es inmediata y ser\u00e1 la titular de esa dependencia quien de a conocer cu\u00e1ndo inicia el periodo de los pl\u00e1sticos, para ello los nuevos beneficiarios ser\u00e1n contactados al tel\u00e9fono que brindaron.<\/p>\n<h2>\u00bfCu\u00e1ndo tiempo debo esperar para la entrega de tarjetas<\/h2>\n<p>Luego de ser aceptado en el programa, la titular de la Secretar\u00eda de Bienestar, Ariadna Montiel, ser\u00e1 la encargada de dar a conocer el periodo en que se llevar\u00e1 a cabo la entrega de tarjetas del Banco del Bienestar, donde se depositar\u00e1n cada dos meses los apoyos econ\u00f3micos.<\/p>\n<p>Hasta dos meses despu\u00e9s del registro puede tardar la entrega de las tarjetas, y para recibirla ser\u00e1n contactados por el tel\u00e9fono que dieron en su solicitud de registro.&#13;<br \/>\n&#13;\n<\/p>\n<p>Recuerda que el registro es universal (de 0 a 64 a\u00f1os) en 24 estados: Baja California, Baja California Sur, Campeche, Chiapas,&#13;<br \/>\n&#13;\n<\/p>\n<p>Colima, Ciudad de M\u00e9xico, Estado de M\u00e9xico, Guerrero, Hidalgo, Michoac\u00e1n, Morelos, Nayarit, Oaxaca, Puebla, Quintana Roo, San Luis Potos\u00ed, Sinaloa, Sonora, Tabasco, Tamaulipas, Tlaxcala, Veracruz, Yucat\u00e1n y Zacatecas, mientras que en los restantes de\u00a0 0 a 29 a\u00f1os,\u00a0&#13;<br \/>\n&#13;\n<\/p>\n<h2>Quedan pocos d\u00edas para registro a pensi\u00f3n para personas con discapacidad<\/h2>\n<p>La secretaria de Bienestar, Ariadna Montiel Reyes, inform\u00f3 este jueves que est\u00e1 por concluir el registro a la Pensi\u00f3n para el Bienestar de las Personas con Discapacidad, cuyo plazo vence el domingo 29 de marzo, e hizo un llamado a la poblaci\u00f3n a acudir a los m\u00f3dulos habilitados para incorporarse al programa.&#13;<br \/>\n&#13;\n<\/p>\n<p>\u201cLa pensi\u00f3n otorga 3 mil 300 pesos bimestrales de manera directa y sin intermediarios a trav\u00e9s de la Tarjeta Bienestar\u201d, se\u00f1al\u00f3 la funcionaria, al recordar que este apoyo es un derecho establecido en el art\u00edculo cuarto de la Constituci\u00f3n.&#13;<br \/>\n&#13;\n<\/p>\n<p>Montiel Reyes indic\u00f3 que los m\u00f3dulos de registro operan de lunes a domingo, en un horario de diez de la ma\u00f1ana a cuatro de la tarde en todo el pa\u00eds. \u201cLa ubicaci\u00f3n de los m\u00f3dulos se puede consultar en la p\u00e1gina oficial de la Secretar\u00eda de Bienestar\u201d, precis\u00f3.&#13;<br \/>\n&#13;\n<\/p>\n<p>Con informaci\u00f3n de\u00a0V\u00edctor Ortega&#13;<br \/>\n&#13;\n<\/p>\n<p>\u00a0&#13;<br \/>\n&#13;<br \/>\n&#13;\n                                <\/p>\n<\/p><\/div>\n<p><script>\n    !function(f,b,e,v,n,t,s)\n    {if(f.fbq)return;n=f.fbq=function(){n.callMethod?\n    n.callMethod.apply(n,arguments):n.queue.push(arguments)};\n    if(!f._fbq)f._fbq=n;n.push=n;n.loaded=!0;n.version='2.0';\n    n.queue=[];t=b.createElement(e);t.async=!0;\n    t.src=v;s=b.getElementsByTagName(e)[0];\n    s.parentNode.insertBefore(t,s)}(window, document,'script',\n    'https:\/\/connect.facebook.net\/en_US\/fbevents.js');\n    fbq('init', '237927003583820');\n    fbq('track', 'PageView');\n  <\/script><script>\n    !function(f,b,e,v,n,t,s)\n    {if(f.fbq)return;n=f.fbq=function(){n.callMethod?\n    n.callMethod.apply(n,arguments):n.queue.push(arguments)};\n    if(!f._fbq)f._fbq=n;n.push=n;n.loaded=!0;n.version='2.0';\n    n.queue=[];t=b.createElement(e);t.async=!0;\n    t.src=v;s=b.getElementsByTagName(e)[0];\n    s.parentNode.insertBefore(t,s)}(window, document,'script',\n    'https:\/\/connect.facebook.net\/en_US\/fbevents.js');\n    fbq('init', '802372280934901');\n    fbq('track', 'PageView');\n    <\/script><br \/>\n<br \/><\/p>\n","protected":false},"excerpt":{"rendered":"<p>El registro a la Pensi\u00f3n para Personas con Discapacidad est\u00e1 abierto desde el lunes 23 de marzo y concluir\u00e1 el pr\u00f3ximo domingo 29 de este mes. Al igual que en otras convocatorias, la incorporaci\u00f3n debe realizarse de manera escalonada conforme a la letra inicial del primer apellido de los solicitantes y dado que el registro [&hellip;]<\/p>\n","protected":false},"author":2,"featured_media":3596,"comment_status":"","ping_status":"","sticky":false,"template":"","format":"standard","meta":{"footnotes":""},"categories":[2],"tags":[],"class_list":["post-3595","post","type-post","status-publish","format-standard","has-post-thumbnail","hentry","category-local"],"_links":{"self":[{"href":"https:\/\/conexion-mx.com\/index.php?rest_route=\/wp\/v2\/posts\/3595","targetHints":{"allow":["GET"]}}],"collection":[{"href":"https:\/\/conexion-mx.com\/index.php?rest_route=\/wp\/v2\/posts"}],"about":[{"href":"https:\/\/conexion-mx.com\/index.php?rest_route=\/wp\/v2\/types\/post"}],"author":[{"embeddable":true,"href":"https:\/\/conexion-mx.com\/index.php?rest_route=\/wp\/v2\/users\/2"}],"replies":[{"embeddable":true,"href":"https:\/\/conexion-mx.com\/index.php?rest_route=%2Fwp%2Fv2%2Fcomments&post=3595"}],"version-history":[{"count":0,"href":"https:\/\/conexion-mx.com\/index.php?rest_route=\/wp\/v2\/posts\/3595\/revisions"}],"wp:featuredmedia":[{"embeddable":true,"href":"https:\/\/conexion-mx.com\/index.php?rest_route=\/wp\/v2\/media\/3596"}],"wp:attachment":[{"href":"https:\/\/conexion-mx.com\/index.php?rest_route=%2Fwp%2Fv2%2Fmedia&parent=3595"}],"wp:term":[{"taxonomy":"category","embeddable":true,"href":"https:\/\/conexion-mx.com\/index.php?rest_route=%2Fwp%2Fv2%2Fcategories&post=3595"},{"taxonomy":"post_tag","embeddable":true,"href":"https:\/\/conexion-mx.com\/index.php?rest_route=%2Fwp%2Fv2%2Ftags&post=3595"}],"curies":[{"name":"wp","href":"https:\/\/api.w.org\/{rel}","templated":true}]}}