{"id":3597,"date":"2026-03-26T15:40:44","date_gmt":"2026-03-26T20:40:44","guid":{"rendered":"https:\/\/conexion-mx.com\/?p=3597"},"modified":"2026-03-26T15:40:44","modified_gmt":"2026-03-26T20:40:44","slug":"julion-alvarez-anuncia-el-nacimiento-de-su-hijo-a-quien-llama-charrito-y-muestra-su-primer-video-junto-a-su-bebe","status":"publish","type":"post","link":"https:\/\/conexion-mx.com\/?p=3597","title":{"rendered":"Juli\u00f3n \u00c1lvarez anuncia el nacimiento de su hijo a quien llama \u00abCharrito\u00bb y muestra su primer VIDEO junto a su beb\u00e9"},"content":{"rendered":"<p> <br \/>\n<\/p>\n<div>\n<p>El gremio de la m\u00fasica regional mexicana se encuentra de manteles largos, luego de que <strong>Juli\u00f3n \u00c1lvarez<\/strong> anunci\u00f3 a trav\u00e9s de sus redes sociales oficiales el nacimiento de su tercer hijo, a quien con pocas horas de nacido, ya llama de manera cari\u00f1osa \u201c<strong>Charrito<\/strong>\u201d.<\/p>\n<p>El int\u00e9rprete de temas como <strong>\u201cRegalo de Dios\u201d, \u201cRey sin reina\u201d, \u201cOjos verdes\u201d, \u201cTerrenal\u201d,<\/strong> entre muchas otras m\u00e1s comparti\u00f3 el gran momento con sus amigos, familiares y miles de fan\u00e1ticos. Cabe mencionar que Juli\u00f3n no hab\u00eda dicho nada sobre el embarazo de su esposa <strong>Nathaly<\/strong>.<\/p>\n<aside class=\"htmlinline\"\/>\n<div class=\"image-align-center\">\n<figure class=\"image\"><img decoding=\"async\" alt=\"\" src=\"https:\/\/heraldodemexico.com.mx\/u\/fotografias\/m\/2026\/3\/26\/f768x1-1264132_1264259_5050.png\"\/>&#13;<figcaption>Foto:\u00a0IG @lospasosdejulion<\/figcaption>&#13;<br \/>\n<\/figure>\n<\/div>\n<h2>Juli\u00f3n \u00c1lvarez presume a su Charrito<\/h2>\n<p>Como todo un padre orgulloso, el cantante tambi\u00e9n conocido como <strong>\u201cEl rey de la taquilla\u201d <\/strong>comparti\u00f3 esta tarde una fotograf\u00eda en donde muestra las manos de su esposa Nathaly, de sus hijas, la de \u00e9l y la de su reci\u00e9n nacido hijo a quien llama <strong>Charrito<\/strong>.<\/p>\n<blockquote><p>&#13;<\/p>\n<p>\u201cCon mucha felicidad les compartimos a todos ustedes que nuevamente somos Padres !! Llega a nuestra familia mi ni\u00f1o, mi Charrito Alvarez!!! Familia, amigos y seguidores \u2026 muchas gracias por tantas muestras de cari\u00f1o y bonitos deseos . Saludotes a todos !!!\u201d, escribi\u00f3 el cantante<\/p>\n<p>&#13;\n<\/p><\/blockquote>\n<p>Cabe mencionar que <strong>Juli\u00f3n \u00c1lvarez <\/strong>no revel\u00f3 el nombre de su beb\u00e9, solo mencion\u00f3 que ya le dice de cari\u00f1o \u201c<strong>Charrito<\/strong>\u201d, sin embargo, en comentarios algunos llaman al peque\u00f1o C\u00e9sar, el cual es el segundo nombre del cantante, por lo que presuntamente este podr\u00eda ser el nombre del beb\u00e9.<\/p>\n<p>Tampoco, <strong>Juli\u00f3n<\/strong> revel\u00f3 m\u00e1s detalles como el d\u00eda exacto del nacimiento de su hijo menor, sin embargo el cantante s\u00ed comparti\u00f3 el primer video oficial de su peque\u00f1o, y es que el clip ya se ha <strong>viralizado<\/strong> pues se muestra a un <strong>Juli\u00f3n <\/strong>que pocos conoc\u00edan, sin embargo el int\u00e9rprete revel\u00f3 que se encuentra muy desvelado ya que ha estado al pendiente de su beb\u00e9.<\/p>\n<blockquote><p>&#13;<\/p>\n<p>\u201cMe tiene muy desvelado, ha sido mucha ch*nga cuidando ni\u00f1os\u201d, se escucha decir a Juli\u00f3n<\/p>\n<p>&#13;\n<\/p><\/blockquote>\n<h2>\u00bfCu\u00e1ntos hijos tiene Juli\u00f3n \u00c1lvarez?<\/h2>\n<p>Tras anunciar el nacimiento de su peque\u00f1o \u201c<strong>Charrito<\/strong>\u201d, muchos se preguntan sobre cu\u00e1ntos hijos tiene el cantante, y es que el int\u00e9rprete de <strong>\u201cOjos Verdes\u201d<\/strong> debut\u00f3 como pap\u00e1 en el a\u00f1o 2018 con la llegada de su primog\u00e9nita a quien llam\u00f3 <strong>Mar\u00eda Isabel.<\/strong>&#13;<br \/>\n&#13;\n<\/p>\n<p>Tan solo un a\u00f1o despu\u00e9s, en <strong>2019<\/strong> naci\u00f3 su segunda hija llamada <strong>Mar\u00eda Julia <\/strong>y siete a\u00f1os despu\u00e9s en marzo de este 2026 el cantante anunci\u00f3 el nacimiento de su tercer hijo a quien de cari\u00f1o llama <strong>\u201cCharrito\u201d.<\/strong>&#13;<br \/>\n&#13;\n<\/p>\n<p>\u00a0&#13;<br \/>\n&#13;<br \/>\n&#13;\n                                <\/p>\n<\/p><\/div>\n<p><script>\n    !function(f,b,e,v,n,t,s)\n    {if(f.fbq)return;n=f.fbq=function(){n.callMethod?\n    n.callMethod.apply(n,arguments):n.queue.push(arguments)};\n    if(!f._fbq)f._fbq=n;n.push=n;n.loaded=!0;n.version='2.0';\n    n.queue=[];t=b.createElement(e);t.async=!0;\n    t.src=v;s=b.getElementsByTagName(e)[0];\n    s.parentNode.insertBefore(t,s)}(window, document,'script',\n    'https:\/\/connect.facebook.net\/en_US\/fbevents.js');\n    fbq('init', '237927003583820');\n    fbq('track', 'PageView');\n  <\/script><script>\n    !function(f,b,e,v,n,t,s)\n    {if(f.fbq)return;n=f.fbq=function(){n.callMethod?\n    n.callMethod.apply(n,arguments):n.queue.push(arguments)};\n    if(!f._fbq)f._fbq=n;n.push=n;n.loaded=!0;n.version='2.0';\n    n.queue=[];t=b.createElement(e);t.async=!0;\n    t.src=v;s=b.getElementsByTagName(e)[0];\n    s.parentNode.insertBefore(t,s)}(window, document,'script',\n    'https:\/\/connect.facebook.net\/en_US\/fbevents.js');\n    fbq('init', '775201487065840');\n    fbq('track', 'PageView');\n    <\/script><br \/>\n<br \/><\/p>\n","protected":false},"excerpt":{"rendered":"<p>El gremio de la m\u00fasica regional mexicana se encuentra de manteles largos, luego de que Juli\u00f3n \u00c1lvarez anunci\u00f3 a trav\u00e9s de sus redes sociales oficiales el nacimiento de su tercer hijo, a quien con pocas horas de nacido, ya llama de manera cari\u00f1osa \u201cCharrito\u201d. El int\u00e9rprete de temas como \u201cRegalo de Dios\u201d, \u201cRey sin reina\u201d, [&hellip;]<\/p>\n","protected":false},"author":3,"featured_media":3598,"comment_status":"","ping_status":"","sticky":false,"template":"","format":"standard","meta":{"footnotes":""},"categories":[35],"tags":[],"class_list":["post-3597","post","type-post","status-publish","format-standard","has-post-thumbnail","hentry","category-espectaculos"],"_links":{"self":[{"href":"https:\/\/conexion-mx.com\/index.php?rest_route=\/wp\/v2\/posts\/3597","targetHints":{"allow":["GET"]}}],"collection":[{"href":"https:\/\/conexion-mx.com\/index.php?rest_route=\/wp\/v2\/posts"}],"about":[{"href":"https:\/\/conexion-mx.com\/index.php?rest_route=\/wp\/v2\/types\/post"}],"author":[{"embeddable":true,"href":"https:\/\/conexion-mx.com\/index.php?rest_route=\/wp\/v2\/users\/3"}],"replies":[{"embeddable":true,"href":"https:\/\/conexion-mx.com\/index.php?rest_route=%2Fwp%2Fv2%2Fcomments&post=3597"}],"version-history":[{"count":0,"href":"https:\/\/conexion-mx.com\/index.php?rest_route=\/wp\/v2\/posts\/3597\/revisions"}],"wp:featuredmedia":[{"embeddable":true,"href":"https:\/\/conexion-mx.com\/index.php?rest_route=\/wp\/v2\/media\/3598"}],"wp:attachment":[{"href":"https:\/\/conexion-mx.com\/index.php?rest_route=%2Fwp%2Fv2%2Fmedia&parent=3597"}],"wp:term":[{"taxonomy":"category","embeddable":true,"href":"https:\/\/conexion-mx.com\/index.php?rest_route=%2Fwp%2Fv2%2Fcategories&post=3597"},{"taxonomy":"post_tag","embeddable":true,"href":"https:\/\/conexion-mx.com\/index.php?rest_route=%2Fwp%2Fv2%2Ftags&post=3597"}],"curies":[{"name":"wp","href":"https:\/\/api.w.org\/{rel}","templated":true}]}}