{"id":3609,"date":"2026-03-27T18:47:05","date_gmt":"2026-03-27T23:47:05","guid":{"rendered":"https:\/\/conexion-mx.com\/?p=3609"},"modified":"2026-03-27T18:47:05","modified_gmt":"2026-03-27T23:47:05","slug":"familia-se-vuelve-viral-por-hacer-su-mudanza-en-un-auto-compacto-y-ahorrarse-el-flete-video","status":"publish","type":"post","link":"https:\/\/conexion-mx.com\/?p=3609","title":{"rendered":"Familia se vuelve viral por hacer su mudanza en un auto compacto y ahorrarse el flete | VIDEO"},"content":{"rendered":"<p> <br \/>\n<\/p>\n<div itemprop=\"articleBody\">\n<div class=\"txt_contenido\">\n<p>Un video se acaba de hacer viral en las <strong>redes sociales<\/strong>, pues <strong>grabaron<\/strong> <strong>a una familia<\/strong> que decidi\u00f3 no contratar un flete para realizar su <strong>mudanza<\/strong>, por lo que utilizaron el peque\u00f1o autom\u00f3vil compacto de casa para trasladar toda clase de muebles. Esto fue curioso en la carretera, por lo que comenzaron a compararlo con las caricaturas.<\/p>\n<p>\u00abImag\u00ednate vivir en Suiza y perderte esto\u00bb, fueron las palabras que se pueden leer en la descripci\u00f3n, mientras que el video agrega: \u00abUn flete, no gracias, tengo un <strong>Corsa<\/strong>\u00ab, refiri\u00e9ndose al <strong>modelo del autom\u00f3vil<\/strong>, ya que se trata de un <strong>autom\u00f3vil de la compa\u00f1\u00eda<\/strong> <strong>Chevrolet<\/strong>, aproximadamente de los a\u00f1os dosmiles.<\/p>\n<aside class=\"htmlinline\"\/>\n<p>En el video se puede ver que lleva por lo menos cinco <strong>colchones<\/strong> matrimoniales, adem\u00e1s de otro par individuales, as\u00ed como un <strong>bur\u00f3<\/strong> y hasta arriba de todo una de las <strong>bases para cama<\/strong>. Todo est\u00e1 <strong>amarrado milim\u00e9tricamente<\/strong> con una <strong>soga<\/strong>, aunque se desconoce si lleva la <strong>suficiente fuerza<\/strong> como para evitar que todo eso se caiga.\u00a0<\/p>\n<h2>Mudanza se hace viral en Argentina<\/h2>\n<p>A primera vista se puede ver que el <strong>Corsa<\/strong> tambi\u00e9n tiene el interior completamente lleno de cosas, pues \u00fanicamente el piloto es quien est\u00e1 arriba del autom\u00f3vil. Los <strong>comentarios<\/strong> inmediatamente se salieron de control en el video que acumul\u00f3 <strong>millones de reproducciones<\/strong> en la plataforma.\u00a0<\/p>\n<p>Adem\u00e1s, en los comentarios aparecieron videos del mismo <strong>Corsa<\/strong>, as\u00ed como fotograf\u00edas que tomaron otras personas. El autom\u00f3vil se volvi\u00f3 viral en todas las calles de la provincia de <strong>Buenos Aires<\/strong>, como lo se\u00f1alaron algunos de los reportes de los usuarios de la plataforma. Hasta el momento no ha salido al p\u00fablico el due\u00f1o del autom\u00f3vil.<\/p>\n<p>Estos fueron algunos de los comentarios m\u00e1s populares.<\/p>\n<p>\u00a0<\/p>\n<ul>&#13;<\/p>\n<li>en mi familia tenemos un corsa y subimos como 10 personas para salir con amigos. Aguanten los corsas jajajaj<\/li>\n<p>&#13;<\/p>\n<li>a ese lo vi ayer cuando volv\u00eda del laburo y el colectivero se re\u00eda JAJAJAJAJAJAJ<\/li>\n<p>&#13;<\/p>\n<li>con Milei ni para el flete hay plata<\/li>\n<p>&#13;<\/p>\n<li>se ahorro como 300 mil de flete si no es m\u00e1s<\/li>\n<p>&#13;<\/p>\n<li>Yo queriendo hacer todo sola sin pedirle ayuda a nadie<\/li>\n<p>&#13;\n<\/ul>\n<\/p><\/div>\n<\/p><\/div>\n<p><script>\n    !function(f,b,e,v,n,t,s)\n    {if(f.fbq)return;n=f.fbq=function(){n.callMethod?\n    n.callMethod.apply(n,arguments):n.queue.push(arguments)};\n    if(!f._fbq)f._fbq=n;n.push=n;n.loaded=!0;n.version='2.0';\n    n.queue=[];t=b.createElement(e);t.async=!0;\n    t.src=v;s=b.getElementsByTagName(e)[0];\n    s.parentNode.insertBefore(t,s)}(window, document,'script',\n    'https:\/\/connect.facebook.net\/en_US\/fbevents.js');\n    fbq('init', '237927003583820');\n    fbq('track', 'PageView');\n  <\/script><script>\n    !function(f,b,e,v,n,t,s)\n    {if(f.fbq)return;n=f.fbq=function(){n.callMethod?\n    n.callMethod.apply(n,arguments):n.queue.push(arguments)};\n    if(!f._fbq)f._fbq=n;n.push=n;n.loaded=!0;n.version='2.0';\n    n.queue=[];t=b.createElement(e);t.async=!0;\n    t.src=v;s=b.getElementsByTagName(e)[0];\n    s.parentNode.insertBefore(t,s)}(window, document,'script',\n    'https:\/\/connect.facebook.net\/en_US\/fbevents.js');\n    fbq('init', '775201487065840');\n    fbq('track', 'PageView');\n    <\/script><br \/>\n<br \/><\/p>\n","protected":false},"excerpt":{"rendered":"<p>Un video se acaba de hacer viral en las redes sociales, pues grabaron a una familia que decidi\u00f3 no contratar un flete para realizar su mudanza, por lo que utilizaron el peque\u00f1o autom\u00f3vil compacto de casa para trasladar toda clase de muebles. Esto fue curioso en la carretera, por lo que comenzaron a compararlo con [&hellip;]<\/p>\n","protected":false},"author":3,"featured_media":3610,"comment_status":"","ping_status":"","sticky":false,"template":"","format":"standard","meta":{"footnotes":""},"categories":[35],"tags":[],"class_list":["post-3609","post","type-post","status-publish","format-standard","has-post-thumbnail","hentry","category-espectaculos"],"_links":{"self":[{"href":"https:\/\/conexion-mx.com\/index.php?rest_route=\/wp\/v2\/posts\/3609","targetHints":{"allow":["GET"]}}],"collection":[{"href":"https:\/\/conexion-mx.com\/index.php?rest_route=\/wp\/v2\/posts"}],"about":[{"href":"https:\/\/conexion-mx.com\/index.php?rest_route=\/wp\/v2\/types\/post"}],"author":[{"embeddable":true,"href":"https:\/\/conexion-mx.com\/index.php?rest_route=\/wp\/v2\/users\/3"}],"replies":[{"embeddable":true,"href":"https:\/\/conexion-mx.com\/index.php?rest_route=%2Fwp%2Fv2%2Fcomments&post=3609"}],"version-history":[{"count":0,"href":"https:\/\/conexion-mx.com\/index.php?rest_route=\/wp\/v2\/posts\/3609\/revisions"}],"wp:featuredmedia":[{"embeddable":true,"href":"https:\/\/conexion-mx.com\/index.php?rest_route=\/wp\/v2\/media\/3610"}],"wp:attachment":[{"href":"https:\/\/conexion-mx.com\/index.php?rest_route=%2Fwp%2Fv2%2Fmedia&parent=3609"}],"wp:term":[{"taxonomy":"category","embeddable":true,"href":"https:\/\/conexion-mx.com\/index.php?rest_route=%2Fwp%2Fv2%2Fcategories&post=3609"},{"taxonomy":"post_tag","embeddable":true,"href":"https:\/\/conexion-mx.com\/index.php?rest_route=%2Fwp%2Fv2%2Ftags&post=3609"}],"curies":[{"name":"wp","href":"https:\/\/api.w.org\/{rel}","templated":true}]}}