{"id":3611,"date":"2026-03-27T23:04:54","date_gmt":"2026-03-28T04:04:54","guid":{"rendered":"https:\/\/conexion-mx.com\/?p=3611"},"modified":"2026-03-27T23:04:54","modified_gmt":"2026-03-28T04:04:54","slug":"guia-de-fin-de-semana-en-cdmx-del-carnaval-al-paseo-nocturno-los-mejores-planes-de-marzo","status":"publish","type":"post","link":"https:\/\/conexion-mx.com\/?p=3611","title":{"rendered":"Gu\u00eda de fin de semana en CDMX: Del Carnaval al Paseo Nocturno, los mejores planes de marzo"},"content":{"rendered":"<p> <br \/>\n<\/p>\n<div itemprop=\"articleBody\">\n<div class=\"txt_contenido\">\n<p>Si est\u00e1s en la Ciudad de M\u00e9xico y a\u00fan no tienes planes, aqu\u00ed te dejamos algunas sugerencias para realizar con tu familia o amigos.\u00a0<\/p>\n<h2>El 27 de marzo es el D\u00eda Mundial del Teatro y la CDMX lo tira la casa por la ventana.<\/h2>\n<p>Cenart: El Centro Nacional de las Artes tendr\u00e1 una cartelera especial el s\u00e1bado 28 y domingo 29. Podr\u00e1s ver obras como Cornelia coraz\u00f3n de at\u00fan (clown) y Shakespeare al aire libre en los prados del CCC. \u00a1Ideal para ir con ni\u00f1os!<\/p>\n<aside class=\"htmlinline\"\/>\n<p>Teatro UNAM: El Centro Cultural Universitario ofrece funciones gratuitas y actividades especiales para j\u00f3venes audiencias. No te pierdas la obra Alba en el Teatro Santa Catarina el domingo 29 a las 20:00 h.<\/p>\n<h2>Actividades al Aire Libre: Carnavales y Flores<\/h2>\n<p>Aprovecha que el clima est\u00e1 de nuestro lado para disfrutar de estos eventos:<\/p>\n<p>Carnaval de Carnavales 2026: El domingo 29, a partir de las 15:00 h, m\u00e1s de 60 comparsas de chinelos y charros desfilar\u00e1n desde el Monumento a la Revoluci\u00f3n hasta el Z\u00f3calo. Es un estallido de color y m\u00fasica perfecto para fotos incre\u00edbles.<\/p>\n<p>Paseo Nocturno de Primavera: Prepara la bici o los patines. Este s\u00e1bado 28 (o domingo 29, seg\u00fan la ruta oficial) se espera el tradicional recorrido por Reforma y Chapultepec bajo las luces de la ciudad.<\/p>\n<h2>Museos y Talleres: Entre el Arte y el Futbol<\/h2>\n<p>La ciudad ya calienta motores para el Mundial 2026, y los museos son parte de la fiesta:<\/p>\n<p>Museo Franz Mayer: Visita la exposici\u00f3n \u201cFutbol: Dise\u00f1ando una pasi\u00f3n\u201d. Adem\u00e1s, el Huerto Roma Verde ofrece talleres de \u00abelixires curativos\u00bb y di\u00e1logos ambientales este 29 y 30 de marzo.&#13;<br \/>\n&#13;\n<\/p>\n<p>Palacio de Bellas Artes: No te pierdas la reci\u00e9n inaugurada expo \u201cAztL\u00c1n, t\u00fanel del tiempo\u201d, que explora el arte chicano a trav\u00e9s de 70 obras impactantes.&#13;<br \/>\n&#13;\n<\/p>\n<h2>Conciertos y M\u00fasica para Todos<\/h2>\n<p>Feria del Rock en el Futurama: El domingo 29 en el Centro Cultural Futurama (GAM) habr\u00e1 un bazar de vinilos y conciertos gratuitos de rock y metal de 11:00 a 18:00 h.&#13;<br \/>\n&#13;\n<\/p>\n<p>Baile en Xochimilco: Si lo tuyo es el baile, l\u00e1nzate a la explanada de la alcald\u00eda. El viernes 27 estar\u00e1 la Sonora Santanera y el s\u00e1bado 28 La Tremenda Korte. \u00a1Ritmo garantizado!&#13;<br \/>\n&#13;<br \/>\n&#13;\n                                <\/p>\n<\/p><\/div>\n<\/p><\/div>\n<p><script>\n    !function(f,b,e,v,n,t,s)\n    {if(f.fbq)return;n=f.fbq=function(){n.callMethod?\n    n.callMethod.apply(n,arguments):n.queue.push(arguments)};\n    if(!f._fbq)f._fbq=n;n.push=n;n.loaded=!0;n.version='2.0';\n    n.queue=[];t=b.createElement(e);t.async=!0;\n    t.src=v;s=b.getElementsByTagName(e)[0];\n    s.parentNode.insertBefore(t,s)}(window, document,'script',\n    'https:\/\/connect.facebook.net\/en_US\/fbevents.js');\n    fbq('init', '237927003583820');\n    fbq('track', 'PageView');\n  <\/script><script>\n    !function(f,b,e,v,n,t,s)\n    {if(f.fbq)return;n=f.fbq=function(){n.callMethod?\n    n.callMethod.apply(n,arguments):n.queue.push(arguments)};\n    if(!f._fbq)f._fbq=n;n.push=n;n.loaded=!0;n.version='2.0';\n    n.queue=[];t=b.createElement(e);t.async=!0;\n    t.src=v;s=b.getElementsByTagName(e)[0];\n    s.parentNode.insertBefore(t,s)}(window, document,'script',\n    'https:\/\/connect.facebook.net\/en_US\/fbevents.js');\n    fbq('init', '1188480345046653');\n    fbq('track', 'PageView');\n    <\/script><br \/>\n<br \/><\/p>\n","protected":false},"excerpt":{"rendered":"<p>Si est\u00e1s en la Ciudad de M\u00e9xico y a\u00fan no tienes planes, aqu\u00ed te dejamos algunas sugerencias para realizar con tu familia o amigos.\u00a0 El 27 de marzo es el D\u00eda Mundial del Teatro y la CDMX lo tira la casa por la ventana. Cenart: El Centro Nacional de las Artes tendr\u00e1 una cartelera especial [&hellip;]<\/p>\n","protected":false},"author":3,"featured_media":3612,"comment_status":"","ping_status":"","sticky":false,"template":"","format":"standard","meta":{"footnotes":""},"categories":[34],"tags":[],"class_list":["post-3611","post","type-post","status-publish","format-standard","has-post-thumbnail","hentry","category-sociedad"],"_links":{"self":[{"href":"https:\/\/conexion-mx.com\/index.php?rest_route=\/wp\/v2\/posts\/3611","targetHints":{"allow":["GET"]}}],"collection":[{"href":"https:\/\/conexion-mx.com\/index.php?rest_route=\/wp\/v2\/posts"}],"about":[{"href":"https:\/\/conexion-mx.com\/index.php?rest_route=\/wp\/v2\/types\/post"}],"author":[{"embeddable":true,"href":"https:\/\/conexion-mx.com\/index.php?rest_route=\/wp\/v2\/users\/3"}],"replies":[{"embeddable":true,"href":"https:\/\/conexion-mx.com\/index.php?rest_route=%2Fwp%2Fv2%2Fcomments&post=3611"}],"version-history":[{"count":0,"href":"https:\/\/conexion-mx.com\/index.php?rest_route=\/wp\/v2\/posts\/3611\/revisions"}],"wp:featuredmedia":[{"embeddable":true,"href":"https:\/\/conexion-mx.com\/index.php?rest_route=\/wp\/v2\/media\/3612"}],"wp:attachment":[{"href":"https:\/\/conexion-mx.com\/index.php?rest_route=%2Fwp%2Fv2%2Fmedia&parent=3611"}],"wp:term":[{"taxonomy":"category","embeddable":true,"href":"https:\/\/conexion-mx.com\/index.php?rest_route=%2Fwp%2Fv2%2Fcategories&post=3611"},{"taxonomy":"post_tag","embeddable":true,"href":"https:\/\/conexion-mx.com\/index.php?rest_route=%2Fwp%2Fv2%2Ftags&post=3611"}],"curies":[{"name":"wp","href":"https:\/\/api.w.org\/{rel}","templated":true}]}}