{"id":3621,"date":"2026-03-28T22:03:09","date_gmt":"2026-03-29T03:03:09","guid":{"rendered":"https:\/\/conexion-mx.com\/?p=3621"},"modified":"2026-03-28T22:03:09","modified_gmt":"2026-03-29T03:03:09","slug":"belinda-manda-mensaje-a-su-ex-giovanni-dos-santos-esta-es-la-playera-que-utilizo-en-un-evento-publico","status":"publish","type":"post","link":"https:\/\/conexion-mx.com\/?p=3621","title":{"rendered":"\u00bfBelinda manda mensaje a su ex Giovanni Dos Santos? Esta es la playera que utiliz\u00f3 en un evento p\u00fablico"},"content":{"rendered":"<p> <br \/>\n<\/p>\n<div>\n<p>La cantante y actriz <strong>Belinda<\/strong> hizo un viaje desde Espa\u00f1a, donde realiza grabaciones de la serie <strong>Carlota<\/strong>. Seg\u00fan fuentes de la producci\u00f3n, la int\u00e9rprete hizo una pausa en su agenda para trasladarse a la <strong>Ciudad de M\u00e9xico<\/strong> con un objetivo, el de\u00a0grabar una canci\u00f3n en apoyo a la <strong>Selecci\u00f3n Mexicana<\/strong> para el <strong>Mundial de Futbol\u00a0<\/strong>de este 2026.<\/p>\n<p>El compromiso se transform\u00f3 en un fen\u00f3meno en redes tras la aparici\u00f3n de la artista en un evento para anunciar su siguiente canci\u00f3n. <strong>Belinda<\/strong> particip\u00f3 en una activaci\u00f3n de una <strong>marca de botanas<\/strong> con la indumentaria del conjunto tricolor. Un detalle en su vestimenta atrajo la atenci\u00f3n,\u00a0la playera <strong>luc\u00eda el n\u00famero 10 en el dorsal<\/strong>, cifra vinculada a integrantes del balompi\u00e9 nacional.<\/p>\n<aside class=\"htmlinline\"\/>\n<h2>\u00bfBelinda env\u00eda mensaje a Giovanni Dos Santos?<\/h2>\n<p>La elecci\u00f3n del n\u00famero gener\u00f3 especulaciones entre seguidores. Los usuarios mencionaron que el uso del \u00ab<strong>10<\/strong>\u00bb representa un gui\u00f1o hacia su expareja, el <strong>futbolista Giovani dos Santos<\/strong>, quien port\u00f3 ese n\u00famero en su etapa con la <strong>Selecci\u00f3n Mexicana<\/strong>. La relaci\u00f3n entre ambos figura como un <strong>tema de conversaci\u00f3n<\/strong> para el p\u00fablico que busca se\u00f1ales en los movimientos de la cantante.<\/p>\n<aside class=\"relacionadas con-foto linea-1078\"><strong class=\"relacionadas-titulo-gral\">Noticias Relacionadas<\/strong><\/aside>\n<p><strong>Belinda<\/strong> se enfoc\u00f3 en la <strong>promoci\u00f3n de la marca<\/strong> y en sus proyectos, sin dar declaraciones sobre su vida o el significado del uniforme. Tras cumplir con la agenda de horas en <strong>suelo mexicano<\/strong>, la artista regresar\u00e1\u00a0a <strong>territorio espa\u00f1ol<\/strong> para reincorporarse al set de filmaci\u00f3n.<\/p>\n<h2>\u00bfQui\u00e9n es Giovanni Dos Santos?<\/h2>\n<p><strong>Giovani dos Santos<\/strong> es un exfutbolista mexicano que destac\u00f3 como uno de los talentos m\u00e1s prometedores de su generaci\u00f3n, tras formarse en la cantera del F<strong>.C. Barcelona<\/strong>. Alcanz\u00f3 el reconocimiento internacional al liderar a la <strong>Selecci\u00f3n Mexicana<\/strong> en la obtenci\u00f3n del <strong>Campeonato Mundial Sub-17 en 2005<\/strong>, lo que le vali\u00f3 el apodo de \u00abjoya\u00bb del f\u00fatbol nacional.<\/p>\n<p>A lo largo de su carrera profesional, milit\u00f3 en diversos clubes de <strong>ligas de \u00e9lite<\/strong>, incluyendo el <strong>Tottenham Hotspur<\/strong> en Inglaterra, el <strong>Villarreal<\/strong> y el <strong>Mallorca<\/strong> en Espa\u00f1a, as\u00ed como el <strong>LA Galaxy en la MLS<\/strong> y el <strong>Club Am\u00e9rica<\/strong> en M\u00e9xico, donde finalmente le puso un freno a sus actuaciones en el campo.<\/p>\n<p>En el \u00e1mbito de la Selecci\u00f3n Mayor, <strong>Dos Santos<\/strong> se consolid\u00f3 como una pieza fundamental durante m\u00e1s de una d\u00e9cada, participando en <strong>tres Copas del<\/strong> M<strong>u<\/strong>ndo (2010, 2014 y 2018) y logrando la <strong>medalla de oro en los Juegos Ol\u00edmpicos<\/strong> de <strong>Londres 2012<\/strong>. Es recordado especialmente por su t\u00e9cnica individual, su capacidad de regate o\u00a0goles emblem\u00e1ticos, como el anotado contra Estados <strong>Unidos<\/strong> en la final de la <strong>Copa Oro 2011<\/strong>.<\/p>\n<\/p><\/div>\n<p><script>\n    !function(f,b,e,v,n,t,s)\n    {if(f.fbq)return;n=f.fbq=function(){n.callMethod?\n    n.callMethod.apply(n,arguments):n.queue.push(arguments)};\n    if(!f._fbq)f._fbq=n;n.push=n;n.loaded=!0;n.version='2.0';\n    n.queue=[];t=b.createElement(e);t.async=!0;\n    t.src=v;s=b.getElementsByTagName(e)[0];\n    s.parentNode.insertBefore(t,s)}(window, document,'script',\n    'https:\/\/connect.facebook.net\/en_US\/fbevents.js');\n    fbq('init', '237927003583820');\n    fbq('track', 'PageView');\n  <\/script><script>\n    !function(f,b,e,v,n,t,s)\n    {if(f.fbq)return;n=f.fbq=function(){n.callMethod?\n    n.callMethod.apply(n,arguments):n.queue.push(arguments)};\n    if(!f._fbq)f._fbq=n;n.push=n;n.loaded=!0;n.version='2.0';\n    n.queue=[];t=b.createElement(e);t.async=!0;\n    t.src=v;s=b.getElementsByTagName(e)[0];\n    s.parentNode.insertBefore(t,s)}(window, document,'script',\n    'https:\/\/connect.facebook.net\/en_US\/fbevents.js');\n    fbq('init', '775201487065840');\n    fbq('track', 'PageView');\n    <\/script><br \/>\n<br \/><\/p>\n","protected":false},"excerpt":{"rendered":"<p>La cantante y actriz Belinda hizo un viaje desde Espa\u00f1a, donde realiza grabaciones de la serie Carlota. Seg\u00fan fuentes de la producci\u00f3n, la int\u00e9rprete hizo una pausa en su agenda para trasladarse a la Ciudad de M\u00e9xico con un objetivo, el de\u00a0grabar una canci\u00f3n en apoyo a la Selecci\u00f3n Mexicana para el Mundial de Futbol\u00a0de [&hellip;]<\/p>\n","protected":false},"author":3,"featured_media":3622,"comment_status":"","ping_status":"","sticky":false,"template":"","format":"standard","meta":{"footnotes":""},"categories":[35],"tags":[],"class_list":["post-3621","post","type-post","status-publish","format-standard","has-post-thumbnail","hentry","category-espectaculos"],"_links":{"self":[{"href":"https:\/\/conexion-mx.com\/index.php?rest_route=\/wp\/v2\/posts\/3621","targetHints":{"allow":["GET"]}}],"collection":[{"href":"https:\/\/conexion-mx.com\/index.php?rest_route=\/wp\/v2\/posts"}],"about":[{"href":"https:\/\/conexion-mx.com\/index.php?rest_route=\/wp\/v2\/types\/post"}],"author":[{"embeddable":true,"href":"https:\/\/conexion-mx.com\/index.php?rest_route=\/wp\/v2\/users\/3"}],"replies":[{"embeddable":true,"href":"https:\/\/conexion-mx.com\/index.php?rest_route=%2Fwp%2Fv2%2Fcomments&post=3621"}],"version-history":[{"count":0,"href":"https:\/\/conexion-mx.com\/index.php?rest_route=\/wp\/v2\/posts\/3621\/revisions"}],"wp:featuredmedia":[{"embeddable":true,"href":"https:\/\/conexion-mx.com\/index.php?rest_route=\/wp\/v2\/media\/3622"}],"wp:attachment":[{"href":"https:\/\/conexion-mx.com\/index.php?rest_route=%2Fwp%2Fv2%2Fmedia&parent=3621"}],"wp:term":[{"taxonomy":"category","embeddable":true,"href":"https:\/\/conexion-mx.com\/index.php?rest_route=%2Fwp%2Fv2%2Fcategories&post=3621"},{"taxonomy":"post_tag","embeddable":true,"href":"https:\/\/conexion-mx.com\/index.php?rest_route=%2Fwp%2Fv2%2Ftags&post=3621"}],"curies":[{"name":"wp","href":"https:\/\/api.w.org\/{rel}","templated":true}]}}