{"id":3623,"date":"2026-03-29T00:20:42","date_gmt":"2026-03-29T05:20:42","guid":{"rendered":"https:\/\/conexion-mx.com\/?p=3623"},"modified":"2026-03-29T00:20:42","modified_gmt":"2026-03-29T05:20:42","slug":"gato-calavera-cierra-fin-de-un-icono-cultural-en-insurgentes","status":"publish","type":"post","link":"https:\/\/conexion-mx.com\/?p=3623","title":{"rendered":"Gato Calavera cierra: Fin de un \u00edcono cultural en Insurgentes"},"content":{"rendered":"<p> <br \/>\n<\/p>\n<div>\n<p>El emblem\u00e1tico centro cultural <strong>Gato Calavera <\/strong>cerrar\u00e1 definitivamente el 30 de abril por decisi\u00f3n de los due\u00f1os del inmueble. El cese de actividades del emblem\u00e1tico sitio de conciertos ha sido confirmado mediante un comunicado oficial emitido por el propio centro cultural. En dicho documento, se detalla la raz\u00f3n principal de su inminente clausura, atribuy\u00e9ndola a una decisi\u00f3n externa.<\/p>\n<blockquote><p>&#13;<\/p>\n<p>\u00abRecientemente los due\u00f1os del inmueble nos notificaron que el local ya no estar\u00e1 disponible para continuar con nuestras actividades.\u00bb<\/p>\n<aside class=\"htmlinline\"\/>&#13;\n<\/p><\/blockquote>\n<p>La fecha l\u00edmite para disfrutar de los eventos en este emblem\u00e1tico lugar ser\u00e1 el \u00faltimo d\u00eda del mes de abril. As\u00ed lo confirm\u00f3 uno de los participantes del programa de radio que abord\u00f3 la noticia.<\/p>\n<blockquote><p>&#13;<\/p>\n<p>\u00abEl 30 de abril va a ser el \u00faltimo d\u00eda que nosotros vamos a poder disfrutar de cualquier evento que tenga Gato Calavera.\u00bb<\/p>\n<p>&#13;\n<\/p><\/blockquote>\n<p>Tras esta fecha, el ic\u00f3nico espacio dejar\u00e1 de funcionar de manera permanente, marcando el fin de una era para la cultura alternativa y la m\u00fasica en vivo en la capital.<\/p>\n<div class=\"image-align-center\">\n<figure class=\"image\"><img loading=\"lazy\" decoding=\"async\" alt=\"\" height=\"768\" src=\"https:\/\/heraldodemexico.com.mx\/u\/fotografias\/m\/2026\/3\/28\/f768x1-1264865_1264992_5050.jpg\" width=\"768\"\/>&#13;<figcaption>Adi\u00f3s al Gato Calavera: El ic\u00f3nico espacio cierra sus puertas el 30 de abril<\/figcaption>&#13;<br \/>\n<\/figure>\n<\/div>\n<h2>Gato Calavera: Un Espacio de Nicho y Legado Cultural<\/h2>\n<p>A lo largo de los a\u00f1os, <strong>Gato Calavera <\/strong>se consolid\u00f3 como un punto de encuentro fundamental para diversos proyectos culturales y una amplia gama de conciertos, destacando especialmente en g\u00e9neros como el rock, el metal y el ska. Aunque no destacaba por su tama\u00f1o o tecnolog\u00eda, su esencia resid\u00eda en ser un \u00ablugar de nicho\u00bb con una atm\u00f3sfera particular y muy apreciada por su p\u00fablico. Un comentarista del programa radial lo describi\u00f3 como un espacio con una identidad muy marcada.<\/p>\n<blockquote><p>&#13;<\/p>\n<p>\u00abEra muy under. Quiz\u00e1 me atrevo a decir que ser\u00eda como un relevo generacional de lo que fue en su momento el Alicia.\u00bb<\/p>\n<p>&#13;\n<\/p><\/blockquote>\n<p>Esta comparaci\u00f3n resalta su papel como heredero de una tradici\u00f3n de espacios alternativos en la Ciudad de M\u00e9xico, donde la experiencia y la autenticidad primaban sobre las comodidades. La descripci\u00f3n del ambiente, aunque inicialmente referida a otro lugar, fue validada como representativa del <strong>Gato Calavera.<\/strong>&#13;<br \/>\n&#13;\n<\/p>\n<blockquote><p>&#13;<\/p>\n<p>\u00abEra un lugar donde la m\u00fasica se escuchaba bastante feo, el calor se encerraba, la cerveza estaba tibia, pero qu\u00e9 bien se la pasaba uno.\u00bb&#13;\n<\/p>\n<\/blockquote>\n<p>La descripci\u00f3n evoca la autenticidad y el ambiente \u00fanico que caracterizaban al <strong>Gato Calavera, <\/strong>un sitio que, a pesar de sus imperfecciones t\u00e9cnicas, ofrec\u00eda una vivencia memorable a sus asistentes. Su cierre representa la lamentable p\u00e9rdida de un referente clave para la m\u00fasica y la cultura underground en la ciudad, dejando un vac\u00edo en la oferta de espacios alternativos.&#13;<br \/>\n&#13;<br \/>\n&#13;\n                                <\/p>\n<\/p><\/div>\n<p><script>\n    !function(f,b,e,v,n,t,s)\n    {if(f.fbq)return;n=f.fbq=function(){n.callMethod?\n    n.callMethod.apply(n,arguments):n.queue.push(arguments)};\n    if(!f._fbq)f._fbq=n;n.push=n;n.loaded=!0;n.version='2.0';\n    n.queue=[];t=b.createElement(e);t.async=!0;\n    t.src=v;s=b.getElementsByTagName(e)[0];\n    s.parentNode.insertBefore(t,s)}(window, document,'script',\n    'https:\/\/connect.facebook.net\/en_US\/fbevents.js');\n    fbq('init', '237927003583820');\n    fbq('track', 'PageView');\n  <\/script><br \/>\n<br \/><\/p>\n","protected":false},"excerpt":{"rendered":"<p>El emblem\u00e1tico centro cultural Gato Calavera cerrar\u00e1 definitivamente el 30 de abril por decisi\u00f3n de los due\u00f1os del inmueble. El cese de actividades del emblem\u00e1tico sitio de conciertos ha sido confirmado mediante un comunicado oficial emitido por el propio centro cultural. En dicho documento, se detalla la raz\u00f3n principal de su inminente clausura, atribuy\u00e9ndola a [&hellip;]<\/p>\n","protected":false},"author":4,"featured_media":3624,"comment_status":"","ping_status":"","sticky":false,"template":"","format":"standard","meta":{"footnotes":""},"categories":[33],"tags":[],"class_list":["post-3623","post","type-post","status-publish","format-standard","has-post-thumbnail","hentry","category-cultura"],"_links":{"self":[{"href":"https:\/\/conexion-mx.com\/index.php?rest_route=\/wp\/v2\/posts\/3623","targetHints":{"allow":["GET"]}}],"collection":[{"href":"https:\/\/conexion-mx.com\/index.php?rest_route=\/wp\/v2\/posts"}],"about":[{"href":"https:\/\/conexion-mx.com\/index.php?rest_route=\/wp\/v2\/types\/post"}],"author":[{"embeddable":true,"href":"https:\/\/conexion-mx.com\/index.php?rest_route=\/wp\/v2\/users\/4"}],"replies":[{"embeddable":true,"href":"https:\/\/conexion-mx.com\/index.php?rest_route=%2Fwp%2Fv2%2Fcomments&post=3623"}],"version-history":[{"count":0,"href":"https:\/\/conexion-mx.com\/index.php?rest_route=\/wp\/v2\/posts\/3623\/revisions"}],"wp:featuredmedia":[{"embeddable":true,"href":"https:\/\/conexion-mx.com\/index.php?rest_route=\/wp\/v2\/media\/3624"}],"wp:attachment":[{"href":"https:\/\/conexion-mx.com\/index.php?rest_route=%2Fwp%2Fv2%2Fmedia&parent=3623"}],"wp:term":[{"taxonomy":"category","embeddable":true,"href":"https:\/\/conexion-mx.com\/index.php?rest_route=%2Fwp%2Fv2%2Fcategories&post=3623"},{"taxonomy":"post_tag","embeddable":true,"href":"https:\/\/conexion-mx.com\/index.php?rest_route=%2Fwp%2Fv2%2Ftags&post=3623"}],"curies":[{"name":"wp","href":"https:\/\/api.w.org\/{rel}","templated":true}]}}