{"id":3625,"date":"2026-03-29T02:52:43","date_gmt":"2026-03-29T07:52:43","guid":{"rendered":"https:\/\/conexion-mx.com\/?p=3625"},"modified":"2026-03-29T02:52:43","modified_gmt":"2026-03-29T07:52:43","slug":"balacera-en-bar-de-morelos-deja-4-muertos","status":"publish","type":"post","link":"https:\/\/conexion-mx.com\/?p=3625","title":{"rendered":"Balacera en bar de Morelos deja 4 muertos"},"content":{"rendered":"<p> <br \/>\n<\/p>\n<div itemprop=\"articleBody\">\n<div class=\"txt_contenido\">\n<p><strong>Al menos 4 muertos <\/strong>y un lesionado dej\u00f3 una balacera al interior de un bar en el <strong>municipio de Yautepec,<\/strong> perteneciente al estado de Morelos. La agresi\u00f3n ocurri\u00f3 alrededor de las 01:00 horas de este s\u00e1bado en un establecimiento conocido como \u00abTikis Bar\u00bb sobre la calle R\u00f3mulo Hern\u00e1ndez en este destino tur\u00edstico en el <strong>poblado de Oaxtepec.\u00a0<\/strong><\/p>\n<p>El multihomicidio se realiza durante temporada alta y en una zona conocida por su turismo debido a su capacidad hotelera y sus populares parques acu\u00e1ticos. Fueron los mismos <strong>habitantes de Yautepec<\/strong> los que alertaron a la polic\u00eda luego de escuchar varias detonaciones.\u00a0<\/p>\n<aside class=\"htmlinline\"\/>\n<p>Los uniformados al llegar al sitio confirmaron la muerte de tres hombres entre 30 y 35 a\u00f1os quienes presentaron impactos de arma en su cuerpo. Dos personas m\u00e1s fueron trasladadas al <strong>Hospital General de Cuautla<\/strong>, donde una de ellas perdi\u00f3 la vida minutos despu\u00e9s de ingresar.<\/p>\n<aside class=\"relacionadas con-foto linea-1078\"><strong class=\"relacionadas-titulo-gral\">Noticias Relacionadas<\/strong><\/aside>\n<p>Elementos de la <strong>Fiscal\u00eda General del Estado (FGE)<\/strong> localizaron alrededor de 20 casquillos percutidos en el inmueble. Los peritos de la entidad realizaron el levantamiento de los cuerpos mientras que agentes de investigaci\u00f3n resguardaron a una mujer que acompa\u00f1aba los <strong>cuerpos debido a que result\u00f3 ilesa.\u00a0<\/strong><\/p>\n<p>Este establecimiento ya contaba con antecedentes de violencia; en enero pasado se registr\u00f3 un ataque similar con un saldo de un muerto y dos heridos. Hasta el momento la<strong> Comisi\u00f3n Estatal de Seguridad P\u00fablica<\/strong> no reporta personas detenidas ni ha revelado la identidad de los fallecidos.<\/p>\n<p>La zona permanece bajo vigilancia de <strong>elementos federales y estatales<\/strong> tras el acordonamiento del sitio ubicado en la avenida principal para recolectar los indicios bal\u00edsticos. Autoridades abrieron una carpeta\u00a0de investigaci\u00f3n para determinar el m\u00f3vil del ataque en este corredor vacacional.<\/p>\n<p>\u00a0<\/p>\n<\/p><\/div>\n<\/p><\/div>\n<p><script>\n    !function(f,b,e,v,n,t,s)\n    {if(f.fbq)return;n=f.fbq=function(){n.callMethod?\n    n.callMethod.apply(n,arguments):n.queue.push(arguments)};\n    if(!f._fbq)f._fbq=n;n.push=n;n.loaded=!0;n.version='2.0';\n    n.queue=[];t=b.createElement(e);t.async=!0;\n    t.src=v;s=b.getElementsByTagName(e)[0];\n    s.parentNode.insertBefore(t,s)}(window, document,'script',\n    'https:\/\/connect.facebook.net\/en_US\/fbevents.js');\n    fbq('init', '237927003583820');\n    fbq('track', 'PageView');\n  <\/script><script>\n    !function(f,b,e,v,n,t,s)\n    {if(f.fbq)return;n=f.fbq=function(){n.callMethod?\n    n.callMethod.apply(n,arguments):n.queue.push(arguments)};\n    if(!f._fbq)f._fbq=n;n.push=n;n.loaded=!0;n.version='2.0';\n    n.queue=[];t=b.createElement(e);t.async=!0;\n    t.src=v;s=b.getElementsByTagName(e)[0];\n    s.parentNode.insertBefore(t,s)}(window, document,'script',\n    'https:\/\/connect.facebook.net\/en_US\/fbevents.js');\n    fbq('init', '802372280934901');\n    fbq('track', 'PageView');\n    <\/script><br \/>\n<br \/><\/p>\n","protected":false},"excerpt":{"rendered":"<p>Al menos 4 muertos y un lesionado dej\u00f3 una balacera al interior de un bar en el municipio de Yautepec, perteneciente al estado de Morelos. La agresi\u00f3n ocurri\u00f3 alrededor de las 01:00 horas de este s\u00e1bado en un establecimiento conocido como \u00abTikis Bar\u00bb sobre la calle R\u00f3mulo Hern\u00e1ndez en este destino tur\u00edstico en el poblado [&hellip;]<\/p>\n","protected":false},"author":2,"featured_media":3626,"comment_status":"","ping_status":"","sticky":false,"template":"","format":"standard","meta":{"footnotes":""},"categories":[2],"tags":[],"class_list":["post-3625","post","type-post","status-publish","format-standard","has-post-thumbnail","hentry","category-local"],"_links":{"self":[{"href":"https:\/\/conexion-mx.com\/index.php?rest_route=\/wp\/v2\/posts\/3625","targetHints":{"allow":["GET"]}}],"collection":[{"href":"https:\/\/conexion-mx.com\/index.php?rest_route=\/wp\/v2\/posts"}],"about":[{"href":"https:\/\/conexion-mx.com\/index.php?rest_route=\/wp\/v2\/types\/post"}],"author":[{"embeddable":true,"href":"https:\/\/conexion-mx.com\/index.php?rest_route=\/wp\/v2\/users\/2"}],"replies":[{"embeddable":true,"href":"https:\/\/conexion-mx.com\/index.php?rest_route=%2Fwp%2Fv2%2Fcomments&post=3625"}],"version-history":[{"count":0,"href":"https:\/\/conexion-mx.com\/index.php?rest_route=\/wp\/v2\/posts\/3625\/revisions"}],"wp:featuredmedia":[{"embeddable":true,"href":"https:\/\/conexion-mx.com\/index.php?rest_route=\/wp\/v2\/media\/3626"}],"wp:attachment":[{"href":"https:\/\/conexion-mx.com\/index.php?rest_route=%2Fwp%2Fv2%2Fmedia&parent=3625"}],"wp:term":[{"taxonomy":"category","embeddable":true,"href":"https:\/\/conexion-mx.com\/index.php?rest_route=%2Fwp%2Fv2%2Fcategories&post=3625"},{"taxonomy":"post_tag","embeddable":true,"href":"https:\/\/conexion-mx.com\/index.php?rest_route=%2Fwp%2Fv2%2Ftags&post=3625"}],"curies":[{"name":"wp","href":"https:\/\/api.w.org\/{rel}","templated":true}]}}