{"id":3633,"date":"2026-03-30T01:08:40","date_gmt":"2026-03-30T06:08:40","guid":{"rendered":"https:\/\/conexion-mx.com\/?p=3633"},"modified":"2026-03-30T01:08:40","modified_gmt":"2026-03-30T06:08:40","slug":"anne-hathaway-y-el-elenco-de-el-diablo-viste-a-la-moda-2-llegan-a-la-cdmx","status":"publish","type":"post","link":"https:\/\/conexion-mx.com\/?p=3633","title":{"rendered":"Anne Hathaway y el elenco de \u201cEl diablo viste a la moda 2\u201d llegan a la CDMX"},"content":{"rendered":"<p> <br \/>\n<\/p>\n<div itemprop=\"articleBody\">\n<div class=\"txt_contenido\">\n<p>La noticia sobre el regreso de personajes como <strong>Miranda Priestly<\/strong>, Andrea Sachs y Emily Charlton desat\u00f3 una ola de emoci\u00f3n entre los fan\u00e1ticos de\u00a0<strong>\u00abEl diablo viste a la moda\u00bb<\/strong>, y<strong>\u00a0<\/strong>tras una larga espera la cinta llegar\u00e1 a las salas de cine en tan s\u00f3lo unas semanas. Sin embargo, el elenco visitar\u00e1 algunos pa\u00edses como parte de su gira global y la Ciudad de M\u00e9xico est\u00e1 incluida, algo que increment\u00f3 la conmoci\u00f3n entre los cin\u00e9filos.\u00a0<\/p>\n<p>Han pasado dos d\u00e9cadas desde que <strong>\u201cEl diablo viste a la moda\u201d <\/strong>lleg\u00f3 a la pantalla grande por primera vez y sigue conquistando generaciones con la trama, adem\u00e1s de que los personajes se convirtieron en referente de moda y estilo. Ahora, el entusiasmo de los fans crece mientras se acerca la fecha de estreno para la secuela que traer\u00e1 de vuelta a ic\u00f3nicas figuras como Anne Hathaway, Emily Blunt, Stanley Tucci y <strong>Meryl Streep.<\/strong>\u00a0<\/p>\n<aside class=\"htmlinline\"\/>\n<h2>\u00bfCu\u00e1ndo llegar\u00e1 a M\u00e9xico el elenco de \u00abEl diablo viste a la moda 2\u00bb?<\/h2>\n<p>A trav\u00e9s de las redes sociales oficiales de 20th Century Studios se dieron a conocer los primeros detalles sobre la <strong>gira global<\/strong> con el elenco de \u00abEl diablo viste a la moda 2\u00bb, lo que gener\u00f3 gran emoci\u00f3n entre el p\u00fablico fue la presencia de la <strong>Ciudad de M\u00e9xico<\/strong> como uno de los sitios que visitar\u00e1n.\u00a0Nueva York, Tokio, Shangh\u00e1i y Londres tambi\u00e9n est\u00e1n la lista de las ciudades que ser\u00e1n testigos del derroche de glamour y elegancia.\u00a0<\/p>\n<aside class=\"relacionadas con-foto linea-1078\"><strong class=\"relacionadas-titulo-gral\">Noticias Relacionadas<\/strong><\/aside>\n<p>Hasta el momento no se ha revelado la <strong>fecha<\/strong> exacta ni el <strong>lugar<\/strong> en el que se realizar\u00e1 el encuentro con el <strong>elenco<\/strong> y tampoco si estar\u00e1n todos los protagonistas como\u00a0Anne Hathaway, que da vida a Andrea Sachs; Emily Blunt, quien interpreta a Emily Charlton ; Stanley Tucci, como Nigel,\u00a0y Meryl Streep que es\u00a0\u00a0Miranda Priestly en la cinta.\u00a0<\/p>\n<h2>\u00bfCu\u00e1ndo se estrena en cines la pel\u00edcula con Anne Hathaway?\u00a0<\/h2>\n<p>\u201cEl diablo viste a la moda 2\u201d llegar\u00e1 a las<strong> salas de cine <\/strong>el pr\u00f3ximo 30 de abril en M\u00e9xico y Latinoam\u00e9rica. En esta ocasi\u00f3n la historia se centra en Miranda Priestly como editora en jefe de la revista <strong>Runway<\/strong>, mientras que Andrea Sachs regresa como su aliada para hacer frente al avance digital. Mientras tanto, el personaje de<strong> Emily Charlton<\/strong> tendr\u00e1 un giro ya que no volver\u00e1 como la asistente sino como una ejecutiva.\u00a0<\/p>\n<p>\u00a0<\/p>\n<\/p><\/div>\n<\/p><\/div>\n<p><script>\n    !function(f,b,e,v,n,t,s)\n    {if(f.fbq)return;n=f.fbq=function(){n.callMethod?\n    n.callMethod.apply(n,arguments):n.queue.push(arguments)};\n    if(!f._fbq)f._fbq=n;n.push=n;n.loaded=!0;n.version='2.0';\n    n.queue=[];t=b.createElement(e);t.async=!0;\n    t.src=v;s=b.getElementsByTagName(e)[0];\n    s.parentNode.insertBefore(t,s)}(window, document,'script',\n    'https:\/\/connect.facebook.net\/en_US\/fbevents.js');\n    fbq('init', '237927003583820');\n    fbq('track', 'PageView');\n  <\/script><script>\n    !function(f,b,e,v,n,t,s)\n    {if(f.fbq)return;n=f.fbq=function(){n.callMethod?\n    n.callMethod.apply(n,arguments):n.queue.push(arguments)};\n    if(!f._fbq)f._fbq=n;n.push=n;n.loaded=!0;n.version='2.0';\n    n.queue=[];t=b.createElement(e);t.async=!0;\n    t.src=v;s=b.getElementsByTagName(e)[0];\n    s.parentNode.insertBefore(t,s)}(window, document,'script',\n    'https:\/\/connect.facebook.net\/en_US\/fbevents.js');\n    fbq('init', '775201487065840');\n    fbq('track', 'PageView');\n    <\/script><br \/>\n<br \/><\/p>\n","protected":false},"excerpt":{"rendered":"<p>La noticia sobre el regreso de personajes como Miranda Priestly, Andrea Sachs y Emily Charlton desat\u00f3 una ola de emoci\u00f3n entre los fan\u00e1ticos de\u00a0\u00abEl diablo viste a la moda\u00bb, y\u00a0tras una larga espera la cinta llegar\u00e1 a las salas de cine en tan s\u00f3lo unas semanas. Sin embargo, el elenco visitar\u00e1 algunos pa\u00edses como parte [&hellip;]<\/p>\n","protected":false},"author":3,"featured_media":3634,"comment_status":"","ping_status":"","sticky":false,"template":"","format":"standard","meta":{"footnotes":""},"categories":[35],"tags":[],"class_list":["post-3633","post","type-post","status-publish","format-standard","has-post-thumbnail","hentry","category-espectaculos"],"_links":{"self":[{"href":"https:\/\/conexion-mx.com\/index.php?rest_route=\/wp\/v2\/posts\/3633","targetHints":{"allow":["GET"]}}],"collection":[{"href":"https:\/\/conexion-mx.com\/index.php?rest_route=\/wp\/v2\/posts"}],"about":[{"href":"https:\/\/conexion-mx.com\/index.php?rest_route=\/wp\/v2\/types\/post"}],"author":[{"embeddable":true,"href":"https:\/\/conexion-mx.com\/index.php?rest_route=\/wp\/v2\/users\/3"}],"replies":[{"embeddable":true,"href":"https:\/\/conexion-mx.com\/index.php?rest_route=%2Fwp%2Fv2%2Fcomments&post=3633"}],"version-history":[{"count":0,"href":"https:\/\/conexion-mx.com\/index.php?rest_route=\/wp\/v2\/posts\/3633\/revisions"}],"wp:featuredmedia":[{"embeddable":true,"href":"https:\/\/conexion-mx.com\/index.php?rest_route=\/wp\/v2\/media\/3634"}],"wp:attachment":[{"href":"https:\/\/conexion-mx.com\/index.php?rest_route=%2Fwp%2Fv2%2Fmedia&parent=3633"}],"wp:term":[{"taxonomy":"category","embeddable":true,"href":"https:\/\/conexion-mx.com\/index.php?rest_route=%2Fwp%2Fv2%2Fcategories&post=3633"},{"taxonomy":"post_tag","embeddable":true,"href":"https:\/\/conexion-mx.com\/index.php?rest_route=%2Fwp%2Fv2%2Ftags&post=3633"}],"curies":[{"name":"wp","href":"https:\/\/api.w.org\/{rel}","templated":true}]}}