{"id":3635,"date":"2026-03-30T04:48:07","date_gmt":"2026-03-30T09:48:07","guid":{"rendered":"https:\/\/conexion-mx.com\/?p=3635"},"modified":"2026-03-30T04:48:07","modified_gmt":"2026-03-30T09:48:07","slug":"van-395-aspirantes-a-buscar-consejerias-del-ine","status":"publish","type":"post","link":"https:\/\/conexion-mx.com\/?p=3635","title":{"rendered":"Van 395 aspirantes a buscar consejer\u00edas del INE"},"content":{"rendered":"<p> <br \/>\n<\/p>\n<div>\n<p>Los cinco integrantes del Comit\u00e9 T\u00e9cnico de Evaluaci\u00f3n informaron que se registraron<strong> 395 aspirantes<\/strong> para ocupar tres consejer\u00edas del Instituto Nacional Electoral (<strong>INE<\/strong>).\u00a0<\/p>\n<p>Estas posiciones ser\u00e1n ocupadas por quienes sustituyan a<strong> Dania Ravel,<\/strong> Claudia Zavala y Jaime Rivera, quienes dejaron su cargo al frente del \u00f3rgano electoral, el jueves pasado.\u00a0<\/p>\n<aside class=\"htmlinline\"\/>\n<p>En el documento, publicado en la p\u00e1gina oficial de la <strong>C\u00e1mara de Diputados<\/strong>, se encuentran candidatos que se han desempe\u00f1ado como ex consejeros electorales en institutos locales, exmagistrados o actuales magistrados de tribunales electorales locales, entre otros.\u00a0<\/p>\n<aside class=\"relacionadas con-foto linea-1078\"><strong class=\"relacionadas-titulo-gral\">Noticias Relacionadas<\/strong><\/aside>\n<p>Se puede observar que se registr\u00f3 el ex director administrativo del<strong> Instituto Mexicano del Seguro Social <\/strong>y ex candidato a secretario ejecutivo del INE, Flavio Cienfuegos Valencia.\u00a0<\/p>\n<p><img loading=\"lazy\" decoding=\"async\" alt=\"\" height=\"512\" src=\"https:\/\/heraldodemexico.com.mx\/u\/fotografias\/m\/2026\/3\/29\/f768x1-1265424_1265551_5050.jpg\" width=\"768\"\/><\/p>\n<p>De igual forma, aparecen dos consejeros electorales del Instituto Electoral de la Ciudad de M\u00e9xico (<strong>IECM<\/strong>), Erika Estrada Ruiz y Sonia P\u00e9rez P\u00e9rez, quienes buscan pasar al <strong>\u00f3rgano federal.\u00a0<\/strong><\/p>\n<p>Asimismo, est\u00e1n las exconsejeras del IECM<strong>, Olga Gonz\u00e1lez Mart\u00ednez <\/strong>y Gabriela Williams Salazar.\u00a0<\/p>\n<p>Tambi\u00e9n est\u00e1 el magistrado presidente del Tribunal electoral de la capital, Armando Ambriz Hern\u00e1ndez y el ex magistrado de este mismo \u00f3rgano, <strong>Armando Hern\u00e1ndez Cruz.\u00a0<\/strong>&#13;<br \/>\n&#13;\n<\/p>\n<p>Se encuentra el expresidente del Tribunal Electoral del Estado de Tamaulipas, <strong>Ren\u00e9 Osiris S\u00e1nchez Rivas.\u00a0<\/strong>&#13;<br \/>\n&#13;\n<\/p>\n<p>En estos candidatos esta el subdirector de procedimientos de remoci\u00f3n de consejeros de los Oples y de Violencia Pol\u00edtica contra las Mujeres y ex coordinador de servicios parlamentarios de la entonces Asamblea Legislativa del Distrito Federal, <strong>Angelo Fernando Cerda Ponce.\u00a0<\/strong>&#13;<br \/>\n&#13;\n<\/p>\n<p>Cabe destacar que las personas interesadas ser\u00e1n evaluadas del 28 al 17 de abril para despu\u00e9s mandar una lista de los aspirantes a la<strong> Junta de Coordinaci\u00f3n Pol\u00edtica de la C\u00e1mara de Diputados.\u00a0<\/strong>&#13;<br \/>\n&#13;\n<\/p>\n<p>A m\u00e1s tardar el 22 de abril se tiene programado que se elijan en el pleno a los <strong>pr\u00f3ximos consejeros.<\/strong>&#13;<br \/>\n&#13;<br \/>\n&#13;\n                                <\/p>\n<\/p><\/div>\n<p><script>\n    !function(f,b,e,v,n,t,s)\n    {if(f.fbq)return;n=f.fbq=function(){n.callMethod?\n    n.callMethod.apply(n,arguments):n.queue.push(arguments)};\n    if(!f._fbq)f._fbq=n;n.push=n;n.loaded=!0;n.version='2.0';\n    n.queue=[];t=b.createElement(e);t.async=!0;\n    t.src=v;s=b.getElementsByTagName(e)[0];\n    s.parentNode.insertBefore(t,s)}(window, document,'script',\n    'https:\/\/connect.facebook.net\/en_US\/fbevents.js');\n    fbq('init', '237927003583820');\n    fbq('track', 'PageView');\n  <\/script><script>\n    !function(f,b,e,v,n,t,s)\n    {if(f.fbq)return;n=f.fbq=function(){n.callMethod?\n    n.callMethod.apply(n,arguments):n.queue.push(arguments)};\n    if(!f._fbq)f._fbq=n;n.push=n;n.loaded=!0;n.version='2.0';\n    n.queue=[];t=b.createElement(e);t.async=!0;\n    t.src=v;s=b.getElementsByTagName(e)[0];\n    s.parentNode.insertBefore(t,s)}(window, document,'script',\n    'https:\/\/connect.facebook.net\/en_US\/fbevents.js');\n    fbq('init', '802372280934901');\n    fbq('track', 'PageView');\n    <\/script><br \/>\n<br \/><\/p>\n","protected":false},"excerpt":{"rendered":"<p>Los cinco integrantes del Comit\u00e9 T\u00e9cnico de Evaluaci\u00f3n informaron que se registraron 395 aspirantes para ocupar tres consejer\u00edas del Instituto Nacional Electoral (INE).\u00a0 Estas posiciones ser\u00e1n ocupadas por quienes sustituyan a Dania Ravel, Claudia Zavala y Jaime Rivera, quienes dejaron su cargo al frente del \u00f3rgano electoral, el jueves pasado.\u00a0 En el documento, publicado en [&hellip;]<\/p>\n","protected":false},"author":2,"featured_media":3636,"comment_status":"","ping_status":"","sticky":false,"template":"","format":"standard","meta":{"footnotes":""},"categories":[2],"tags":[],"class_list":["post-3635","post","type-post","status-publish","format-standard","has-post-thumbnail","hentry","category-local"],"_links":{"self":[{"href":"https:\/\/conexion-mx.com\/index.php?rest_route=\/wp\/v2\/posts\/3635","targetHints":{"allow":["GET"]}}],"collection":[{"href":"https:\/\/conexion-mx.com\/index.php?rest_route=\/wp\/v2\/posts"}],"about":[{"href":"https:\/\/conexion-mx.com\/index.php?rest_route=\/wp\/v2\/types\/post"}],"author":[{"embeddable":true,"href":"https:\/\/conexion-mx.com\/index.php?rest_route=\/wp\/v2\/users\/2"}],"replies":[{"embeddable":true,"href":"https:\/\/conexion-mx.com\/index.php?rest_route=%2Fwp%2Fv2%2Fcomments&post=3635"}],"version-history":[{"count":0,"href":"https:\/\/conexion-mx.com\/index.php?rest_route=\/wp\/v2\/posts\/3635\/revisions"}],"wp:featuredmedia":[{"embeddable":true,"href":"https:\/\/conexion-mx.com\/index.php?rest_route=\/wp\/v2\/media\/3636"}],"wp:attachment":[{"href":"https:\/\/conexion-mx.com\/index.php?rest_route=%2Fwp%2Fv2%2Fmedia&parent=3635"}],"wp:term":[{"taxonomy":"category","embeddable":true,"href":"https:\/\/conexion-mx.com\/index.php?rest_route=%2Fwp%2Fv2%2Fcategories&post=3635"},{"taxonomy":"post_tag","embeddable":true,"href":"https:\/\/conexion-mx.com\/index.php?rest_route=%2Fwp%2Fv2%2Ftags&post=3635"}],"curies":[{"name":"wp","href":"https:\/\/api.w.org\/{rel}","templated":true}]}}