{"id":3641,"date":"2026-03-30T13:42:16","date_gmt":"2026-03-30T18:42:16","guid":{"rendered":"https:\/\/conexion-mx.com\/?p=3641"},"modified":"2026-03-30T13:42:16","modified_gmt":"2026-03-30T18:42:16","slug":"sheinbaum-sobre-el-uso-de-fondos-de-venezuela-para-defensa-legal-de-maduro-no-veo-por-que-no-pueda-usarse","status":"publish","type":"post","link":"https:\/\/conexion-mx.com\/?p=3641","title":{"rendered":"Sheinbaum sobre el uso de fondos de Venezuela para defensa legal de Maduro: \u00abNo veo por qu\u00e9 no pueda usarse\u00bb"},"content":{"rendered":"<p> <br \/>\n<\/p>\n<div itemprop=\"articleBody\">\n<div class=\"txt_contenido\">\n<p>La <strong>presidenta Claudia Sheinbaum Pardo<\/strong> declar\u00f3 que \u201cno veo por qu\u00e9 no pueda usarse fondos de Venezuela\u201d para la defensa legal del <strong>exmandatario Nicol\u00e1s Maduro<\/strong>, detenido en <strong>Estados Unidos<\/strong>.<\/p>\n<p>En la conferencia en Palacio Nacional, abri\u00f3 la posibilidad de dialogar con la presidenta encargada de <strong>Venezuela, Delcy Rodr\u00edguez<\/strong>.<\/p>\n<aside class=\"htmlinline\"\/>\n<p>-Ante la audiencia en la que hay una controversia sobre utilizar fondos del gobierno de Venezuela para su defensa (de Nicol\u00e1s Maduro), se le cuestion\u00f3. \u00a0<\/p>\n<p>\u00abBueno, pues es era presidente de Venezuela. No veo por qu\u00e9 no pueda usarse fondos de Venezuela\u00bb, indic\u00f3 Sheinbaum Pardo.\u00a0<\/p>\n<div class=\"image-align-center\">\n<figure class=\"image\"><img loading=\"lazy\" decoding=\"async\" alt=\"\" height=\"435\" src=\"https:\/\/heraldodemexico.com.mx\/u\/fotografias\/m\/2023\/12\/30\/f768x1-866882_867009_5050.jpg\" width=\"768\"\/>&#13;<figcaption>Pendiente llamada con l\u00edder de Venezuela. Foto: Freepik<\/figcaption>&#13;<br \/>\n<\/figure>\n<\/div>\n<h2>Sheinbaum no ha podido sostener llamada con Delcy Rodr\u00edguez<\/h2>\n<p>La titular del Ejecutivo Federal dijo que hasta el momento no ha tenido oportunidad de sostener una <strong>conversaci\u00f3n telef\u00f3nica<\/strong> con Delcy Rodr\u00edguez.<\/p>\n<blockquote><p>&#13;<\/p>\n<p>\u201cNo he hablado con ella, pero podemos hablar pronto, no es que no quiera hablar con ella, sino sencillamente no, no ha habido la oportunidad, pero podemos hablar con ella\u201d, a\u00f1adi\u00f3.<\/p>\n<p>&#13;\n<\/p><\/blockquote>\n<p>Se\u00f1al\u00f3 que el <strong>Gobierno de M\u00e9xico<\/strong> ha dejado en claro su postura en torno a la situaci\u00f3n que se vive en Venezuela.<\/p>\n<p>\u201cUstedes saben cu\u00e1l es nuestra posici\u00f3n frente a la intervenci\u00f3n de <strong>Estados Unidos<\/strong> en <strong>Venezuela<\/strong>, y frente a la intervenci\u00f3n de cualquier pa\u00eds en otro pa\u00eds, por constituci\u00f3n y por convicci\u00f3n\u201d, se\u00f1al\u00f3.\u00a0&#13;<br \/>\n&#13;\n<\/p>\n<p>La semana pasada, en una audiencia en <strong>Nueva York<\/strong>, la defensa legal de <strong>Maduro<\/strong> present\u00f3 argumentos d que impedir el acceso a recursos del gobierno de Venezuela vulnera su derecho a una defensa adecuada.<br \/>&#13;<br \/>\n\u00a0&#13;<br \/>\n&#13;<br \/>\n&#13;\n                                <\/p>\n<\/p><\/div>\n<\/p><\/div>\n<p><script>\n    !function(f,b,e,v,n,t,s)\n    {if(f.fbq)return;n=f.fbq=function(){n.callMethod?\n    n.callMethod.apply(n,arguments):n.queue.push(arguments)};\n    if(!f._fbq)f._fbq=n;n.push=n;n.loaded=!0;n.version='2.0';\n    n.queue=[];t=b.createElement(e);t.async=!0;\n    t.src=v;s=b.getElementsByTagName(e)[0];\n    s.parentNode.insertBefore(t,s)}(window, document,'script',\n    'https:\/\/connect.facebook.net\/en_US\/fbevents.js');\n    fbq('init', '237927003583820');\n    fbq('track', 'PageView');\n  <\/script><script>\n    !function(f,b,e,v,n,t,s)\n    {if(f.fbq)return;n=f.fbq=function(){n.callMethod?\n    n.callMethod.apply(n,arguments):n.queue.push(arguments)};\n    if(!f._fbq)f._fbq=n;n.push=n;n.loaded=!0;n.version='2.0';\n    n.queue=[];t=b.createElement(e);t.async=!0;\n    t.src=v;s=b.getElementsByTagName(e)[0];\n    s.parentNode.insertBefore(t,s)}(window, document,'script',\n    'https:\/\/connect.facebook.net\/en_US\/fbevents.js');\n    fbq('init', '802372280934901');\n    fbq('track', 'PageView');\n    <\/script><br \/>\n<br \/><\/p>\n","protected":false},"excerpt":{"rendered":"<p>La presidenta Claudia Sheinbaum Pardo declar\u00f3 que \u201cno veo por qu\u00e9 no pueda usarse fondos de Venezuela\u201d para la defensa legal del exmandatario Nicol\u00e1s Maduro, detenido en Estados Unidos. En la conferencia en Palacio Nacional, abri\u00f3 la posibilidad de dialogar con la presidenta encargada de Venezuela, Delcy Rodr\u00edguez. -Ante la audiencia en la que hay [&hellip;]<\/p>\n","protected":false},"author":2,"featured_media":3642,"comment_status":"","ping_status":"","sticky":false,"template":"","format":"standard","meta":{"footnotes":""},"categories":[2],"tags":[],"class_list":["post-3641","post","type-post","status-publish","format-standard","has-post-thumbnail","hentry","category-local"],"_links":{"self":[{"href":"https:\/\/conexion-mx.com\/index.php?rest_route=\/wp\/v2\/posts\/3641","targetHints":{"allow":["GET"]}}],"collection":[{"href":"https:\/\/conexion-mx.com\/index.php?rest_route=\/wp\/v2\/posts"}],"about":[{"href":"https:\/\/conexion-mx.com\/index.php?rest_route=\/wp\/v2\/types\/post"}],"author":[{"embeddable":true,"href":"https:\/\/conexion-mx.com\/index.php?rest_route=\/wp\/v2\/users\/2"}],"replies":[{"embeddable":true,"href":"https:\/\/conexion-mx.com\/index.php?rest_route=%2Fwp%2Fv2%2Fcomments&post=3641"}],"version-history":[{"count":0,"href":"https:\/\/conexion-mx.com\/index.php?rest_route=\/wp\/v2\/posts\/3641\/revisions"}],"wp:featuredmedia":[{"embeddable":true,"href":"https:\/\/conexion-mx.com\/index.php?rest_route=\/wp\/v2\/media\/3642"}],"wp:attachment":[{"href":"https:\/\/conexion-mx.com\/index.php?rest_route=%2Fwp%2Fv2%2Fmedia&parent=3641"}],"wp:term":[{"taxonomy":"category","embeddable":true,"href":"https:\/\/conexion-mx.com\/index.php?rest_route=%2Fwp%2Fv2%2Fcategories&post=3641"},{"taxonomy":"post_tag","embeddable":true,"href":"https:\/\/conexion-mx.com\/index.php?rest_route=%2Fwp%2Fv2%2Ftags&post=3641"}],"curies":[{"name":"wp","href":"https:\/\/api.w.org\/{rel}","templated":true}]}}