{"id":3643,"date":"2026-03-30T21:48:53","date_gmt":"2026-03-31T02:48:53","guid":{"rendered":"https:\/\/conexion-mx.com\/?p=3643"},"modified":"2026-03-30T21:48:53","modified_gmt":"2026-03-31T02:48:53","slug":"vinculan-a-proceso-por-feminicidio-a-osmar-adolescente-que-mato-a-dos-profesoras-en-preparatoria-de-michoacan","status":"publish","type":"post","link":"https:\/\/conexion-mx.com\/?p=3643","title":{"rendered":"Vinculan a proceso por feminicidio a Osmar, adolescente que mat\u00f3 a dos profesoras en preparatoria de Michoac\u00e1n"},"content":{"rendered":"<p> <br \/>\n<\/p>\n<div itemprop=\"articleBody\">\n<div class=\"txt_contenido\">\n<p>Morelia, Michoac\u00e1n.- Un juez certificado en justicia penal para adolescentes del <strong>Poder Judicial de Michoac\u00e1n<\/strong> resolvi\u00f3 vincular a proceso a Osmar, el adolescente de 15 a\u00f1os implicado en el <strong>doble feminicidio<\/strong> de dos profesoras en una preparatoria privada de L\u00e1zaro C\u00e1rdenas.<\/p>\n<p>Tras la reanudaci\u00f3n de la audiencia inicial, el juez determin\u00f3 que existen elementos suficientes para procesar al menor por el delito de feminicidio, conforme a lo estipulado en la <strong>Ley Nacional del Sistema Integral de Justicia Penal para Adolescentes,<\/strong> se le impuso la medida cautelar de internamiento preventivo, por lo que permanecer\u00e1 recluido en el <strong>Centro de Justicia Integral para Adolescentes<\/strong> en Morelia.<\/p>\n<aside class=\"htmlinline\"\/>\n<p>Adem\u00e1s, la autoridad judicial fij\u00f3 un plazo de un mes para el cierre de la investigaci\u00f3n complementaria, periodo en el que la Fiscal\u00eda General del Estado (<strong>FGE<\/strong>) deber\u00e1 integrar las pruebas restantes antes de continuar con las siguientes etapas del proceso.<br \/>&#13;<br \/>\n<img loading=\"lazy\" decoding=\"async\" alt=\"\" height=\"1280\" src=\"https:\/\/heraldodemexico.com.mx\/u\/fotografias\/m\/2026\/3\/30\/f768x1-1265802_1265929_5050.jpg\" width=\"768\"\/><\/p>\n<aside class=\"relacionadas con-foto linea-1078\"><strong class=\"relacionadas-titulo-gral\">Noticias Relacionadas<\/strong><\/aside>\n<\/p><\/div>\n<\/p><\/div>\n<p><script>\n    !function(f,b,e,v,n,t,s)\n    {if(f.fbq)return;n=f.fbq=function(){n.callMethod?\n    n.callMethod.apply(n,arguments):n.queue.push(arguments)};\n    if(!f._fbq)f._fbq=n;n.push=n;n.loaded=!0;n.version='2.0';\n    n.queue=[];t=b.createElement(e);t.async=!0;\n    t.src=v;s=b.getElementsByTagName(e)[0];\n    s.parentNode.insertBefore(t,s)}(window, document,'script',\n    'https:\/\/connect.facebook.net\/en_US\/fbevents.js');\n    fbq('init', '237927003583820');\n    fbq('track', 'PageView');\n  <\/script><script>\n    !function(f,b,e,v,n,t,s)\n    {if(f.fbq)return;n=f.fbq=function(){n.callMethod?\n    n.callMethod.apply(n,arguments):n.queue.push(arguments)};\n    if(!f._fbq)f._fbq=n;n.push=n;n.loaded=!0;n.version='2.0';\n    n.queue=[];t=b.createElement(e);t.async=!0;\n    t.src=v;s=b.getElementsByTagName(e)[0];\n    s.parentNode.insertBefore(t,s)}(window, document,'script',\n    'https:\/\/connect.facebook.net\/en_US\/fbevents.js');\n    fbq('init', '802372280934901');\n    fbq('track', 'PageView');\n    <\/script><br \/>\n<br \/><\/p>\n","protected":false},"excerpt":{"rendered":"<p>Morelia, Michoac\u00e1n.- Un juez certificado en justicia penal para adolescentes del Poder Judicial de Michoac\u00e1n resolvi\u00f3 vincular a proceso a Osmar, el adolescente de 15 a\u00f1os implicado en el doble feminicidio de dos profesoras en una preparatoria privada de L\u00e1zaro C\u00e1rdenas. Tras la reanudaci\u00f3n de la audiencia inicial, el juez determin\u00f3 que existen elementos suficientes [&hellip;]<\/p>\n","protected":false},"author":2,"featured_media":3644,"comment_status":"","ping_status":"","sticky":false,"template":"","format":"standard","meta":{"footnotes":""},"categories":[2],"tags":[],"class_list":["post-3643","post","type-post","status-publish","format-standard","has-post-thumbnail","hentry","category-local"],"_links":{"self":[{"href":"https:\/\/conexion-mx.com\/index.php?rest_route=\/wp\/v2\/posts\/3643","targetHints":{"allow":["GET"]}}],"collection":[{"href":"https:\/\/conexion-mx.com\/index.php?rest_route=\/wp\/v2\/posts"}],"about":[{"href":"https:\/\/conexion-mx.com\/index.php?rest_route=\/wp\/v2\/types\/post"}],"author":[{"embeddable":true,"href":"https:\/\/conexion-mx.com\/index.php?rest_route=\/wp\/v2\/users\/2"}],"replies":[{"embeddable":true,"href":"https:\/\/conexion-mx.com\/index.php?rest_route=%2Fwp%2Fv2%2Fcomments&post=3643"}],"version-history":[{"count":0,"href":"https:\/\/conexion-mx.com\/index.php?rest_route=\/wp\/v2\/posts\/3643\/revisions"}],"wp:featuredmedia":[{"embeddable":true,"href":"https:\/\/conexion-mx.com\/index.php?rest_route=\/wp\/v2\/media\/3644"}],"wp:attachment":[{"href":"https:\/\/conexion-mx.com\/index.php?rest_route=%2Fwp%2Fv2%2Fmedia&parent=3643"}],"wp:term":[{"taxonomy":"category","embeddable":true,"href":"https:\/\/conexion-mx.com\/index.php?rest_route=%2Fwp%2Fv2%2Fcategories&post=3643"},{"taxonomy":"post_tag","embeddable":true,"href":"https:\/\/conexion-mx.com\/index.php?rest_route=%2Fwp%2Fv2%2Ftags&post=3643"}],"curies":[{"name":"wp","href":"https:\/\/api.w.org\/{rel}","templated":true}]}}