{"id":3647,"date":"2026-03-31T04:23:44","date_gmt":"2026-03-31T09:23:44","guid":{"rendered":"https:\/\/conexion-mx.com\/?p=3647"},"modified":"2026-03-31T04:23:44","modified_gmt":"2026-03-31T09:23:44","slug":"al-estilo-miranda-priestly-la-reaccion-de-meryl-streep-a-fan-que-uso-un-sueter-azul-en-la-alfombra-roja-de-cdmx-video","status":"publish","type":"post","link":"https:\/\/conexion-mx.com\/?p=3647","title":{"rendered":"\u00a1Al estilo Miranda Priestly! La reacci\u00f3n de Meryl Streep a fan que us\u00f3 un su\u00e9ter azul en la alfombra roja de CDMX | VIDEO"},"content":{"rendered":"<p> <br \/>\n<\/p>\n<div itemprop=\"articleBody\">\n<div class=\"txt_contenido\">\n<p>La <strong>Ciudad de M\u00e9xico<\/strong> se visti\u00f3 de gala este lunes 30 de marzo por la visita de<strong> Meryl Streep<\/strong> y Anne Hathaway como parte de la gira global por el estreno de \u201c<strong>El diablo viste a la moda 2<\/strong>\u201d. La presencia desat\u00f3 gran\u00a0euforia entre los fans que no dudaron en reaccionar retomando algunas de las escenas m\u00e1s ic\u00f3nicas de la primera entrega de la cinta, tal y como lo hizo una joven durante la alfombra roja usando un <strong>su\u00e9ter azul.<\/strong>\u00a0<\/p>\n<p>\u00abEl diablo viste a la moda 2\u00bb llegar\u00e1 a las salas de cine el pr\u00f3ximo 30 de abril en M\u00e9xico y la capital de pa\u00eds fue la primera parada de la gira de prensa que contempla otras ciudades como Nueva York, Tokio, Shangh\u00e1i y Londres. Las actrices Meryl Streep y Anne Hathaway tuvieron un primer encuentro con fans en el <strong>Museo Frida Kahlo<\/strong>\u00a0ubicado en la alcald\u00eda Coyoac\u00e1n, donde estuvieron como invitados algunas celebridades e influencers.\u00a0<\/p>\n<aside class=\"htmlinline\"\/>\n<h2>\u00bfC\u00f3mo reaccion\u00f3\u00a0Meryl Streep a fan con\u00a0su\u00e9ter azul?\u00a0<\/h2>\n<p>La cita continu\u00f3 en el <strong>Museo Anahuacalli<\/strong> donde se realiz\u00f3 una pasarela en la que 20 <strong>dise\u00f1adores mexicanos<\/strong> dieron muestra de su talento a trav\u00e9s de los atuendos. Previo a su llegada las actrices, que interpretan a\u00a0Miranda Priestly y Andy Sachs en la cinta, desfilaron por una alfombra roja en la que se encontraron con la prensa y vivieron un <strong>divertido<\/strong> momento ante la petici\u00f3n de una reportera que usaba un<strong> su\u00e9ter azul cer\u00faleo (celeste).\u00a0<\/strong><\/p>\n<aside class=\"relacionadas con-foto linea-1078\"><strong class=\"relacionadas-titulo-gral\">Noticias Relacionadas<\/strong><\/aside>\n<p>La fan\u00e1tica no dud\u00f3 en aprovechar la oportunidad de estar frente a\u00a0Meryl Streep para pedirle <strong>recrear<\/strong> una de las escenas m\u00e1s ic\u00f3nicas de la cinta en la que <strong>Miranda Priestly<\/strong> lanza un dardo a Andrea\u00a0Sachs y la humilla por menospreciar la industria de la moda. Aunque es el final lo que la convirti\u00f3 en leyenda, pues su mirada ahora es protagonista de memes y referencia absoluta a la cinta.\u00a0<\/p>\n<p>Con la sencillez que la caracteriza, <strong>Meryl Streep<\/strong> no dud\u00f3 en complacer a la fan y entre risas lanza la tan ic\u00f3nica mirada. El momento desat\u00f3 gran emoci\u00f3n en redes sociales, donde internautas aplaudieron el carisma de la actriz y que de inmediato se sum\u00f3 al divertido momento recordando aquella escena que permanece en la memoria del p\u00fablico luego de 20 a\u00f1os.\u00a0<\/p>\n<\/p><\/div>\n<\/p><\/div>\n<p><script>\n    !function(f,b,e,v,n,t,s)\n    {if(f.fbq)return;n=f.fbq=function(){n.callMethod?\n    n.callMethod.apply(n,arguments):n.queue.push(arguments)};\n    if(!f._fbq)f._fbq=n;n.push=n;n.loaded=!0;n.version='2.0';\n    n.queue=[];t=b.createElement(e);t.async=!0;\n    t.src=v;s=b.getElementsByTagName(e)[0];\n    s.parentNode.insertBefore(t,s)}(window, document,'script',\n    'https:\/\/connect.facebook.net\/en_US\/fbevents.js');\n    fbq('init', '237927003583820');\n    fbq('track', 'PageView');\n  <\/script><script>\n    !function(f,b,e,v,n,t,s)\n    {if(f.fbq)return;n=f.fbq=function(){n.callMethod?\n    n.callMethod.apply(n,arguments):n.queue.push(arguments)};\n    if(!f._fbq)f._fbq=n;n.push=n;n.loaded=!0;n.version='2.0';\n    n.queue=[];t=b.createElement(e);t.async=!0;\n    t.src=v;s=b.getElementsByTagName(e)[0];\n    s.parentNode.insertBefore(t,s)}(window, document,'script',\n    'https:\/\/connect.facebook.net\/en_US\/fbevents.js');\n    fbq('init', '775201487065840');\n    fbq('track', 'PageView');\n    <\/script><br \/>\n<br \/><\/p>\n","protected":false},"excerpt":{"rendered":"<p>La Ciudad de M\u00e9xico se visti\u00f3 de gala este lunes 30 de marzo por la visita de Meryl Streep y Anne Hathaway como parte de la gira global por el estreno de \u201cEl diablo viste a la moda 2\u201d. La presencia desat\u00f3 gran\u00a0euforia entre los fans que no dudaron en reaccionar retomando algunas de las [&hellip;]<\/p>\n","protected":false},"author":3,"featured_media":3648,"comment_status":"","ping_status":"","sticky":false,"template":"","format":"standard","meta":{"footnotes":""},"categories":[35],"tags":[],"class_list":["post-3647","post","type-post","status-publish","format-standard","has-post-thumbnail","hentry","category-espectaculos"],"_links":{"self":[{"href":"https:\/\/conexion-mx.com\/index.php?rest_route=\/wp\/v2\/posts\/3647","targetHints":{"allow":["GET"]}}],"collection":[{"href":"https:\/\/conexion-mx.com\/index.php?rest_route=\/wp\/v2\/posts"}],"about":[{"href":"https:\/\/conexion-mx.com\/index.php?rest_route=\/wp\/v2\/types\/post"}],"author":[{"embeddable":true,"href":"https:\/\/conexion-mx.com\/index.php?rest_route=\/wp\/v2\/users\/3"}],"replies":[{"embeddable":true,"href":"https:\/\/conexion-mx.com\/index.php?rest_route=%2Fwp%2Fv2%2Fcomments&post=3647"}],"version-history":[{"count":0,"href":"https:\/\/conexion-mx.com\/index.php?rest_route=\/wp\/v2\/posts\/3647\/revisions"}],"wp:featuredmedia":[{"embeddable":true,"href":"https:\/\/conexion-mx.com\/index.php?rest_route=\/wp\/v2\/media\/3648"}],"wp:attachment":[{"href":"https:\/\/conexion-mx.com\/index.php?rest_route=%2Fwp%2Fv2%2Fmedia&parent=3647"}],"wp:term":[{"taxonomy":"category","embeddable":true,"href":"https:\/\/conexion-mx.com\/index.php?rest_route=%2Fwp%2Fv2%2Fcategories&post=3647"},{"taxonomy":"post_tag","embeddable":true,"href":"https:\/\/conexion-mx.com\/index.php?rest_route=%2Fwp%2Fv2%2Ftags&post=3647"}],"curies":[{"name":"wp","href":"https:\/\/api.w.org\/{rel}","templated":true}]}}