{"id":3653,"date":"2026-03-31T14:09:27","date_gmt":"2026-03-31T19:09:27","guid":{"rendered":"https:\/\/conexion-mx.com\/?p=3653"},"modified":"2026-03-31T14:09:27","modified_gmt":"2026-03-31T19:09:27","slug":"ezequiel-esperaba-a-comer-en-una-taqueria-cuando-un-auto-lo-mato-su-familia-pide-justicia-en-tamaulipas","status":"publish","type":"post","link":"https:\/\/conexion-mx.com\/?p=3653","title":{"rendered":"Ezequiel esperaba a comer en una taquer\u00eda cuando un auto lo mat\u00f3, su familia pide justicia en Tamaulipas"},"content":{"rendered":"<p> <br \/>\n<\/p>\n<div>\n<p>La exigencia de justicia crece en <strong>Tampico<\/strong>, <strong>Tamaulipas<\/strong>, tras la muerte de un joven de 23 a\u00f1os, identificado como <strong>Ezequiel<\/strong>, quien perdi\u00f3 la vida luego de un <strong>accidente vial <\/strong>en el que el presunto responsable se dio a la fuga.<\/p>\n<p>Fue durante la madrugada del domingo cuando <strong>Ezequiel <\/strong>fue embestido por un auto mientras esperaba la cena en una <strong>taquer\u00eda <\/strong>para su hija de un a\u00f1o y su esposa. Los hechos ocurrieron en la calle <strong>Vicente Guerrero <\/strong>de la colonia <strong>Morelos<\/strong>, en la zona sur de Tampico.<\/p>\n<aside class=\"htmlinline\"\/>\n<p>Su esposa, <strong>Eneri Balleza<\/strong>, alz\u00f3 la voz desde el funeral para pedir a la <strong>Fiscal\u00eda General de Justicia del Estado<\/strong> que act\u00fae con prontitud, investigue los hechos y logre la detenci\u00f3n del individuo involucrado.<\/p>\n<aside class=\"relacionadas con-foto linea-1078\"><strong class=\"relacionadas-titulo-gral\">Noticias Relacionadas<\/strong><\/aside>\n<figure class=\"image\"><img loading=\"lazy\" decoding=\"async\" alt=\"\" height=\"576\" src=\"https:\/\/heraldodemexico.com.mx\/u\/fotografias\/m\/2026\/3\/31\/f768x1-1266056_1266183_5050.jpeg\" width=\"768\"\/>&#13;<figcaption>La Fiscal\u00eda General de Justicia del Estado ya cuenta con una denuncia formal y datos del presunto responsable del siniestro. FOTO: Carlos Ju\u00e1rez<\/figcaption>&#13;<br \/>\n<\/figure>\n<h2>Justicia para Ezequiel: el tr\u00e1gico adi\u00f3s de un padre en Tampico<\/h2>\n<p>De acuerdo con la informaci\u00f3n proporcionada por la familia, el accidente ocurri\u00f3 durante los primeros minutos del domingo en la <strong>calle Vicente Guerrero<\/strong>, entre <strong>Ju\u00e1rez <\/strong>e <strong>Hidalgo<\/strong>, en la colonia Morelos. Se inform\u00f3 que ya existe una denuncia formal ante la <strong>Fiscal\u00eda <\/strong>en <strong>Tampico<\/strong>, donde se ha aportado informaci\u00f3n relevante sobre el presunto responsable, con la esperanza de que las autoridades avancen en el caso.<\/p>\n<p>La indignaci\u00f3n ha crecido luego de que la <strong>viuda <\/strong>denunciara que el se\u00f1alado presuntamente se ha burlado de la situaci\u00f3n a trav\u00e9s de <strong>redes sociales<\/strong>, lo que ha generado molestia entre familiares, amigos y la ciudadan\u00eda.<\/p>\n<p>En este contexto, el secretario general del ayuntamiento de <strong>Tampico<\/strong>, <strong>Carlos Alberto Garc\u00eda Porres<\/strong>, asegur\u00f3 que el municipio ha brindado apoyo a la familia y se mantiene en coordinaci\u00f3n con la fiscal\u00eda para el avance de la investigaci\u00f3n.<\/p>\n<figure class=\"image\"><img loading=\"lazy\" decoding=\"async\" alt=\"\" height=\"435\" src=\"https:\/\/heraldodemexico.com.mx\/u\/fotografias\/m\/2026\/3\/31\/f768x1-1266054_1266181_5050.jpg\" width=\"768\"\/>&#13;<figcaption>El accidente ocurri\u00f3 en la calle Vicente Guerrero, lugar donde familiares han colocado ofrendas en memoria del joven. FOTO: Carlos Ju\u00e1rez.<\/figcaption>&#13;<br \/>\n<\/figure>\n<h2>La Fiscal\u00eda inici\u00f3 la carpeta de investigaci\u00f3n\u00a0<\/h2>\n<p>Detall\u00f3 que la administraci\u00f3n municipal ha estado en <strong>contacto con los familiares<\/strong>, ofreciendo respaldo en <strong>gastos funerarios <\/strong>y apoyo log\u00edstico durante el velorio, adem\u00e1s de acompa\u00f1amiento en estos momentos dif\u00edciles.<\/p>\n<p>El funcionario subray\u00f3 que el <strong>proceso legal <\/strong>corresponde a la Fiscal\u00eda, instancia encargada de integrar la <strong>carpeta de investigaci\u00f3n <\/strong>y deslindar responsabilidades. Asimismo, indic\u00f3 que es fundamental que la <strong>investigaci\u00f3n <\/strong>se realice de manera adecuada, incluyendo todos los peritajes, dict\u00e1menes y evidencias, para evitar inconsistencias que puedan afectar el caso.&#13;<br \/>\n&#13;\n<\/p>\n<p>Respecto a versiones difundidas en redes sociales sobre posibles <strong>responsabilidades de terceros<\/strong>, se\u00f1al\u00f3 que ser\u00e1 la autoridad ministerial quien determine cualquier situaci\u00f3n, reiterando que el municipio <strong>no encubre a ninguna persona<\/strong>. Mientras tanto, familiares y amigos contin\u00faan exigiendo justicia y piden que el caso no quede impune, al tiempo que demandan la pronta localizaci\u00f3n y detenci\u00f3n del presunto responsable.&#13;<br \/>\n&#13;<br \/>\n&#13;\n                                <\/p>\n<\/p><\/div>\n<p><script>\n    !function(f,b,e,v,n,t,s)\n    {if(f.fbq)return;n=f.fbq=function(){n.callMethod?\n    n.callMethod.apply(n,arguments):n.queue.push(arguments)};\n    if(!f._fbq)f._fbq=n;n.push=n;n.loaded=!0;n.version='2.0';\n    n.queue=[];t=b.createElement(e);t.async=!0;\n    t.src=v;s=b.getElementsByTagName(e)[0];\n    s.parentNode.insertBefore(t,s)}(window, document,'script',\n    'https:\/\/connect.facebook.net\/en_US\/fbevents.js');\n    fbq('init', '237927003583820');\n    fbq('track', 'PageView');\n  <\/script><script>\n    !function(f,b,e,v,n,t,s)\n    {if(f.fbq)return;n=f.fbq=function(){n.callMethod?\n    n.callMethod.apply(n,arguments):n.queue.push(arguments)};\n    if(!f._fbq)f._fbq=n;n.push=n;n.loaded=!0;n.version='2.0';\n    n.queue=[];t=b.createElement(e);t.async=!0;\n    t.src=v;s=b.getElementsByTagName(e)[0];\n    s.parentNode.insertBefore(t,s)}(window, document,'script',\n    'https:\/\/connect.facebook.net\/en_US\/fbevents.js');\n    fbq('init', '802372280934901');\n    fbq('track', 'PageView');\n    <\/script><br \/>\n<br \/><\/p>\n","protected":false},"excerpt":{"rendered":"<p>La exigencia de justicia crece en Tampico, Tamaulipas, tras la muerte de un joven de 23 a\u00f1os, identificado como Ezequiel, quien perdi\u00f3 la vida luego de un accidente vial en el que el presunto responsable se dio a la fuga. Fue durante la madrugada del domingo cuando Ezequiel fue embestido por un auto mientras esperaba [&hellip;]<\/p>\n","protected":false},"author":2,"featured_media":3654,"comment_status":"","ping_status":"","sticky":false,"template":"","format":"standard","meta":{"footnotes":""},"categories":[2],"tags":[],"class_list":["post-3653","post","type-post","status-publish","format-standard","has-post-thumbnail","hentry","category-local"],"_links":{"self":[{"href":"https:\/\/conexion-mx.com\/index.php?rest_route=\/wp\/v2\/posts\/3653","targetHints":{"allow":["GET"]}}],"collection":[{"href":"https:\/\/conexion-mx.com\/index.php?rest_route=\/wp\/v2\/posts"}],"about":[{"href":"https:\/\/conexion-mx.com\/index.php?rest_route=\/wp\/v2\/types\/post"}],"author":[{"embeddable":true,"href":"https:\/\/conexion-mx.com\/index.php?rest_route=\/wp\/v2\/users\/2"}],"replies":[{"embeddable":true,"href":"https:\/\/conexion-mx.com\/index.php?rest_route=%2Fwp%2Fv2%2Fcomments&post=3653"}],"version-history":[{"count":0,"href":"https:\/\/conexion-mx.com\/index.php?rest_route=\/wp\/v2\/posts\/3653\/revisions"}],"wp:featuredmedia":[{"embeddable":true,"href":"https:\/\/conexion-mx.com\/index.php?rest_route=\/wp\/v2\/media\/3654"}],"wp:attachment":[{"href":"https:\/\/conexion-mx.com\/index.php?rest_route=%2Fwp%2Fv2%2Fmedia&parent=3653"}],"wp:term":[{"taxonomy":"category","embeddable":true,"href":"https:\/\/conexion-mx.com\/index.php?rest_route=%2Fwp%2Fv2%2Fcategories&post=3653"},{"taxonomy":"post_tag","embeddable":true,"href":"https:\/\/conexion-mx.com\/index.php?rest_route=%2Fwp%2Fv2%2Ftags&post=3653"}],"curies":[{"name":"wp","href":"https:\/\/api.w.org\/{rel}","templated":true}]}}