{"id":3659,"date":"2026-04-01T02:38:16","date_gmt":"2026-04-01T07:38:16","guid":{"rendered":"https:\/\/conexion-mx.com\/?p=3659"},"modified":"2026-04-01T02:38:16","modified_gmt":"2026-04-01T07:38:16","slug":"museo-de-la-ciudad-de-mexico-inaugura-la-exposicion-huellas-visibles-voces-silenciadas","status":"publish","type":"post","link":"https:\/\/conexion-mx.com\/?p=3659","title":{"rendered":"Museo de la Ciudad de M\u00e9xico inaugura la exposici\u00f3n \u201cHuellas visibles\u2026 voces silenciadas\u201d"},"content":{"rendered":"<p> <br \/>\n<\/p>\n<div>\n<p><strong>\u00a0El Museo de la Ciudad de M\u00e9xico <\/strong>inaugur\u00f3 el pasado <strong>28 de marzo la exposici\u00f3n \u00abHuellas visibles\u2026 Voces silenciadas\u00bb<\/strong>, una muestra que pone en di\u00e1logo el trabajo de decenas de artistas de <strong>M\u00e9xico, Brasil, Cuba, Chile, Espa\u00f1a y Polonia <\/strong>en base\u00a0a las <strong>experiencias, luchas y resistencias de las mujeres.<\/strong><\/p>\n<p>La iniciativa es impulsada por el <strong>Colectivo Mujeres en la M\u00fasica A.C.<\/strong> y su <strong>filial internacional ComuArte,<\/strong> organizaciones fundadas en <strong>1994<\/strong> que desde entonces promueven el arte hecho por mujeres a trav\u00e9s de<strong> encuentros anuales.<\/strong><\/p>\n<aside class=\"htmlinline\"\/>\n<p>La muestra presenta<strong> 98 obras en una amplia variedad de formatos:<\/strong> <strong>\u00f3leo, acr\u00edlico, t\u00e9cnicas mixtas, gr\u00e1fica, escultura, fotograf\u00eda, instalaci\u00f3n, arte objeto y textil.<\/strong> Esto\u00a0refleja la diversidad de procesos creativos y perspectivas que coexisten\u00a0en la exposici\u00f3n, ofreciendo un <strong>panorama contempor\u00e1neo del quehacer art\u00edstico femenino en constante transformaci\u00f3n.<\/strong><\/p>\n<h2>Memoria, justicia y resiliencia como hilo conductor<\/h2>\n<p><strong>Irma Velarde, directora de Artes Visuales<\/strong> del colectivo, explic\u00f3 que las obras hacen pensar sobre la <strong>memoria, la educaci\u00f3n y la justicia, y muestran las huellas de la lucha y la resistencia ante la violencia y la opresi\u00f3n.<\/strong><\/p>\n<p>La inauguraci\u00f3n tambi\u00e9n tuvo un momento muy emotivo: Velarde rindi\u00f3 homenaje a <strong>Marta Ortiz Sotres<\/strong>, una de las artistas que particip\u00f3 y que falleci\u00f3 recientemente, <strong>cuyo legado sigue presente en la exposici\u00f3n.<\/strong><\/p>\n<p class=\"image-align-center\"><img loading=\"lazy\" decoding=\"async\" alt=\"\" height=\"400\" src=\"https:\/\/heraldodemexico.com.mx\/u\/fotografias\/m\/2026\/3\/31\/f768x400-1266137_1310040_5050.jpg\" width=\"768\"\/><\/p>\n<h2>Un museo que construye nuevas narrativas<\/h2>\n<p><strong>Mariana G\u00f3mez Godoy, directora general de Patrimonio Hist\u00f3rico, Art\u00edstico y Cultural de la Secretar\u00eda de Cultura de la Ciudad de M\u00e9xico<\/strong>, destac\u00f3 la importancia de <strong>abrir espacios para las creadoras y reconocer los desaf\u00edos hist\u00f3ricos que han enfrentado.<\/strong><\/p>\n<p>Por su parte,\u00a0<strong>Jos\u00e9 Manuel Rodr\u00edguez Ram\u00edrez, director de la Red de Museos de la Ciudad de M\u00e9xico, <\/strong>celebr\u00f3 la exposici\u00f3n como un espacio que <strong>reconoce la diversidad creativa y el poder del arte para transformar la sociedad.<\/strong>&#13;<br \/>\n&#13;\n<\/p>\n<blockquote><p>&#13;<\/p>\n<p>\u201cEste museo se honra en presentar esta exposici\u00f3n, donde el colectivo de mujeres artistas muestra su diversidad creativa, talento y visi\u00f3n \u00fanica. Destaca la uni\u00f3n, la solidaridad y el poder del arte para transformar la sociedad y visibilizar sus historias y perspectivas. (&#8230;) El surgimiento de colectivos como este ha sido fundamental para avanzar hacia la justicia social. Desde la Secretar\u00eda de Cultura trabajamos para fortalecer la identidad, la memoria hist\u00f3rica y la cultura, con el objetivo de construir una sociedad m\u00e1s justa para todas y todos\u201d&#13;\n<\/p>\n<\/blockquote>\n<h2>Informaci\u00f3n para visitar la exposici\u00f3n<\/h2>\n<ul>&#13;<\/p>\n<li><strong>Hasta:\u00a014 de junio de 2026<\/strong><\/li>\n<p>&#13;<\/p>\n<li>Horario:\u00a0<strong>Martes a domingo, de 10:00 a 17:30 horas<\/strong><\/li>\n<p>&#13;<\/p>\n<li>Sede:\u00a0<strong>Museo de la Ciudad de M\u00e9xico \u2014 Jos\u00e9 Mar\u00eda Pino Su\u00e1rez 30, Centro Hist\u00f3rico, Cuauht\u00e9moc, CDMX<\/strong><\/li>\n<p>&#13;<\/p>\n<li>Admisi\u00f3n general:\u00a0<strong>$44 pesos<\/strong><\/li>\n<p>&#13;\n<\/ul>\n<\/p><\/div>\n<p><script>\n    !function(f,b,e,v,n,t,s)\n    {if(f.fbq)return;n=f.fbq=function(){n.callMethod?\n    n.callMethod.apply(n,arguments):n.queue.push(arguments)};\n    if(!f._fbq)f._fbq=n;n.push=n;n.loaded=!0;n.version='2.0';\n    n.queue=[];t=b.createElement(e);t.async=!0;\n    t.src=v;s=b.getElementsByTagName(e)[0];\n    s.parentNode.insertBefore(t,s)}(window, document,'script',\n    'https:\/\/connect.facebook.net\/en_US\/fbevents.js');\n    fbq('init', '237927003583820');\n    fbq('track', 'PageView');\n  <\/script><br \/>\n<br \/><\/p>\n","protected":false},"excerpt":{"rendered":"<p>\u00a0El Museo de la Ciudad de M\u00e9xico inaugur\u00f3 el pasado 28 de marzo la exposici\u00f3n \u00abHuellas visibles\u2026 Voces silenciadas\u00bb, una muestra que pone en di\u00e1logo el trabajo de decenas de artistas de M\u00e9xico, Brasil, Cuba, Chile, Espa\u00f1a y Polonia en base\u00a0a las experiencias, luchas y resistencias de las mujeres. La iniciativa es impulsada por el [&hellip;]<\/p>\n","protected":false},"author":4,"featured_media":3660,"comment_status":"","ping_status":"","sticky":false,"template":"","format":"standard","meta":{"footnotes":""},"categories":[33],"tags":[],"class_list":["post-3659","post","type-post","status-publish","format-standard","has-post-thumbnail","hentry","category-cultura"],"_links":{"self":[{"href":"https:\/\/conexion-mx.com\/index.php?rest_route=\/wp\/v2\/posts\/3659","targetHints":{"allow":["GET"]}}],"collection":[{"href":"https:\/\/conexion-mx.com\/index.php?rest_route=\/wp\/v2\/posts"}],"about":[{"href":"https:\/\/conexion-mx.com\/index.php?rest_route=\/wp\/v2\/types\/post"}],"author":[{"embeddable":true,"href":"https:\/\/conexion-mx.com\/index.php?rest_route=\/wp\/v2\/users\/4"}],"replies":[{"embeddable":true,"href":"https:\/\/conexion-mx.com\/index.php?rest_route=%2Fwp%2Fv2%2Fcomments&post=3659"}],"version-history":[{"count":0,"href":"https:\/\/conexion-mx.com\/index.php?rest_route=\/wp\/v2\/posts\/3659\/revisions"}],"wp:featuredmedia":[{"embeddable":true,"href":"https:\/\/conexion-mx.com\/index.php?rest_route=\/wp\/v2\/media\/3660"}],"wp:attachment":[{"href":"https:\/\/conexion-mx.com\/index.php?rest_route=%2Fwp%2Fv2%2Fmedia&parent=3659"}],"wp:term":[{"taxonomy":"category","embeddable":true,"href":"https:\/\/conexion-mx.com\/index.php?rest_route=%2Fwp%2Fv2%2Fcategories&post=3659"},{"taxonomy":"post_tag","embeddable":true,"href":"https:\/\/conexion-mx.com\/index.php?rest_route=%2Fwp%2Fv2%2Ftags&post=3659"}],"curies":[{"name":"wp","href":"https:\/\/api.w.org\/{rel}","templated":true}]}}