{"id":3665,"date":"2026-04-01T14:22:43","date_gmt":"2026-04-01T19:22:43","guid":{"rendered":"https:\/\/conexion-mx.com\/?p=3665"},"modified":"2026-04-01T14:22:43","modified_gmt":"2026-04-01T19:22:43","slug":"senado-realiza-foro-nacional-mujeres-entrelazando-lazos-por-mexico-sobre-derechos-e-igualdad","status":"publish","type":"post","link":"https:\/\/conexion-mx.com\/?p=3665","title":{"rendered":"Senado realiza Foro Nacional Mujeres entrelazando lazos por M\u00e9xico sobre derechos e igualdad"},"content":{"rendered":"<p> <br \/>\n<\/p>\n<div itemprop=\"articleBody\">\n<div class=\"txt_contenido\">\n<p>El<strong> Senado de la Rep\u00fablica<\/strong> fue sede del \u00a0<strong>3er\u00a0Foro Nacional\u00a0\u00abMujeres entrelazando lazos por M\u00e9xico\u00bb<\/strong>, un espacio de <strong>di\u00e1logo<\/strong> y <strong>pensamiento colectivo <\/strong>orientado a<strong> fortalecer los derechos de las mujeres, impulsar liderazgos con perspectiva de g\u00e9nero y construir pol\u00edticas p\u00fablicas transformadoras.<\/strong><\/p>\n<p>La senadora <strong>Alma Anah\u00ed Gonz\u00e1lez Hern\u00e1ndez, de Morena<\/strong>, inaugur\u00f3 los trabajos con un mensaje contundente: <strong>aunque marzo termina, la defensa de los derechos de las mujeres se vive y se ejerce todos los d\u00edas.<\/strong><\/p>\n<aside class=\"htmlinline\"\/>\n<h2>Organizaci\u00f3n feminista con motor de cambio\u00a0<\/h2>\n<p>La senadora se\u00f1al\u00f3 que esta causa existe organizaci\u00f3n para<strong> transformar la realidad de millones de mujeres que trabajan sin acceso a oportunidades, de quienes han tenido que dejar la escuela, de quienes sostienen a sus familias, de quienes enfrentan violencia o desigualdad.<\/strong><\/p>\n<p>En ese contexto, destac\u00f3 el papel de la\u00a0\u00a0<strong>Coordinaci\u00f3n Nacional de Movimientos Feministas (Conamfem)<\/strong> como red que conecta esfuerzos y evita que los avances queden aislados.<\/p>\n<blockquote><p>&#13;<\/p>\n<p>\u00abLas mujeres est\u00e1n ocupando espacios importantes y de decisi\u00f3n\u00bb<\/p>\n<p>&#13;\n<\/p><\/blockquote>\n<p>La frase es una \u00a0cita de <strong>La presidenta Claudia Sheinbaum.\u00a0<\/strong><\/p>\n<p class=\"image-align-center\"><img loading=\"lazy\" decoding=\"async\" alt=\"\" height=\"400\" src=\"https:\/\/heraldodemexico.com.mx\/u\/fotografias\/m\/2026\/3\/25\/f768x400-1263604_1307507_5050.jpg\" width=\"768\"\/><\/p>\n<h2>Conamfem propone reformas constitucionales y mecanismos internacionales de protecci\u00f3n<\/h2>\n<p><strong>La presidenta nacional de Conamfem,<\/strong> <strong>Marycruz Rodr\u00edguez Mart\u00ednez, <\/strong>advirti\u00f3 que hablar de mujeres no puede quedarse en el discurso: la realidad demuestra que a\u00fan hay<strong> vac\u00edos profundos que las afectan.<\/strong> Propuso reforzar los art\u00edculos de la <strong>Constituci\u00f3n<\/strong> donde persisten esas lagunas, e impulsar junto a la <strong>presidenta de la Rep\u00fablica\u00a0<\/strong>\u00a0mecanismos internacionales que p<strong>ermitan sanciones m\u00e1s severas para quienes ejerzan violencia contra las mujeres <\/strong>y una mayor protecci\u00f3n para las v\u00edctimas, con base en los tratados internacionales vigentes.&#13;<br \/>\n&#13;\n<\/p>\n<h2>La Transformaci\u00f3n del pa\u00eds tambi\u00e9n tiene rostro de mujer\u00a0<\/h2>\n<p>La diputada <strong>Adriana Belinda Quiroz, de Morena <\/strong>afirm\u00f3 que <strong>las mujeres no son espectadoras sino protagonistas del cambio. <\/strong>Sostuvo que la realidad sustantiva \u00a0no es solo una realidad, sino un proyecto nacional en construcci\u00f3n que reconoce las desigualdades hist\u00f3ricas y busca corregirlas desde el territorio y las comunidades. Hizo un llamado a que el foro sea un punto de partida concreto: <strong>Un espacio donde surjan nuevas ideas,\u00a0\u00a0alianzas e iniciativas con compromisos claros.<\/strong>&#13;<br \/>\n&#13;<br \/>\n&#13;\n                                <\/p>\n<\/p><\/div>\n<\/p><\/div>\n<p><script>\n    !function(f,b,e,v,n,t,s)\n    {if(f.fbq)return;n=f.fbq=function(){n.callMethod?\n    n.callMethod.apply(n,arguments):n.queue.push(arguments)};\n    if(!f._fbq)f._fbq=n;n.push=n;n.loaded=!0;n.version='2.0';\n    n.queue=[];t=b.createElement(e);t.async=!0;\n    t.src=v;s=b.getElementsByTagName(e)[0];\n    s.parentNode.insertBefore(t,s)}(window, document,'script',\n    'https:\/\/connect.facebook.net\/en_US\/fbevents.js');\n    fbq('init', '237927003583820');\n    fbq('track', 'PageView');\n  <\/script><script>\n    !function(f,b,e,v,n,t,s)\n    {if(f.fbq)return;n=f.fbq=function(){n.callMethod?\n    n.callMethod.apply(n,arguments):n.queue.push(arguments)};\n    if(!f._fbq)f._fbq=n;n.push=n;n.loaded=!0;n.version='2.0';\n    n.queue=[];t=b.createElement(e);t.async=!0;\n    t.src=v;s=b.getElementsByTagName(e)[0];\n    s.parentNode.insertBefore(t,s)}(window, document,'script',\n    'https:\/\/connect.facebook.net\/en_US\/fbevents.js');\n    fbq('init', '802372280934901');\n    fbq('track', 'PageView');\n    <\/script><br \/>\n<br \/><\/p>\n","protected":false},"excerpt":{"rendered":"<p>El Senado de la Rep\u00fablica fue sede del \u00a03er\u00a0Foro Nacional\u00a0\u00abMujeres entrelazando lazos por M\u00e9xico\u00bb, un espacio de di\u00e1logo y pensamiento colectivo orientado a fortalecer los derechos de las mujeres, impulsar liderazgos con perspectiva de g\u00e9nero y construir pol\u00edticas p\u00fablicas transformadoras. La senadora Alma Anah\u00ed Gonz\u00e1lez Hern\u00e1ndez, de Morena, inaugur\u00f3 los trabajos con un mensaje contundente: [&hellip;]<\/p>\n","protected":false},"author":2,"featured_media":3666,"comment_status":"","ping_status":"","sticky":false,"template":"","format":"standard","meta":{"footnotes":""},"categories":[2],"tags":[],"class_list":["post-3665","post","type-post","status-publish","format-standard","has-post-thumbnail","hentry","category-local"],"_links":{"self":[{"href":"https:\/\/conexion-mx.com\/index.php?rest_route=\/wp\/v2\/posts\/3665","targetHints":{"allow":["GET"]}}],"collection":[{"href":"https:\/\/conexion-mx.com\/index.php?rest_route=\/wp\/v2\/posts"}],"about":[{"href":"https:\/\/conexion-mx.com\/index.php?rest_route=\/wp\/v2\/types\/post"}],"author":[{"embeddable":true,"href":"https:\/\/conexion-mx.com\/index.php?rest_route=\/wp\/v2\/users\/2"}],"replies":[{"embeddable":true,"href":"https:\/\/conexion-mx.com\/index.php?rest_route=%2Fwp%2Fv2%2Fcomments&post=3665"}],"version-history":[{"count":0,"href":"https:\/\/conexion-mx.com\/index.php?rest_route=\/wp\/v2\/posts\/3665\/revisions"}],"wp:featuredmedia":[{"embeddable":true,"href":"https:\/\/conexion-mx.com\/index.php?rest_route=\/wp\/v2\/media\/3666"}],"wp:attachment":[{"href":"https:\/\/conexion-mx.com\/index.php?rest_route=%2Fwp%2Fv2%2Fmedia&parent=3665"}],"wp:term":[{"taxonomy":"category","embeddable":true,"href":"https:\/\/conexion-mx.com\/index.php?rest_route=%2Fwp%2Fv2%2Fcategories&post=3665"},{"taxonomy":"post_tag","embeddable":true,"href":"https:\/\/conexion-mx.com\/index.php?rest_route=%2Fwp%2Fv2%2Ftags&post=3665"}],"curies":[{"name":"wp","href":"https:\/\/api.w.org\/{rel}","templated":true}]}}