{"id":3669,"date":"2026-04-01T22:27:28","date_gmt":"2026-04-02T03:27:28","guid":{"rendered":"https:\/\/conexion-mx.com\/?p=3669"},"modified":"2026-04-01T22:27:28","modified_gmt":"2026-04-02T03:27:28","slug":"asi-funcionara-el-carril-reversible-en-carretera-de-monterrey-fechas-y-horarios","status":"publish","type":"post","link":"https:\/\/conexion-mx.com\/?p=3669","title":{"rendered":"As\u00ed funcionar\u00e1 el carril reversible en carretera de Monterrey: fechas y horarios"},"content":{"rendered":"<p> <br \/>\n<\/p>\n<div itemprop=\"articleBody\">\n<div class=\"txt_contenido\">\n<p>El <strong>Gobierno de Monterrey<\/strong> anunci\u00f3 mediante un comunicado que durante <strong>Semana Santa <\/strong>se <strong>activar\u00e1n los carriles reversibles<\/strong> de la <strong>Carretera Nacional<\/strong>.<\/p>\n<p>Lo anterior como parte del <strong>operativo de seguridad<\/strong> conformado por elementos del personal de la\u00a0<strong>Direcci\u00f3n de Tr\u00e1nsito y Seguridad Vial<\/strong>.<\/p>\n<aside class=\"htmlinline\"\/>\n<p>Las autoridades\u00a0<strong>abrir\u00e1n el carril de la avenida Eugenio Garza Sada<\/strong> de <strong>norte a sur<\/strong>,\u00a0<strong>desde la colonia Paseo de las Fuentes a la Rioja<\/strong>, en un<strong> <\/strong>tramo de 4.4 kil\u00f3metros.<\/p>\n<aside class=\"relacionadas con-foto linea-1078\"><strong class=\"relacionadas-titulo-gral\">Noticias Relacionadas<\/strong><\/aside>\n<p>Ser\u00e1 durante los d\u00edas\u00a0<strong>jueves 2 de abril y hasta el domingo 5 de abril<\/strong>, en un <strong>horario de las 10:00 a las 14:00 horas<\/strong>.<\/p>\n<p>Seg\u00fan las autoridades, se pretende <strong>reducir\u00a0a 12 minutos con 47 segundos el tiempo de recorrido,<\/strong> ya que actualmente\u00a0desde el Bulevar Acapulco a La Rioja son\u00a024 minutos,\u00a0teniendo as\u00ed una mejora del 47 por ciento.<\/p>\n<p>Durante la tarde y de ser necesario en el sentido contrario, <strong>se abrir\u00e1 de las 18:30 a las 21:30 horas<\/strong>, <strong>de La Rioja al Parque Canoas<\/strong>, siendo el recorrido de cuatro minutos con 30 segundos.<\/p>\n<div class=\"image-align-center\">\n<figure class=\"image\"><img loading=\"lazy\" decoding=\"async\" alt=\"\" height=\"1091\" src=\"https:\/\/heraldodemexico.com.mx\/u\/fotografias\/m\/2026\/4\/1\/f768x1-1266798_1266925_5050.jpeg\" width=\"768\"\/>&#13;<figcaption>Abrir\u00e1n carriles en Carretera Nacional en Semana Santa \/ FOTO: Cortes\u00eda<\/figcaption>&#13;<br \/>\n<\/figure>\n<\/div>\n<h2>Suspender\u00e1n carriles habituales<\/h2>\n<p>El Gobierno de Monterrey inform\u00f3\u00a0tambi\u00e9n que este jueves 2 y viernes 3 de abril\u00a0<strong>se cancelar\u00e1n\u00a0los carriles reversibles que se aplican en forma habitual, por las ma\u00f1anas y por la tarde, en la avenida Paseo de los Leones.<\/strong><\/p>\n<p>Adem\u00e1s, <strong>se suspender\u00e1n los carriles\u00a0matutinos de las avenidas Gonzalitos, Morones\u00a0Prieto y Chapultepec<\/strong>, volviendo a instalarse todos ellos <strong>el pr\u00f3ximo lunes 6 de abril.<\/strong>&#13;<br \/>\n&#13;\n<\/p>\n<p>Las autoridades municipales exhortan a los automovilistas a <strong>conducir con precauci\u00f3n, respetar los l\u00edmites de velocidad y utilizar el cintur\u00f3n de seguridad.<\/strong>&#13;<br \/>\n&#13;<br \/>\n&#13;\n                                <\/p>\n<\/p><\/div>\n<\/p><\/div>\n<p><script>\n    !function(f,b,e,v,n,t,s)\n    {if(f.fbq)return;n=f.fbq=function(){n.callMethod?\n    n.callMethod.apply(n,arguments):n.queue.push(arguments)};\n    if(!f._fbq)f._fbq=n;n.push=n;n.loaded=!0;n.version='2.0';\n    n.queue=[];t=b.createElement(e);t.async=!0;\n    t.src=v;s=b.getElementsByTagName(e)[0];\n    s.parentNode.insertBefore(t,s)}(window, document,'script',\n    'https:\/\/connect.facebook.net\/en_US\/fbevents.js');\n    fbq('init', '237927003583820');\n    fbq('track', 'PageView');\n  <\/script><script>\n    !function(f,b,e,v,n,t,s)\n    {if(f.fbq)return;n=f.fbq=function(){n.callMethod?\n    n.callMethod.apply(n,arguments):n.queue.push(arguments)};\n    if(!f._fbq)f._fbq=n;n.push=n;n.loaded=!0;n.version='2.0';\n    n.queue=[];t=b.createElement(e);t.async=!0;\n    t.src=v;s=b.getElementsByTagName(e)[0];\n    s.parentNode.insertBefore(t,s)}(window, document,'script',\n    'https:\/\/connect.facebook.net\/en_US\/fbevents.js');\n    fbq('init', '802372280934901');\n    fbq('track', 'PageView');\n    <\/script><br \/>\n<br \/><\/p>\n","protected":false},"excerpt":{"rendered":"<p>El Gobierno de Monterrey anunci\u00f3 mediante un comunicado que durante Semana Santa se activar\u00e1n los carriles reversibles de la Carretera Nacional. Lo anterior como parte del operativo de seguridad conformado por elementos del personal de la\u00a0Direcci\u00f3n de Tr\u00e1nsito y Seguridad Vial. Las autoridades\u00a0abrir\u00e1n el carril de la avenida Eugenio Garza Sada de norte a sur,\u00a0desde [&hellip;]<\/p>\n","protected":false},"author":2,"featured_media":3670,"comment_status":"","ping_status":"","sticky":false,"template":"","format":"standard","meta":{"footnotes":""},"categories":[2],"tags":[],"class_list":["post-3669","post","type-post","status-publish","format-standard","has-post-thumbnail","hentry","category-local"],"_links":{"self":[{"href":"https:\/\/conexion-mx.com\/index.php?rest_route=\/wp\/v2\/posts\/3669","targetHints":{"allow":["GET"]}}],"collection":[{"href":"https:\/\/conexion-mx.com\/index.php?rest_route=\/wp\/v2\/posts"}],"about":[{"href":"https:\/\/conexion-mx.com\/index.php?rest_route=\/wp\/v2\/types\/post"}],"author":[{"embeddable":true,"href":"https:\/\/conexion-mx.com\/index.php?rest_route=\/wp\/v2\/users\/2"}],"replies":[{"embeddable":true,"href":"https:\/\/conexion-mx.com\/index.php?rest_route=%2Fwp%2Fv2%2Fcomments&post=3669"}],"version-history":[{"count":0,"href":"https:\/\/conexion-mx.com\/index.php?rest_route=\/wp\/v2\/posts\/3669\/revisions"}],"wp:featuredmedia":[{"embeddable":true,"href":"https:\/\/conexion-mx.com\/index.php?rest_route=\/wp\/v2\/media\/3670"}],"wp:attachment":[{"href":"https:\/\/conexion-mx.com\/index.php?rest_route=%2Fwp%2Fv2%2Fmedia&parent=3669"}],"wp:term":[{"taxonomy":"category","embeddable":true,"href":"https:\/\/conexion-mx.com\/index.php?rest_route=%2Fwp%2Fv2%2Fcategories&post=3669"},{"taxonomy":"post_tag","embeddable":true,"href":"https:\/\/conexion-mx.com\/index.php?rest_route=%2Fwp%2Fv2%2Ftags&post=3669"}],"curies":[{"name":"wp","href":"https:\/\/api.w.org\/{rel}","templated":true}]}}