{"id":3671,"date":"2026-04-02T06:28:03","date_gmt":"2026-04-02T11:28:03","guid":{"rendered":"https:\/\/conexion-mx.com\/?p=3671"},"modified":"2026-04-02T06:28:03","modified_gmt":"2026-04-02T11:28:03","slug":"como-esta-la-mexico-cuernavaca-hoy-2-de-abril-en-jueves-santo","status":"publish","type":"post","link":"https:\/\/conexion-mx.com\/?p=3671","title":{"rendered":"\u00bfC\u00f3mo est\u00e1 la M\u00e9xico &#8211; Cuernavaca HOY 2 de abril en Jueves Santo?"},"content":{"rendered":"<p> <br \/>\n<\/p>\n<div itemprop=\"articleBody\">\n<div class=\"txt_contenido\">\n<p>Este <strong>Jueves Santo<\/strong> muchos mexicanos inician con sus<strong> vacaciones por Semana Santa<\/strong> y las salidas a playas, pueblos m\u00e1gicos y m\u00e1s destinos del pa\u00eds comienzan a ser prioridad; una de las <strong>carreteras <\/strong>con mayor afluencia veh\u00edcular es la <strong>M\u00e9xico-Cuernavaca,<\/strong> que conecta la movilidad hacia el<strong> sur de M\u00e9xico.<\/strong><\/p>\n<p>Y si piensas salir de viaje este <strong>jueves 2 de abril,<\/strong> ya sea durante las primeras horas del d\u00eda o a lo largo de la jornada, es importante que tomes en cuenta las <strong>afectaciones<\/strong>, el <strong>tr\u00e1fico <\/strong>y otras razones que podr\u00edan <strong>beneficiar <\/strong>o <strong>afectar tu viaje.<\/strong> Es por ello que te contamos <strong>c\u00f3mo est\u00e1 la M\u00e9xico-Cuernavaca para que tomes tus precauciones.\u00a0<\/strong><\/p>\n<aside class=\"htmlinline\"\/>\n<p>En punto de las<strong> 5:00 de la ma\u00f1ana <\/strong>ni la Guardia Nacional Carreteras ni usuarios de redes sociales han reportado <strong>afectaciones <\/strong>en la carretera que conecta la <strong>CDMX <\/strong>con <strong>Cuernavaca, Morelos, y otros destinos como Acapulco, en Guerrero.\u00a0<\/strong><\/p>\n<p>Sin embargo, es importante que recuerdes que esta autopista suele tener una <strong>afluencia veh\u00edcular importante<\/strong>, por lo que es probable que durante el periodo vacacional de esta Semana Santa el tr\u00e1fico se haga presente.\u00a0<\/p>\n<h2>Reportan \u00e1rbol ca\u00eddo en el km 54\u00a0<\/h2>\n<p>La madrugada de este Jueves Santo 2 de abril usuarios de redes sociales reportaron un \u00e1rbol ca\u00eddo en el kil\u00f3metro 54, ocasionando la obstrucci\u00f3n de dos carriles, pero a seis horas del incidente no se tienen m\u00e1s detalles.\u00a0<\/p>\n<figure class=\"image\"><img loading=\"lazy\" decoding=\"async\" alt=\"\" height=\"301\" src=\"https:\/\/heraldodemexico.com.mx\/u\/fotografias\/m\/2026\/4\/2\/f768x1-1266889_1267016_5050.png\" width=\"768\"\/>&#13;<figcaption>(Foto: X)<\/figcaption>&#13;<br \/>\n<\/figure>\n<p>\u00a0<\/p>\n<\/p><\/div>\n<\/p><\/div>\n<p><script>\n    !function(f,b,e,v,n,t,s)\n    {if(f.fbq)return;n=f.fbq=function(){n.callMethod?\n    n.callMethod.apply(n,arguments):n.queue.push(arguments)};\n    if(!f._fbq)f._fbq=n;n.push=n;n.loaded=!0;n.version='2.0';\n    n.queue=[];t=b.createElement(e);t.async=!0;\n    t.src=v;s=b.getElementsByTagName(e)[0];\n    s.parentNode.insertBefore(t,s)}(window, document,'script',\n    'https:\/\/connect.facebook.net\/en_US\/fbevents.js');\n    fbq('init', '237927003583820');\n    fbq('track', 'PageView');\n  <\/script><script>\n    !function(f,b,e,v,n,t,s)\n    {if(f.fbq)return;n=f.fbq=function(){n.callMethod?\n    n.callMethod.apply(n,arguments):n.queue.push(arguments)};\n    if(!f._fbq)f._fbq=n;n.push=n;n.loaded=!0;n.version='2.0';\n    n.queue=[];t=b.createElement(e);t.async=!0;\n    t.src=v;s=b.getElementsByTagName(e)[0];\n    s.parentNode.insertBefore(t,s)}(window, document,'script',\n    'https:\/\/connect.facebook.net\/en_US\/fbevents.js');\n    fbq('init', '802372280934901');\n    fbq('track', 'PageView');\n    <\/script><br \/>\n<br \/><\/p>\n","protected":false},"excerpt":{"rendered":"<p>Este Jueves Santo muchos mexicanos inician con sus vacaciones por Semana Santa y las salidas a playas, pueblos m\u00e1gicos y m\u00e1s destinos del pa\u00eds comienzan a ser prioridad; una de las carreteras con mayor afluencia veh\u00edcular es la M\u00e9xico-Cuernavaca, que conecta la movilidad hacia el sur de M\u00e9xico. Y si piensas salir de viaje este [&hellip;]<\/p>\n","protected":false},"author":2,"featured_media":3672,"comment_status":"","ping_status":"","sticky":false,"template":"","format":"standard","meta":{"footnotes":""},"categories":[2],"tags":[],"class_list":["post-3671","post","type-post","status-publish","format-standard","has-post-thumbnail","hentry","category-local"],"_links":{"self":[{"href":"https:\/\/conexion-mx.com\/index.php?rest_route=\/wp\/v2\/posts\/3671","targetHints":{"allow":["GET"]}}],"collection":[{"href":"https:\/\/conexion-mx.com\/index.php?rest_route=\/wp\/v2\/posts"}],"about":[{"href":"https:\/\/conexion-mx.com\/index.php?rest_route=\/wp\/v2\/types\/post"}],"author":[{"embeddable":true,"href":"https:\/\/conexion-mx.com\/index.php?rest_route=\/wp\/v2\/users\/2"}],"replies":[{"embeddable":true,"href":"https:\/\/conexion-mx.com\/index.php?rest_route=%2Fwp%2Fv2%2Fcomments&post=3671"}],"version-history":[{"count":0,"href":"https:\/\/conexion-mx.com\/index.php?rest_route=\/wp\/v2\/posts\/3671\/revisions"}],"wp:featuredmedia":[{"embeddable":true,"href":"https:\/\/conexion-mx.com\/index.php?rest_route=\/wp\/v2\/media\/3672"}],"wp:attachment":[{"href":"https:\/\/conexion-mx.com\/index.php?rest_route=%2Fwp%2Fv2%2Fmedia&parent=3671"}],"wp:term":[{"taxonomy":"category","embeddable":true,"href":"https:\/\/conexion-mx.com\/index.php?rest_route=%2Fwp%2Fv2%2Fcategories&post=3671"},{"taxonomy":"post_tag","embeddable":true,"href":"https:\/\/conexion-mx.com\/index.php?rest_route=%2Fwp%2Fv2%2Ftags&post=3671"}],"curies":[{"name":"wp","href":"https:\/\/api.w.org\/{rel}","templated":true}]}}