{"id":3673,"date":"2026-04-02T10:56:54","date_gmt":"2026-04-02T15:56:54","guid":{"rendered":"https:\/\/conexion-mx.com\/?p=3673"},"modified":"2026-04-02T10:56:54","modified_gmt":"2026-04-02T15:56:54","slug":"ya-no-me-habla-pedro-sola-se-lanza-contra-conductora-del-programa-hoy-exhibe-los-malos-tratos-de-la-famosa","status":"publish","type":"post","link":"https:\/\/conexion-mx.com\/?p=3673","title":{"rendered":"\u00abYa no me habla\u00bb: Pedro Sola se lanza contra conductora del programa Hoy, exhibe los malos tratos de la famosa"},"content":{"rendered":"<p> <br \/>\n<\/p>\n<div>\n<p>Los focos se encendieron en la reciente transmisi\u00f3n del <strong>programa \u00abVentaneando\u00bb<\/strong> despu\u00e9s de que su conductor,<strong> Pedrito Sola<\/strong>, no se guardara nada para hablar del distanciamiento que actualmente tiene con <strong>Tania Rinc\u00f3n<\/strong>, su ex compa\u00f1era en TV Azteca.\u00a0<\/p>\n<p>En pleno programa en vivo, <strong>Pedro Sola<\/strong>, record\u00f3 que ten\u00eda una gran relaci\u00f3n con <strong>Tania Rinc\u00f3n <\/strong>cuando ambos trabajaban en la televisora del Ajusco; sin embargo, desde hace un tiempo la actual conductora del \u00abprograma Hoy\u00bb le dej\u00f3 de hablar y eso lo comprob\u00f3 durante un evento en el que coincidieron.\u00a0<\/p>\n<aside class=\"htmlinline\"\/>\n<figure class=\"image\"><img loading=\"lazy\" decoding=\"async\" alt=\"pedro sola tania rincon pelea discusion\" height=\"435\" src=\"https:\/\/heraldodemexico.com.mx\/u\/fotografias\/m\/2026\/3\/31\/f768x1-1265874_1266001_5050.jpg\" width=\"768\"\/>&#13;<figcaption>El conductor habl\u00f3 en pleno programa en vivo. Foto: Especial<\/figcaption>&#13;<br \/>\n<\/figure>\n<h2>Pedro Sola se lanza contra Tania Rinc\u00f3n<\/h2>\n<p>Durante la reciente transmisi\u00f3n del programa <strong>\u00abVentaneando\u00bb, Pedro Sola<\/strong>, destap\u00f3 el\u00a0distanciamiento que tiene con Tania Rinc\u00f3n, actual conductora del \u00abprograma Hoy\u00bb. El famoso explic\u00f3 que no sabe el motivo, pero est\u00e1 casi seguro que fue por alg\u00fan comentario que hizo en la transmisi\u00f3n de TV Azteca.<\/p>\n<aside class=\"relacionadas con-foto linea-1078\"><strong class=\"relacionadas-titulo-gral\">Noticias Relacionadas<\/strong><\/aside>\n<p>Frente al elenco de \u00abVentaneando\u00bb, <strong>Pedro Sola record\u00f3 que ten\u00eda una buena relaci\u00f3n con Tania Rinc\u00f3n<\/strong>, pero un d\u00eda se la encontr\u00f3 en un evento y ella no lo salud\u00f3, demostrando que actualmente est\u00e1n distanciados.\u00a0<\/p>\n<blockquote><p>&#13;<\/p>\n<p>\u00abTan bien que me llevaba yo con ella y ahora ya no me habla. Me extra\u00f1a. Un d\u00eda fui a un evento donde estaba ella y cuando termin\u00f3 pens\u00e9 que ven\u00eda (a saludarlo), pero no\u00bb, cont\u00f3.\u00a0<\/p>\n<p>&#13;\n<\/p><\/blockquote>\n<p>Despu\u00e9s de destapar su distanciamiento, <strong>Pedro Sola<\/strong> dijo que no le importa que no le hable <strong>Tania Rinc\u00f3n<\/strong> ya que actualmente trabajan para televisoras distintas. El conductor puso fin a la pol\u00e9mica al decir que la titular del \u00abprograma Hoy\u00bb ya no es su amiga.\u00a0<\/p>\n<blockquote><p>&#13;<\/p>\n<p>\u00abBueno no importa, ya no est\u00e1 ac\u00e1, ya vive en otro lado, ya no es mi amiga\u00bb, sentenci\u00f3.\u00a0<\/p>\n<p>&#13;\n<\/p><\/blockquote>\n<p>Hasta el momento Tania Rinc\u00f3n no ha reaccionado a la controversia que destap\u00f3 <strong>Pedro Sola<\/strong>, pero todo indica que el distanciamiento se debi\u00f3 a unos comentarios que hizo el conductor de \u00abVentaneando\u00bb sobre su vida amorosa.\u00a0&#13;<br \/>\n&#13;\n<\/p>\n<p>Para escuchar las declaraciones reproduce el video a partir del minuto 4:00&#13;<br \/>\n&#13;\n<\/p>\n<p>\u00a0&#13;<br \/>\n&#13;<br \/>\n&#13;\n                                <\/p>\n<\/p><\/div>\n<p><script>\n    !function(f,b,e,v,n,t,s)\n    {if(f.fbq)return;n=f.fbq=function(){n.callMethod?\n    n.callMethod.apply(n,arguments):n.queue.push(arguments)};\n    if(!f._fbq)f._fbq=n;n.push=n;n.loaded=!0;n.version='2.0';\n    n.queue=[];t=b.createElement(e);t.async=!0;\n    t.src=v;s=b.getElementsByTagName(e)[0];\n    s.parentNode.insertBefore(t,s)}(window, document,'script',\n    'https:\/\/connect.facebook.net\/en_US\/fbevents.js');\n    fbq('init', '237927003583820');\n    fbq('track', 'PageView');\n  <\/script><script>\n    !function(f,b,e,v,n,t,s)\n    {if(f.fbq)return;n=f.fbq=function(){n.callMethod?\n    n.callMethod.apply(n,arguments):n.queue.push(arguments)};\n    if(!f._fbq)f._fbq=n;n.push=n;n.loaded=!0;n.version='2.0';\n    n.queue=[];t=b.createElement(e);t.async=!0;\n    t.src=v;s=b.getElementsByTagName(e)[0];\n    s.parentNode.insertBefore(t,s)}(window, document,'script',\n    'https:\/\/connect.facebook.net\/en_US\/fbevents.js');\n    fbq('init', '775201487065840');\n    fbq('track', 'PageView');\n    <\/script><br \/>\n<br \/><\/p>\n","protected":false},"excerpt":{"rendered":"<p>Los focos se encendieron en la reciente transmisi\u00f3n del programa \u00abVentaneando\u00bb despu\u00e9s de que su conductor, Pedrito Sola, no se guardara nada para hablar del distanciamiento que actualmente tiene con Tania Rinc\u00f3n, su ex compa\u00f1era en TV Azteca.\u00a0 En pleno programa en vivo, Pedro Sola, record\u00f3 que ten\u00eda una gran relaci\u00f3n con Tania Rinc\u00f3n cuando [&hellip;]<\/p>\n","protected":false},"author":3,"featured_media":3674,"comment_status":"","ping_status":"","sticky":false,"template":"","format":"standard","meta":{"footnotes":""},"categories":[35],"tags":[],"class_list":["post-3673","post","type-post","status-publish","format-standard","has-post-thumbnail","hentry","category-espectaculos"],"_links":{"self":[{"href":"https:\/\/conexion-mx.com\/index.php?rest_route=\/wp\/v2\/posts\/3673","targetHints":{"allow":["GET"]}}],"collection":[{"href":"https:\/\/conexion-mx.com\/index.php?rest_route=\/wp\/v2\/posts"}],"about":[{"href":"https:\/\/conexion-mx.com\/index.php?rest_route=\/wp\/v2\/types\/post"}],"author":[{"embeddable":true,"href":"https:\/\/conexion-mx.com\/index.php?rest_route=\/wp\/v2\/users\/3"}],"replies":[{"embeddable":true,"href":"https:\/\/conexion-mx.com\/index.php?rest_route=%2Fwp%2Fv2%2Fcomments&post=3673"}],"version-history":[{"count":0,"href":"https:\/\/conexion-mx.com\/index.php?rest_route=\/wp\/v2\/posts\/3673\/revisions"}],"wp:featuredmedia":[{"embeddable":true,"href":"https:\/\/conexion-mx.com\/index.php?rest_route=\/wp\/v2\/media\/3674"}],"wp:attachment":[{"href":"https:\/\/conexion-mx.com\/index.php?rest_route=%2Fwp%2Fv2%2Fmedia&parent=3673"}],"wp:term":[{"taxonomy":"category","embeddable":true,"href":"https:\/\/conexion-mx.com\/index.php?rest_route=%2Fwp%2Fv2%2Fcategories&post=3673"},{"taxonomy":"post_tag","embeddable":true,"href":"https:\/\/conexion-mx.com\/index.php?rest_route=%2Fwp%2Fv2%2Ftags&post=3673"}],"curies":[{"name":"wp","href":"https:\/\/api.w.org\/{rel}","templated":true}]}}