{"id":3675,"date":"2026-04-02T14:29:03","date_gmt":"2026-04-02T19:29:03","guid":{"rendered":"https:\/\/conexion-mx.com\/?p=3675"},"modified":"2026-04-02T14:29:03","modified_gmt":"2026-04-02T19:29:03","slug":"donde-ver-en-vivo-en-television-abierta-la-representacion-de-la-pasion-de-cristo-en-iztapalapa-2026-horario-y-canales","status":"publish","type":"post","link":"https:\/\/conexion-mx.com\/?p=3675","title":{"rendered":"\u00bfD\u00f3nde ver en vivo en televisi\u00f3n abierta la representaci\u00f3n de la Pasi\u00f3n de Cristo en Iztapalapa 2026? | HORARIO y CANALES"},"content":{"rendered":"<p> <br \/>\n<\/p>\n<div>\n<p>El viernes 3 de abril se llevar\u00e1 a cabo la edici\u00f3n 183 de la<strong> \u201cRepresentaci\u00f3n de la Pasi\u00f3n, Muerte y Resurrecci\u00f3n de Cristo\u201d<\/strong> en e<strong>l Cerro de la Estrella de Iztapalapa<\/strong> en la Ciudad de M\u00e9xico y debido a que es uno de los eventos religiosos que m\u00e1s inter\u00e9s genera miles de personas se han cuestionado <strong>c\u00f3mo es que podr\u00e1n verlo en televisi\u00f3n abierta completamente en vivo<\/strong>, por ello, en esta nota te diremos todo lo que se sabe al respecto.<\/p>\n<p>Como se dijo antes la<strong> Representaci\u00f3n de la Pasi\u00f3n, Muerte y Resurrecci\u00f3n de Cristo de Iztapalapa<\/strong> es una de las celebraciones religiosas m\u00e1s importantes del pa\u00eds, prueba de ello es que el pasado mes de diciembre, la Unesco la incluy\u00f3 en la Lista Representativa del <strong>Patrimonio Cultural Inmaterial de la Humanidad<\/strong>, por lo que se espera que, en esta edici\u00f3n, la cual, ser\u00e1 183, la afluencia sea mayor a la de a\u00f1os pasados.<\/p>\n<aside class=\"htmlinline\"\/>\n<h2>Este es el cronograma de la Representaci\u00f3n de la Pasi\u00f3n, Muerte y Resurrecci\u00f3n de Cristo de Iztapalapa<\/h2>\n<p>De acuerdo con la informaci\u00f3n difundida por las autoridades de la alcald\u00eda Iztapalapa y de la Ciudad de M\u00e9xico, el <strong>jueves 2 de abril<\/strong> se har\u00e1 un<strong> recorrido por los ocho barrios<\/strong> a partir de las 14:00 horas, el cual, culminar\u00e1 alrededor de las 23:00 horas en el Camino al Cerro de la Estrella.<\/p>\n<aside class=\"relacionadas con-foto linea-1078\"><strong class=\"relacionadas-titulo-gral\">Noticias Relacionadas<\/strong><\/aside>\n<p>El Viacrucis dar\u00e1 inicio en punto de las 13:00 horas del<strong> viernes 3 de abril <\/strong>y se inform\u00f3 que el recorrido tendr\u00e1 la siguiente ruta: calles Aztecas, 5 de Mayo, avenida Toltecas, calles Cobos, General Anaya, Ignacio Comonfort, Ayuntamiento, Luis Hidalgo Monroy, Concepci\u00f3n \u00c1lvarez, Vicente Guerrero, Concepci\u00f3n \u00c1lvarez, Artemio Alp\u00edzar, Allende, Ayuntamiento, Lerdo de Tejada, Mariano Escobedo, Estrella y Camino al Cerro de la Estrella.<\/p>\n<p>Es importante se\u00f1alar que, para este magno evento religioso que atraer\u00e1 la llegada de miles de personas, la Secretar\u00eda de Seguridad Ciudadana de la Ciudad de M\u00e9xico desplegar\u00e1 un<strong> robusto dispositivo de seguridad en el que participar\u00e1n m\u00e1s de 9 mil 188 polic\u00edas y 549 veh\u00edculos, as\u00ed como mil 500 elementos de la Polic\u00eda Auxiliar.<\/strong><\/p>\n<h2>\u00bfD\u00f3nde ver en vivo la Representaci\u00f3n de la Pasi\u00f3n, Muerte y Resurrecci\u00f3n de Cristo de Iztapalapa?<\/h2>\n<p>Hasta el corte de esta redacci\u00f3n, los <strong>canales de televisi\u00f3n abierta<\/strong> que han confirmado que transmitir\u00e1n la edici\u00f3n 183 de la Representaci\u00f3n de la Pasi\u00f3n, Muerte y Resurrecci\u00f3n de Cristo de Iztapalapa son los siguientes, adem\u00e1s, tambi\u00e9n se podr\u00e1 seguir este evento en vivo a trav\u00e9s de sus portales web oficiales o en sus canales de YouTube:<\/p>\n<ul>&#13;<\/p>\n<li>Foro TV<\/li>\n<p>&#13;<\/p>\n<li>N+<\/li>\n<p>&#13;<\/p>\n<li>Azteca Uno<\/li>\n<p>&#13;<\/p>\n<li>ADN 40<\/li>\n<p>&#13;<\/p>\n<li>Uno TV<\/li>\n<p>&#13;\n<\/ul>\n<p>\u00a0<\/p>\n<\/p><\/div>\n<p><script>\n    !function(f,b,e,v,n,t,s)\n    {if(f.fbq)return;n=f.fbq=function(){n.callMethod?\n    n.callMethod.apply(n,arguments):n.queue.push(arguments)};\n    if(!f._fbq)f._fbq=n;n.push=n;n.loaded=!0;n.version='2.0';\n    n.queue=[];t=b.createElement(e);t.async=!0;\n    t.src=v;s=b.getElementsByTagName(e)[0];\n    s.parentNode.insertBefore(t,s)}(window, document,'script',\n    'https:\/\/connect.facebook.net\/en_US\/fbevents.js');\n    fbq('init', '237927003583820');\n    fbq('track', 'PageView');\n  <\/script><script>\n    !function(f,b,e,v,n,t,s)\n    {if(f.fbq)return;n=f.fbq=function(){n.callMethod?\n    n.callMethod.apply(n,arguments):n.queue.push(arguments)};\n    if(!f._fbq)f._fbq=n;n.push=n;n.loaded=!0;n.version='2.0';\n    n.queue=[];t=b.createElement(e);t.async=!0;\n    t.src=v;s=b.getElementsByTagName(e)[0];\n    s.parentNode.insertBefore(t,s)}(window, document,'script',\n    'https:\/\/connect.facebook.net\/en_US\/fbevents.js');\n    fbq('init', '802372280934901');\n    fbq('track', 'PageView');\n    <\/script><br \/>\n<br \/><\/p>\n","protected":false},"excerpt":{"rendered":"<p>El viernes 3 de abril se llevar\u00e1 a cabo la edici\u00f3n 183 de la \u201cRepresentaci\u00f3n de la Pasi\u00f3n, Muerte y Resurrecci\u00f3n de Cristo\u201d en el Cerro de la Estrella de Iztapalapa en la Ciudad de M\u00e9xico y debido a que es uno de los eventos religiosos que m\u00e1s inter\u00e9s genera miles de personas se han [&hellip;]<\/p>\n","protected":false},"author":2,"featured_media":3676,"comment_status":"","ping_status":"","sticky":false,"template":"","format":"standard","meta":{"footnotes":""},"categories":[2],"tags":[],"class_list":["post-3675","post","type-post","status-publish","format-standard","has-post-thumbnail","hentry","category-local"],"_links":{"self":[{"href":"https:\/\/conexion-mx.com\/index.php?rest_route=\/wp\/v2\/posts\/3675","targetHints":{"allow":["GET"]}}],"collection":[{"href":"https:\/\/conexion-mx.com\/index.php?rest_route=\/wp\/v2\/posts"}],"about":[{"href":"https:\/\/conexion-mx.com\/index.php?rest_route=\/wp\/v2\/types\/post"}],"author":[{"embeddable":true,"href":"https:\/\/conexion-mx.com\/index.php?rest_route=\/wp\/v2\/users\/2"}],"replies":[{"embeddable":true,"href":"https:\/\/conexion-mx.com\/index.php?rest_route=%2Fwp%2Fv2%2Fcomments&post=3675"}],"version-history":[{"count":0,"href":"https:\/\/conexion-mx.com\/index.php?rest_route=\/wp\/v2\/posts\/3675\/revisions"}],"wp:featuredmedia":[{"embeddable":true,"href":"https:\/\/conexion-mx.com\/index.php?rest_route=\/wp\/v2\/media\/3676"}],"wp:attachment":[{"href":"https:\/\/conexion-mx.com\/index.php?rest_route=%2Fwp%2Fv2%2Fmedia&parent=3675"}],"wp:term":[{"taxonomy":"category","embeddable":true,"href":"https:\/\/conexion-mx.com\/index.php?rest_route=%2Fwp%2Fv2%2Fcategories&post=3675"},{"taxonomy":"post_tag","embeddable":true,"href":"https:\/\/conexion-mx.com\/index.php?rest_route=%2Fwp%2Fv2%2Ftags&post=3675"}],"curies":[{"name":"wp","href":"https:\/\/api.w.org\/{rel}","templated":true}]}}