{"id":3679,"date":"2026-04-02T22:30:39","date_gmt":"2026-04-03T03:30:39","guid":{"rendered":"https:\/\/conexion-mx.com\/?p=3679"},"modified":"2026-04-02T22:30:39","modified_gmt":"2026-04-03T03:30:39","slug":"estas-seran-todas-las-calles-que-estaran-cerradas-por-el-viacrucis-en-tijuana","status":"publish","type":"post","link":"https:\/\/conexion-mx.com\/?p=3679","title":{"rendered":"Estas ser\u00e1n TODAS las calles que estar\u00e1n CERRADAS por el Viacrucis en Tijuana"},"content":{"rendered":"<p> <br \/>\n<\/p>\n<div itemprop=\"articleBody\">\n<div class=\"txt_contenido\">\n<p>La representaci\u00f3n del <strong>Viacrucis <\/strong>que sufri\u00f3 Jesucristo seg\u00fan la Biblia se replicar\u00e1 en distintos puntos de la ciudad de Tijuana, lo que provocar\u00e1 cierres parciales de circulaci\u00f3n en diversas arterias viales.<\/p>\n<p>Para garantizar la seguridad de los <strong>fieles <\/strong>y evitar problemas vehiculares, el ayuntamiento local inform\u00f3 sobre cu\u00e1les son las calles y avenidas que sufrir\u00e1n alg\u00fan tipo de corte temporal.<\/p>\n<aside class=\"htmlinline\"\/>\n<blockquote><p>&#13;<\/p>\n<p>\u201cInformamos a la ciudadan\u00eda que este 3 de abril se llevar\u00e1n a cabo diversas actividades religiosas con motivo del Viernes Santo en distintos puntos de la ciudad, por lo que se implementar\u00e1n cierres parciales de vialidades en diferentes delegaciones.<\/p>\n<p>&#13;<br \/>\n&#13;<\/p>\n<p>\u201cSe invita a la poblaci\u00f3n a tomar precauciones, anticipar sus traslados y utilizar rutas alternas, as\u00ed como a mantener el respeto y orden durante estas expresiones tradicionales. Agradecemos su comprensi\u00f3n y colaboraci\u00f3n\u201d, se\u00f1al\u00f3 la<strong> autoridad municipal<\/strong>.<\/p>\n<p>&#13;\n<\/p><\/blockquote>\n<div class=\"image-align-center\">\n<figure class=\"image\"><img loading=\"lazy\" decoding=\"async\" alt=\"\" height=\"435\" src=\"https:\/\/heraldodemexico.com.mx\/u\/fotografias\/m\/2026\/4\/2\/f768x1-1267342_1267469_5050.jpeg\" width=\"768\"\/>&#13;<figcaption>Los cortes se realizar\u00e1n en distintos momentos del d\u00eda. Foto: Ayuntamiento de Tijuana<\/figcaption>&#13;<br \/>\n<\/figure>\n<\/div>\n<h2>\u00bfQu\u00e9 calles cerrar\u00e1n en Tijuana por el Viacrucis?<\/h2>\n<p>Estas son las 72 <strong>calles <\/strong>y vialidades que cerrar\u00e1n por esta conmemoraci\u00f3n religiosa<\/p>\n<p><strong>Centro<\/strong><\/p>\n<ul>&#13;<\/p>\n<li>Segunda<\/li>\n<p>&#13;<\/p>\n<li>Tercera<\/li>\n<p>&#13;<\/p>\n<li>Cuarta<\/li>\n<p>&#13;<\/p>\n<li>Sirak Baloyan<\/li>\n<p>&#13;<\/p>\n<li>Cinco de Mayo<\/li>\n<p>&#13;<\/p>\n<li>Negrete<\/li>\n<p>&#13;<\/p>\n<li>Gonz\u00e1lez Ortega<\/li>\n<p>&#13;<\/p>\n<li>Plutarco El\u00edas Calles<\/li>\n<p>&#13;<\/p>\n<li>Juan Sarabia<\/li>\n<p>&#13;\n<\/ul>\n<p><strong>Playas de Tijuana<\/strong><\/p>\n<ul>&#13;<\/p>\n<li>Paseo Pedregal<\/li>\n<p>&#13;<\/p>\n<li>Parque Baja California Norte<\/li>\n<p>&#13;<\/p>\n<li>Paseo Ensenada<\/li>\n<p>&#13;<\/p>\n<li>Parque M\u00e9xico Sur<\/li>\n<p>&#13;<\/p>\n<li>Parque Azteca Sur<\/li>\n<p>&#13;<\/p>\n<li>Lava<\/li>\n<p>&#13;\n<\/ul>\n<p><strong>Otay Centenario<\/strong>&#13;<br \/>\n&#13;\n<\/p>\n<ul>&#13;<\/p>\n<li>Garita de Otay<\/li>\n<p>&#13;<\/p>\n<li>Calles 9 y 12<\/li>\n<p>&#13;<\/p>\n<li>Mayas<\/li>\n<p>&#13;<\/p>\n<li>Industrial<\/li>\n<p>&#13;<\/p>\n<li>An\u00e1huac<\/li>\n<p>&#13;<\/p>\n<li>Y<\/li>\n<p>&#13;<\/p>\n<li>Instituto Polit\u00e9cnico Nacional<\/li>\n<p>&#13;<\/p>\n<li>Las Plazas<\/li>\n<p>&#13;<\/p>\n<li>Aquiles Serd\u00e1n<\/li>\n<p>&#13;<\/p>\n<li>Venustiano Carranza<\/li>\n<p>&#13;<\/p>\n<li>Ferrocarril<\/li>\n<p>&#13;<\/p>\n<li>Carlota Maldonado<\/li>\n<p>&#13;<\/p>\n<li>Circunvalaci\u00f3n<\/li>\n<p>&#13;<\/p>\n<li>Soledad Orozco<\/li>\n<p>&#13;<\/p>\n<li>Anexa Postal<\/li>\n<p>&#13;<\/p>\n<li>Primera Sur del R\u00edo<\/li>\n<p>&#13;\n<\/ul>\n<p><strong>San Antonio de los Buenos<\/strong>&#13;<br \/>\n&#13;\n<\/p>\n<ul>&#13;<\/p>\n<li>Diamante<\/li>\n<p>&#13;<\/p>\n<li>Rub\u00ed<\/li>\n<p>&#13;<\/p>\n<li>Miraflores<\/li>\n<p>&#13;<\/p>\n<li>Abelardo L. Rodr\u00edguez<\/li>\n<p>&#13;<\/p>\n<li>Rosarito<\/li>\n<p>&#13;<\/p>\n<li>Del Roble<\/li>\n<p>&#13;<\/p>\n<li>Arco<\/li>\n<p>&#13;<\/p>\n<li>H\u00e9ctor Lutteroth<\/li>\n<p>&#13;<\/p>\n<li>Chopo<\/li>\n<p>&#13;<\/p>\n<li>Abraham Gonz\u00e1lez<\/li>\n<p>&#13;<\/p>\n<li>Joaqu\u00edn Terrazas<\/li>\n<p>&#13;<\/p>\n<li>17 de marzo<\/li>\n<p>&#13;<\/p>\n<li>Santos Degollado<\/li>\n<p>&#13;<\/p>\n<li>Batalla de Angostura<\/li>\n<p>&#13;<\/p>\n<li>El Rosario<\/li>\n<p>&#13;<\/p>\n<li>Francisco Zarco<\/li>\n<p>&#13;\n<\/ul>\n<p><strong>Abelardo L. Rodr\u00edguez<\/strong>&#13;<br \/>\n&#13;\n<\/p>\n<ul>&#13;<\/p>\n<li>Casuarinas<\/li>\n<p>&#13;<\/p>\n<li>Turquesa<\/li>\n<p>&#13;<\/p>\n<li>Del Pe\u00f1\u00f3n<\/li>\n<p>&#13;<\/p>\n<li>Agostadero<\/li>\n<p>&#13;<\/p>\n<li>Campana<\/li>\n<p>&#13;<\/p>\n<li>Espigal<\/li>\n<p>&#13;<\/p>\n<li>De los Llanos<\/li>\n<p>&#13;<\/p>\n<li>Calle 2<\/li>\n<p>&#13;<\/p>\n<li>Bardot<\/li>\n<p>&#13;<\/p>\n<li>Castelo Branco<\/li>\n<p>&#13;<\/p>\n<li>Nantes\u00a0<\/li>\n<p>&#13;<\/p>\n<li>Tr\u00edpoli<\/li>\n<p>&#13;\n<\/ul>\n<\/p><\/div>\n<\/p><\/div>\n<p><script>\n    !function(f,b,e,v,n,t,s)\n    {if(f.fbq)return;n=f.fbq=function(){n.callMethod?\n    n.callMethod.apply(n,arguments):n.queue.push(arguments)};\n    if(!f._fbq)f._fbq=n;n.push=n;n.loaded=!0;n.version='2.0';\n    n.queue=[];t=b.createElement(e);t.async=!0;\n    t.src=v;s=b.getElementsByTagName(e)[0];\n    s.parentNode.insertBefore(t,s)}(window, document,'script',\n    'https:\/\/connect.facebook.net\/en_US\/fbevents.js');\n    fbq('init', '237927003583820');\n    fbq('track', 'PageView');\n  <\/script><script>\n    !function(f,b,e,v,n,t,s)\n    {if(f.fbq)return;n=f.fbq=function(){n.callMethod?\n    n.callMethod.apply(n,arguments):n.queue.push(arguments)};\n    if(!f._fbq)f._fbq=n;n.push=n;n.loaded=!0;n.version='2.0';\n    n.queue=[];t=b.createElement(e);t.async=!0;\n    t.src=v;s=b.getElementsByTagName(e)[0];\n    s.parentNode.insertBefore(t,s)}(window, document,'script',\n    'https:\/\/connect.facebook.net\/en_US\/fbevents.js');\n    fbq('init', '802372280934901');\n    fbq('track', 'PageView');\n    <\/script><br \/>\n<br \/><\/p>\n","protected":false},"excerpt":{"rendered":"<p>La representaci\u00f3n del Viacrucis que sufri\u00f3 Jesucristo seg\u00fan la Biblia se replicar\u00e1 en distintos puntos de la ciudad de Tijuana, lo que provocar\u00e1 cierres parciales de circulaci\u00f3n en diversas arterias viales. Para garantizar la seguridad de los fieles y evitar problemas vehiculares, el ayuntamiento local inform\u00f3 sobre cu\u00e1les son las calles y avenidas que sufrir\u00e1n [&hellip;]<\/p>\n","protected":false},"author":2,"featured_media":3680,"comment_status":"","ping_status":"","sticky":false,"template":"","format":"standard","meta":{"footnotes":""},"categories":[2],"tags":[],"class_list":["post-3679","post","type-post","status-publish","format-standard","has-post-thumbnail","hentry","category-local"],"_links":{"self":[{"href":"https:\/\/conexion-mx.com\/index.php?rest_route=\/wp\/v2\/posts\/3679","targetHints":{"allow":["GET"]}}],"collection":[{"href":"https:\/\/conexion-mx.com\/index.php?rest_route=\/wp\/v2\/posts"}],"about":[{"href":"https:\/\/conexion-mx.com\/index.php?rest_route=\/wp\/v2\/types\/post"}],"author":[{"embeddable":true,"href":"https:\/\/conexion-mx.com\/index.php?rest_route=\/wp\/v2\/users\/2"}],"replies":[{"embeddable":true,"href":"https:\/\/conexion-mx.com\/index.php?rest_route=%2Fwp%2Fv2%2Fcomments&post=3679"}],"version-history":[{"count":0,"href":"https:\/\/conexion-mx.com\/index.php?rest_route=\/wp\/v2\/posts\/3679\/revisions"}],"wp:featuredmedia":[{"embeddable":true,"href":"https:\/\/conexion-mx.com\/index.php?rest_route=\/wp\/v2\/media\/3680"}],"wp:attachment":[{"href":"https:\/\/conexion-mx.com\/index.php?rest_route=%2Fwp%2Fv2%2Fmedia&parent=3679"}],"wp:term":[{"taxonomy":"category","embeddable":true,"href":"https:\/\/conexion-mx.com\/index.php?rest_route=%2Fwp%2Fv2%2Fcategories&post=3679"},{"taxonomy":"post_tag","embeddable":true,"href":"https:\/\/conexion-mx.com\/index.php?rest_route=%2Fwp%2Fv2%2Ftags&post=3679"}],"curies":[{"name":"wp","href":"https:\/\/api.w.org\/{rel}","templated":true}]}}