{"id":3689,"date":"2026-04-03T23:24:14","date_gmt":"2026-04-04T04:24:14","guid":{"rendered":"https:\/\/conexion-mx.com\/?p=3689"},"modified":"2026-04-03T23:24:14","modified_gmt":"2026-04-04T04:24:14","slug":"se-registra-cierre-parcial-en-la-mexico-queretaro-por-incendio-de-un-vehiculo-video","status":"publish","type":"post","link":"https:\/\/conexion-mx.com\/?p=3689","title":{"rendered":"Se registra cierre parcial en la M\u00e9xico-Quer\u00e9taro por incendio de un veh\u00edculo | VIDEO"},"content":{"rendered":"<p> <br \/>\n<\/p>\n<div itemprop=\"articleBody\">\n<div class=\"txt_contenido\">\n<p>Se registra un cierre parcial en la <strong>autopista M\u00e9xico-Quer\u00e9taro <\/strong>a la altura del kil\u00f3metro 93, en el municipio de <strong>Soyaniquilpan<\/strong>,\u00a0en direcci\u00f3n a la Ciudad de M\u00e9xico por la noche de este viernes 3 de abril de 2026, debido al incendio de un veh\u00edculo que present\u00f3 una falla mec\u00e1nica, de acuerdo con la cuenta de X de la <strong>Guardia Nacional.<\/strong><\/p>\n<p>En el municipio mexiquense\u00a0se encuentran los servicios de emergencia para realizar las labores de salvamento.<\/p>\n<aside class=\"htmlinline\"\/>\n<h2>\u00bfC\u00f3mo pedir ayuda en un accidente en carreterra?<\/h2>\n<p>Los viajeros que utilizan las\u00a0autopistas de nuestro pa\u00eds pueden pedir ayuda cuando la necesiten a las siguientes instituciones: la Guardia Nacional, Protecci\u00f3n Civil, la Cruz Roja Mexicana, los \u00c1ngeles Verdes, el escuadr\u00f3n de Bomberos, el Escuadr\u00f3n de Rescate y Urgencias M\u00e9dicas (ERUM), organismos estatales y municipales, y dentro de su jurisdicci\u00f3n Capufe.<\/p>\n<aside class=\"relacionadas con-foto linea-1078\"><strong class=\"relacionadas-titulo-gral\">Noticias Relacionadas<\/strong><\/aside>\n<p>Cuando las personas tienen un desperfecto mec\u00e1nico en sus autos, un incidente vehicular o cuando se trata de alguna emergencia, siempre podr\u00e1n solicitar auxilio, llamando al n\u00famero 074 o bien, mediante la cuenta de twitter @CAPUFE.<\/p>\n<h2>Tel\u00e9fonos de emergencia:<\/h2>\n<ul>&#13;<\/p>\n<li>CAPUFE: 074<\/li>\n<p>&#13;<\/p>\n<li>Guardia Nacional: 088<\/li>\n<p>&#13;<\/p>\n<li>\u00c1ngeles Verdes: 078<\/li>\n<p>&#13;<\/p>\n<li>Cruz Roja: 065<\/li>\n<p>&#13;<\/p>\n<li>Emergencias a nivel Nacional: 911<\/li>\n<p>&#13;\n<\/ul>\n<\/p><\/div>\n<\/p><\/div>\n<p><script>\n    !function(f,b,e,v,n,t,s)\n    {if(f.fbq)return;n=f.fbq=function(){n.callMethod?\n    n.callMethod.apply(n,arguments):n.queue.push(arguments)};\n    if(!f._fbq)f._fbq=n;n.push=n;n.loaded=!0;n.version='2.0';\n    n.queue=[];t=b.createElement(e);t.async=!0;\n    t.src=v;s=b.getElementsByTagName(e)[0];\n    s.parentNode.insertBefore(t,s)}(window, document,'script',\n    'https:\/\/connect.facebook.net\/en_US\/fbevents.js');\n    fbq('init', '237927003583820');\n    fbq('track', 'PageView');\n  <\/script><script>\n    !function(f,b,e,v,n,t,s)\n    {if(f.fbq)return;n=f.fbq=function(){n.callMethod?\n    n.callMethod.apply(n,arguments):n.queue.push(arguments)};\n    if(!f._fbq)f._fbq=n;n.push=n;n.loaded=!0;n.version='2.0';\n    n.queue=[];t=b.createElement(e);t.async=!0;\n    t.src=v;s=b.getElementsByTagName(e)[0];\n    s.parentNode.insertBefore(t,s)}(window, document,'script',\n    'https:\/\/connect.facebook.net\/en_US\/fbevents.js');\n    fbq('init', '802372280934901');\n    fbq('track', 'PageView');\n    <\/script><br \/>\n<br \/><\/p>\n","protected":false},"excerpt":{"rendered":"<p>Se registra un cierre parcial en la autopista M\u00e9xico-Quer\u00e9taro a la altura del kil\u00f3metro 93, en el municipio de Soyaniquilpan,\u00a0en direcci\u00f3n a la Ciudad de M\u00e9xico por la noche de este viernes 3 de abril de 2026, debido al incendio de un veh\u00edculo que present\u00f3 una falla mec\u00e1nica, de acuerdo con la cuenta de X [&hellip;]<\/p>\n","protected":false},"author":2,"featured_media":3690,"comment_status":"","ping_status":"","sticky":false,"template":"","format":"standard","meta":{"footnotes":""},"categories":[2],"tags":[],"class_list":["post-3689","post","type-post","status-publish","format-standard","has-post-thumbnail","hentry","category-local"],"_links":{"self":[{"href":"https:\/\/conexion-mx.com\/index.php?rest_route=\/wp\/v2\/posts\/3689","targetHints":{"allow":["GET"]}}],"collection":[{"href":"https:\/\/conexion-mx.com\/index.php?rest_route=\/wp\/v2\/posts"}],"about":[{"href":"https:\/\/conexion-mx.com\/index.php?rest_route=\/wp\/v2\/types\/post"}],"author":[{"embeddable":true,"href":"https:\/\/conexion-mx.com\/index.php?rest_route=\/wp\/v2\/users\/2"}],"replies":[{"embeddable":true,"href":"https:\/\/conexion-mx.com\/index.php?rest_route=%2Fwp%2Fv2%2Fcomments&post=3689"}],"version-history":[{"count":0,"href":"https:\/\/conexion-mx.com\/index.php?rest_route=\/wp\/v2\/posts\/3689\/revisions"}],"wp:featuredmedia":[{"embeddable":true,"href":"https:\/\/conexion-mx.com\/index.php?rest_route=\/wp\/v2\/media\/3690"}],"wp:attachment":[{"href":"https:\/\/conexion-mx.com\/index.php?rest_route=%2Fwp%2Fv2%2Fmedia&parent=3689"}],"wp:term":[{"taxonomy":"category","embeddable":true,"href":"https:\/\/conexion-mx.com\/index.php?rest_route=%2Fwp%2Fv2%2Fcategories&post=3689"},{"taxonomy":"post_tag","embeddable":true,"href":"https:\/\/conexion-mx.com\/index.php?rest_route=%2Fwp%2Fv2%2Ftags&post=3689"}],"curies":[{"name":"wp","href":"https:\/\/api.w.org\/{rel}","templated":true}]}}