{"id":3697,"date":"2026-04-04T18:03:50","date_gmt":"2026-04-04T23:03:50","guid":{"rendered":"https:\/\/conexion-mx.com\/?p=3697"},"modified":"2026-04-04T18:03:50","modified_gmt":"2026-04-04T23:03:50","slug":"orgullo-nacional-bratty-la-unica-mexicana-invitada-en-el-disco-de-the-cranberries-con-la-cancion-linger","status":"publish","type":"post","link":"https:\/\/conexion-mx.com\/?p=3697","title":{"rendered":"\u00a1ORGULLO NACIONAL! Bratty, la \u00fanica mexicana invitada en el disco de The Cranberries con la canci\u00f3n \u00abLinger\u00bb"},"content":{"rendered":"<p> <br \/>\n<\/p>\n<div>\n<p>Este a\u00f1o tenemos el 33 aniversario del lanzamiento de <strong>Everybody Else Is Doing It, So Why Can\u2019t We?<\/strong>, el \u00e1lbum debut de la banda irlandesa <strong>The Cranberries<\/strong>, por lo que anunciaron una edici\u00f3n conmemorativa que destaca por una conexi\u00f3n sin precedentes con la <strong>escena musical de M\u00e9xico<\/strong>.<\/p>\n<p>La m\u00e1s grande sorpresa para nuestra industria musical y la escena local, es que la cantautora sinaloense <strong>Bratty<\/strong> fue seleccionada para participar en este relanzamiento, aportando una visi\u00f3n contempor\u00e1nea de \u00abLinger\u00bb en Espa\u00f1ol, la obra que inmortaliz\u00f3 la voz de la fallecida <strong>Dolores O\u2019Riordan<\/strong>.<\/p>\n<aside class=\"htmlinline\"\/>\n<h2>\u00bfQu\u00e9 canci\u00f3n cant\u00f3 Bratty?<\/h2>\n<p>Esta edici\u00f3n especial, distribuida bajo el sello de <strong>Island Records<\/strong> durante este abril de 2026, no solo incluye una <strong>remasterizaci\u00f3n de alta fidelidad<\/strong> de los temas originales, sino que integra versiones reimaginadas por artistas que han sido influenciados por el legado de la banda.<\/p>\n<p>La inclusi\u00f3n de Bratty, m\u00e1xima exponente del <strong>bedroom pop en espa\u00f1ol<\/strong>, subraya el impacto <strong>transgeneracional<\/strong> que temas como <strong>\u00abLinger\u00bb y \u00abDreams\u00bb <\/strong>tuvieron en el territorio mexicano. La artista mexicana grab\u00f3 una <strong>interpretaci\u00f3n ac\u00fastica<\/strong> de uno de los cortes profundos del <strong>disco<\/strong>, logrando un equilibrio entre su <strong>caracter\u00edstico sonido melanc\u00f3lico<\/strong> y las <strong>armon\u00edas celtas<\/strong> que definieron a la agrupaci\u00f3n de <strong>Limerick<\/strong>. Adem\u00e1s, est\u00e1 cantado tanto en espa\u00f1ol como en ingl\u00e9s.<\/p>\n<h2>\u00bfEste disco estar\u00e1 a la venta?<\/h2>\n<p>El n\u00famero 33 para este aniversario no es una coincidencia azarosa, sino un tributo t\u00e9cnico a las 33 1\/3 RPM (revoluciones por minuto) de los discos de vinilo de larga duraci\u00f3n. La caja de colecci\u00f3n incluye prensajes en <strong>colores exclusivos y un libro con fotograf\u00edas in\u00e9ditas<\/strong> de las sesiones en los estudios <strong>Windmill Lane de Dubl\u00edn<\/strong>.<\/p>\n<p>Noel Hogan, guitarrista y cofundador de la banda, manifest\u00f3 que la participaci\u00f3n de talentos j\u00f3venes como la sinaloense <strong>Bratty<\/strong> permite que la esencia de <strong>Dolores<\/strong> alcance a las <strong>nuevas audiencias<\/strong> que hoy consumen m\u00fasica a trav\u00e9s de <strong>plataformas digitales y redes sociales.<\/strong><\/p>\n<p>Adem\u00e1s de las colaboraciones, el <strong>material discogr\u00e1fico<\/strong> recupera maquetas originales y grabaciones en vivo de la gira de <strong>1993<\/strong>, ofreciendo un documento hist\u00f3rico sobre el ascenso mete\u00f3rico de <strong>The Cranberries<\/strong>. Para el p\u00fablico en M\u00e9xico, este lanzamiento <strong>representa un hito<\/strong>\u00a0gracias a la participaci\u00f3n de <strong>Bratty<\/strong>.<\/p>\n<\/p><\/div>\n<p><script>\n    !function(f,b,e,v,n,t,s)\n    {if(f.fbq)return;n=f.fbq=function(){n.callMethod?\n    n.callMethod.apply(n,arguments):n.queue.push(arguments)};\n    if(!f._fbq)f._fbq=n;n.push=n;n.loaded=!0;n.version='2.0';\n    n.queue=[];t=b.createElement(e);t.async=!0;\n    t.src=v;s=b.getElementsByTagName(e)[0];\n    s.parentNode.insertBefore(t,s)}(window, document,'script',\n    'https:\/\/connect.facebook.net\/en_US\/fbevents.js');\n    fbq('init', '237927003583820');\n    fbq('track', 'PageView');\n  <\/script><script>\n    !function(f,b,e,v,n,t,s)\n    {if(f.fbq)return;n=f.fbq=function(){n.callMethod?\n    n.callMethod.apply(n,arguments):n.queue.push(arguments)};\n    if(!f._fbq)f._fbq=n;n.push=n;n.loaded=!0;n.version='2.0';\n    n.queue=[];t=b.createElement(e);t.async=!0;\n    t.src=v;s=b.getElementsByTagName(e)[0];\n    s.parentNode.insertBefore(t,s)}(window, document,'script',\n    'https:\/\/connect.facebook.net\/en_US\/fbevents.js');\n    fbq('init', '775201487065840');\n    fbq('track', 'PageView');\n    <\/script><br \/>\n<br \/><\/p>\n","protected":false},"excerpt":{"rendered":"<p>Este a\u00f1o tenemos el 33 aniversario del lanzamiento de Everybody Else Is Doing It, So Why Can\u2019t We?, el \u00e1lbum debut de la banda irlandesa The Cranberries, por lo que anunciaron una edici\u00f3n conmemorativa que destaca por una conexi\u00f3n sin precedentes con la escena musical de M\u00e9xico. La m\u00e1s grande sorpresa para nuestra industria musical [&hellip;]<\/p>\n","protected":false},"author":3,"featured_media":3698,"comment_status":"","ping_status":"","sticky":false,"template":"","format":"standard","meta":{"footnotes":""},"categories":[35],"tags":[],"class_list":["post-3697","post","type-post","status-publish","format-standard","has-post-thumbnail","hentry","category-espectaculos"],"_links":{"self":[{"href":"https:\/\/conexion-mx.com\/index.php?rest_route=\/wp\/v2\/posts\/3697","targetHints":{"allow":["GET"]}}],"collection":[{"href":"https:\/\/conexion-mx.com\/index.php?rest_route=\/wp\/v2\/posts"}],"about":[{"href":"https:\/\/conexion-mx.com\/index.php?rest_route=\/wp\/v2\/types\/post"}],"author":[{"embeddable":true,"href":"https:\/\/conexion-mx.com\/index.php?rest_route=\/wp\/v2\/users\/3"}],"replies":[{"embeddable":true,"href":"https:\/\/conexion-mx.com\/index.php?rest_route=%2Fwp%2Fv2%2Fcomments&post=3697"}],"version-history":[{"count":0,"href":"https:\/\/conexion-mx.com\/index.php?rest_route=\/wp\/v2\/posts\/3697\/revisions"}],"wp:featuredmedia":[{"embeddable":true,"href":"https:\/\/conexion-mx.com\/index.php?rest_route=\/wp\/v2\/media\/3698"}],"wp:attachment":[{"href":"https:\/\/conexion-mx.com\/index.php?rest_route=%2Fwp%2Fv2%2Fmedia&parent=3697"}],"wp:term":[{"taxonomy":"category","embeddable":true,"href":"https:\/\/conexion-mx.com\/index.php?rest_route=%2Fwp%2Fv2%2Fcategories&post=3697"},{"taxonomy":"post_tag","embeddable":true,"href":"https:\/\/conexion-mx.com\/index.php?rest_route=%2Fwp%2Fv2%2Ftags&post=3697"}],"curies":[{"name":"wp","href":"https:\/\/api.w.org\/{rel}","templated":true}]}}