{"id":3699,"date":"2026-04-04T21:49:59","date_gmt":"2026-04-05T02:49:59","guid":{"rendered":"https:\/\/conexion-mx.com\/?p=3699"},"modified":"2026-04-04T21:49:59","modified_gmt":"2026-04-05T02:49:59","slug":"las-10-lecciones-de-el-diablo-viste-a-la-moda-para-la-vida-profesional","status":"publish","type":"post","link":"https:\/\/conexion-mx.com\/?p=3699","title":{"rendered":"Las 10 lecciones de \u00abEl diablo viste a la moda\u00bb para la vida profesional"},"content":{"rendered":"<p> <br \/>\n<\/p>\n<div itemprop=\"articleBody\">\n<div class=\"txt_contenido\">\n<p>Faltan muy pocos d\u00edas para el estreno de <strong>\u00abEl diablo viste a la moda 2\u00bb<\/strong>, la esperada secuela de la cinta de<strong> 2006 <\/strong>protagonizada por <strong>Anne Hathaway <\/strong>y <strong>Meryl Streep<\/strong>. A lo largo de 20 a\u00f1os, esta pel\u00edcula se ha posicionado como un referente de la cultura popular. Muchas de las escenas y di\u00e1logos se han vuelto ic\u00f3nicos para varias generaciones, pero m\u00e1s all\u00e1 del entretenimiento, las personas consideran que esta historia est\u00e1 llena de ense\u00f1anzas para los espectadores.<\/p>\n<p><strong>\u00abEl diablo viste a la moda\u00bb<\/strong> es una pel\u00edcula dirigida por <strong>David Frankel <\/strong>basada en la novela <strong>\u00abThe devil wears Prada\u00bb<\/strong> de la periodista\u00a0<strong>Lauren Weisberger<\/strong>. La escritora se inspir\u00f3 en sus vivencias como asistente de <strong>Anna Wintour<\/strong>, quien fue la editora de la prestigiosa revista de moda <strong>Vogue<\/strong> durante m\u00e1s de tres d\u00e9cadas. El personaje de <strong>Miranda Priestly<\/strong> est\u00e1 basado en Wintour, seg\u00fan la propia autora.<\/p>\n<aside class=\"htmlinline\"\/>\n<p>La pel\u00edcula narra la historia de <strong>Andy Sachs<\/strong>, una joven e ingenua aspirante a periodista que consigue el trabajo por el que \u00abun mill\u00f3n de chicas matar\u00edan\u00bb: ser la asistente de <strong>Miranda Priestly<\/strong>, la implacable, exigente y autoritaria editora en jefe de la prestigiosa revista de moda <strong>Runway<\/strong>. A trav\u00e9s de un entorno laboral altamente competitivo, Andy debe aprender a adaptarse, tomar decisiones dif\u00edciles y descubrir el verdadero costo del \u00e9xito profesional, transformando por completo su visi\u00f3n del mundo laboral.<\/p>\n<aside class=\"relacionadas con-foto linea-1078\"><strong class=\"relacionadas-titulo-gral\">Noticias Relacionadas<\/strong><\/aside>\n<h2>Las ense\u00f1anzas de \u00abEl diablo viste a la moda\u00bb<\/h2>\n<ul>&#13;<\/p>\n<li><strong>\u201cEl diablo est\u00e1 en los detalles\u201d<\/strong>. Una de las escenas m\u00e1s emblem\u00e1ticas es la explicaci\u00f3n del origen del su\u00e9ter azul cer\u00faleo. <strong>Miranda<\/strong> demuestra que una prenda que <strong>Andy <\/strong>consideraba sin importancia tiene un proceso complejo y millonario detr\u00e1s. Esto nos ense\u00f1a que las decisiones y los negocios dependen de los detalles. Entender el contexto y prestar atenci\u00f3n aumenta el valor de cualquier tarea, por m\u00e1s peque\u00f1a que parezca.<\/li>\n<p>&#13;\n<\/ul>\n<ul>&#13;<\/p>\n<li><strong>El trabajo tambi\u00e9n es pol\u00edtica.<\/strong>\u00a0La situaci\u00f3n en la que <strong>Nigel<\/strong> pierde la promoci\u00f3n de sus sue\u00f1os por un movimiento estrat\u00e9gico de <strong>Miranda<\/strong> nos deja una lecci\u00f3n dura pero realista. El mundo corporativo implica pol\u00edtica y la toma de decisiones sumamente dif\u00edciles que no siempre dejar\u00e1n a todos contentos. Comprender que los negocios a veces exigen movimientos fr\u00edos es parte esencial de la madurez profesional.<\/li>\n<p>&#13;<\/p>\n<li><strong>Para ser un buen l\u00edder, necesitas un gran equipo.<\/strong>\u00a0Aunque <strong>Miranda <\/strong>acapara los reflectores, su \u00e9xito operativo depende en gran medida de colaboradores profundamente comprometidos, como <strong>Emily<\/strong> y <strong>Nigel<\/strong>. Rodearte de un equipo competente, e incluso de personas m\u00e1s inteligentes o expertas que t\u00fa en ciertas \u00e1reas, elevar\u00e1 la calidad de tu trabajo y te har\u00e1 lucir mejor como l\u00edder.<\/li>\n<p>&#13;\n<\/ul>\n<ul>&#13;<\/p>\n<li><strong>Lo laboral no sustituye lo personal.<\/strong>\u00a0Miranda Priestly representa la c\u00faspide del <strong>\u00e9xito profesional<\/strong>, pero tambi\u00e9n evidencia el alto costo de haber priorizado su carrera sobre su vida \u00edntima y familiar. En el entorno actual, es vital no dejar de lado los asuntos personales. Establecer <strong>l\u00edmites saludables<\/strong> evita el aislamiento, el desgaste emocional y la p\u00e9rdida de relaciones valiosas.<\/li>\n<p>&#13;<\/p>\n<li><strong>Mantener la calma en medio de la tormenta.\u00a0<\/strong>El estilo de Miranda es firme y autoritario, lo cual a menudo genera fricci\u00f3n en el bienestar del equipo. Sin embargo, su personaje demuestra que en situaciones de <strong>crisis<\/strong> o alta presi\u00f3n, un l\u00edder debe mantener la compostura y actuar con rapidez, claridad y determinaci\u00f3n para alcanzar los objetivos del negocio.<\/li>\n<p>&#13;\n<\/ul>\n<ul>&#13;<\/p>\n<li><strong>Los retos son oportunidades m\u00e1s que obst\u00e1culos.<\/strong> Al inicio, Andy llega a un entorno exigente que desconoce por completo y donde no es bien recibida. A pesar de sentir que todo se desmorona, no se da por vencida. Su historia refleja la importancia de la resiliencia y la constancia; superar entornos hostiles y aprender a adaptarse es fundamental para avanzar en cualquier carrera profesional.<\/li>\n<p>&#13;<\/p>\n<li><strong>Tener la iniciativa es clave para el \u00e9xito.<\/strong>\u00a0Las tareas que<strong> Miranda<\/strong> asignaba parec\u00edan misiones imposibles. La verdadera transformaci\u00f3n de <strong>Andy<\/strong> ocurre cuando deja de reaccionar y comienza a anticiparse a los problemas, como cuando consigue los manuscritos in\u00e9ditos de <strong>Harry Potter<\/strong> antes de que se lo exijan. La <strong>proactividad<\/strong> no solo resuelve crisis, sino que genera confianza y abre nuevas oportunidades.<\/li>\n<p>&#13;\n<\/ul>\n<ul>&#13;<\/p>\n<li><strong>Lo negativo tambi\u00e9n es una lecci\u00f3n.<\/strong> No todo en el mundo laboral ser\u00e1 perfecto. Andy obtiene lecciones dur\u00edsimas de un ambiente de trabajo que roza lo t\u00f3xico. Incluso las malas experiencias o las pr\u00e1cticas cuestionables de un jefe se convierten en una oportunidad de aprendizaje, ayud\u00e1ndote a definir qu\u00e9 tipo de profesional o l\u00edder no quieres ser en el futuro.<\/li>\n<p>&#13;<\/p>\n<li><strong>Hay que ver el vaso medio lleno.<\/strong> En su momento de mayor frustraci\u00f3n, Andy asume un papel de v\u00edctima, sintiendo que no es valorada a pesar de \u00abestar intent\u00e1ndolo\u00bb. Nigel le hace ver que simplemente se est\u00e1 quejando en lugar de comprometerse. La vida profesional no siempre es justa. Dejar atr\u00e1s las quejas y enfocarse en dar verdaderos resultados es lo que marca la diferencia entre estancarse y crecer.<\/li>\n<p>&#13;<\/p>\n<li><strong>Es fundamental reconocer el trabajo de los dem\u00e1s.\u00a0<\/strong>A lo largo de su evoluci\u00f3n, Andy aprende a valorar el talento, el conocimiento y el esfuerzo de sus compa\u00f1eros, desde Emily hasta Nigel. El reconocimiento es una herramienta vital para motivar a los equipos, fortalecer la cultura empresarial y garantizar que los colaboradores se sientan apoyados en su crecimiento.<\/li>\n<p>&#13;\n<\/ul>\n<\/p><\/div>\n<\/p><\/div>\n<p><script>\n    !function(f,b,e,v,n,t,s)\n    {if(f.fbq)return;n=f.fbq=function(){n.callMethod?\n    n.callMethod.apply(n,arguments):n.queue.push(arguments)};\n    if(!f._fbq)f._fbq=n;n.push=n;n.loaded=!0;n.version='2.0';\n    n.queue=[];t=b.createElement(e);t.async=!0;\n    t.src=v;s=b.getElementsByTagName(e)[0];\n    s.parentNode.insertBefore(t,s)}(window, document,'script',\n    'https:\/\/connect.facebook.net\/en_US\/fbevents.js');\n    fbq('init', '237927003583820');\n    fbq('track', 'PageView');\n  <\/script><script>\n    !function(f,b,e,v,n,t,s)\n    {if(f.fbq)return;n=f.fbq=function(){n.callMethod?\n    n.callMethod.apply(n,arguments):n.queue.push(arguments)};\n    if(!f._fbq)f._fbq=n;n.push=n;n.loaded=!0;n.version='2.0';\n    n.queue=[];t=b.createElement(e);t.async=!0;\n    t.src=v;s=b.getElementsByTagName(e)[0];\n    s.parentNode.insertBefore(t,s)}(window, document,'script',\n    'https:\/\/connect.facebook.net\/en_US\/fbevents.js');\n    fbq('init', '1188480345046653');\n    fbq('track', 'PageView');\n    <\/script><br \/>\n<br \/><\/p>\n","protected":false},"excerpt":{"rendered":"<p>Faltan muy pocos d\u00edas para el estreno de \u00abEl diablo viste a la moda 2\u00bb, la esperada secuela de la cinta de 2006 protagonizada por Anne Hathaway y Meryl Streep. A lo largo de 20 a\u00f1os, esta pel\u00edcula se ha posicionado como un referente de la cultura popular. Muchas de las escenas y di\u00e1logos se [&hellip;]<\/p>\n","protected":false},"author":3,"featured_media":3700,"comment_status":"","ping_status":"","sticky":false,"template":"","format":"standard","meta":{"footnotes":""},"categories":[34],"tags":[],"class_list":["post-3699","post","type-post","status-publish","format-standard","has-post-thumbnail","hentry","category-sociedad"],"_links":{"self":[{"href":"https:\/\/conexion-mx.com\/index.php?rest_route=\/wp\/v2\/posts\/3699","targetHints":{"allow":["GET"]}}],"collection":[{"href":"https:\/\/conexion-mx.com\/index.php?rest_route=\/wp\/v2\/posts"}],"about":[{"href":"https:\/\/conexion-mx.com\/index.php?rest_route=\/wp\/v2\/types\/post"}],"author":[{"embeddable":true,"href":"https:\/\/conexion-mx.com\/index.php?rest_route=\/wp\/v2\/users\/3"}],"replies":[{"embeddable":true,"href":"https:\/\/conexion-mx.com\/index.php?rest_route=%2Fwp%2Fv2%2Fcomments&post=3699"}],"version-history":[{"count":0,"href":"https:\/\/conexion-mx.com\/index.php?rest_route=\/wp\/v2\/posts\/3699\/revisions"}],"wp:featuredmedia":[{"embeddable":true,"href":"https:\/\/conexion-mx.com\/index.php?rest_route=\/wp\/v2\/media\/3700"}],"wp:attachment":[{"href":"https:\/\/conexion-mx.com\/index.php?rest_route=%2Fwp%2Fv2%2Fmedia&parent=3699"}],"wp:term":[{"taxonomy":"category","embeddable":true,"href":"https:\/\/conexion-mx.com\/index.php?rest_route=%2Fwp%2Fv2%2Fcategories&post=3699"},{"taxonomy":"post_tag","embeddable":true,"href":"https:\/\/conexion-mx.com\/index.php?rest_route=%2Fwp%2Fv2%2Ftags&post=3699"}],"curies":[{"name":"wp","href":"https:\/\/api.w.org\/{rel}","templated":true}]}}