{"id":3701,"date":"2026-04-05T00:17:54","date_gmt":"2026-04-05T05:17:54","guid":{"rendered":"https:\/\/conexion-mx.com\/?p=3701"},"modified":"2026-04-05T00:17:54","modified_gmt":"2026-04-05T05:17:54","slug":"pronostico-del-clima-en-nogales-sonora-para-hoy-domingo-5-de-abril-temperaturas-maximas-calidad-del-aire-y-probabilidad-de-lluvia","status":"publish","type":"post","link":"https:\/\/conexion-mx.com\/?p=3701","title":{"rendered":"Pron\u00f3stico del clima en Nogales, Sonora para hoy domingo 5 de abril: temperaturas m\u00e1ximas, calidad del aire y probabilidad de lluvia"},"content":{"rendered":"<p> <br \/>\n<\/p>\n<div>\n<p>Este domingo <strong>5<\/strong> de abril, la ciudad fronteriza de Nogales amanece con condiciones meteorol\u00f3gicas marcadas por el calor. El term\u00f3metro marca actualmente <strong>28\u00b0C<\/strong>, estableciendo un tono c\u00e1lido para el resto de la jornada dominical en esta importante regi\u00f3n de Sonora.<\/p>\n<h2>\u00bfQu\u00e9 temperaturas se esperan hoy en Nogales?<\/h2>\n<p>Durante el transcurso del d\u00eda, el ambiente se tornar\u00e1 a\u00fan m\u00e1s sofocante, alcanzando una m\u00e1xima de <strong>34\u00b0C<\/strong>. Por su parte, la m\u00ednima registrada durante la madrugada se ubic\u00f3 en los <strong>23\u00b0C<\/strong>, mientras que la sensaci\u00f3n t\u00e9rmica actual ronda los <strong>27\u00b0C<\/strong>.<\/p>\n<p>Un factor notable de esta fecha es la escasa presencia de vapor en la atm\u00f3sfera, registrando apenas un <strong>17%<\/strong> de humedad relativa. Esta sequedad ambiental contribuye a que el bochorno sea menos pesado, aunque los rayos solares impacten fuertemente la superficie.<\/p>\n<h2>\u00bfHabr\u00e1 presencia de lluvias en la ciudad?<\/h2>\n<p>A pesar de la abundante nubosidad que cubrir\u00e1 el cielo sonorense, los sistemas clim\u00e1ticos advierten un <strong>0%<\/strong> de probabilidad de precipitaciones. Los ciudadanos podr\u00e1n realizar sus rutinas sin preocuparse por aguaceros o tormentas el\u00e9ctricas durante esta tarde.<\/p>\n<p>En cuanto a las corrientes de aire, se percibir\u00e1n brisas muy ligeras provenientes del suroeste con una velocidad de <strong>2<\/strong> m\/s. Esta suave ventilaci\u00f3n apenas lograr\u00e1 refrescar el entorno urbano, manteniendo estable la densa capa de nubes sobre la franja fronteriza.<\/p>\n<div style=\"background:linear-gradient(135deg,#0c1929 0%,#1a365d 50%,#234e82 100%);border-radius:12px;font-family:-apple-system,BlinkMacSystemFont,'Segoe UI',Roboto,sans-serif;margin:1rem 0;overflow:hidden;box-shadow:0 4px 20px rgba(0,0,0,0.25);\">\n<div style=\"display:flex;align-items:stretch;\">\n<div style=\"flex:1;padding:16px 20px;border-right:1px solid rgba(255,255,255,0.1);\">\n<p>Clima hoy<\/p>\n<p>Nogales<\/p>\n<p>28<span style=\"font-size:1.5rem;color:rgba(255,255,255,0.7);\">\u00b0C<\/span><\/p>\n<p>nubes<\/p>\n<\/div>\n<\/div>\n<\/div>\n<h2>\u00bfC\u00f3mo estar\u00e1 el clima los pr\u00f3ximos d\u00edas?<\/h2>\n<p><strong>06<\/strong> de abril de <strong>2026<\/strong>: M\u00e1xima de <strong>35\u00b0C<\/strong> y m\u00ednima de <strong>24\u00b0C<\/strong>, cielo con nubes y viento de <strong>3<\/strong> km\/h.<\/p>\n<p><strong>07<\/strong> de abril de <strong>2026<\/strong>: Term\u00f3metro en <strong>34\u00b0C<\/strong>, bajando a <strong>24\u00b0C<\/strong>, nubosidad y brisa de <strong>2<\/strong> km\/h.<\/p>\n<p><strong>08<\/strong> de abril de <strong>2026<\/strong>: C\u00faspide de <strong>32\u00b0C<\/strong> y base de <strong>23\u00b0C<\/strong>, firmamento nublado con r\u00e1fagas de <strong>3<\/strong> km\/h.<\/p>\n<p>La tendencia del tiempo para las siguientes jornadas indica que el calor intenso persistir\u00e1 en la localidad. Los valores m\u00e1ximos se mantendr\u00e1n por encima de los <strong>30\u00b0C<\/strong>, exigiendo a los habitantes mantener medidas preventivas constantes frente a las altas temperaturas.<\/p>\n<h2>Recomendaciones para cuidar tu salud<\/h2>\n<p>Frente a este escenario caluroso, los especialistas m\u00e9dicos sugieren consumir al menos <strong>2<\/strong> litros de l\u00edquidos diarios para evitar la deshidrataci\u00f3n. Asimismo, resulta vital aplicar protector solar con factor mayor a <strong>50<\/strong> si necesitas caminar bajo el sol directo.\n<\/p>\n<p>Se aconseja limitar las salidas no esenciales entre las <strong>11:00<\/strong> y las <strong>16:00<\/strong> horas, periodo de mayor radiaci\u00f3n ultravioleta. Si debes abandonar tu hogar, camina por la sombra y toma descansos frecuentes de <strong>10<\/strong> minutos en lugares climatizados.\n<\/p>\n<h2>Impacto en las actividades cotidianas<\/h2>\n<p>El panorama actual resulta poco favorable para practicar deportes extremos a la intemperie. Quienes disfrutan del ejercicio matutino deber\u00e1n adelantar sus rutinas antes de las <strong>9:00<\/strong> horas, buscando parques arbolados que ofrezcan resguardo natural.\n<\/p>\n<p>El tr\u00e1nsito vehicular fluir\u00e1 con normalidad al no existir pavimento mojado, aunque el interior de los autom\u00f3viles podr\u00eda superar los <strong>40\u00b0C<\/strong> si se dejan estacionados al sol. Se recomienda encender el aire acondicionado gradualmente para evitar choques t\u00e9rmicos.\n<\/p>\n<h2>\u00bfQu\u00e9 ropa usar para este domingo?<\/h2>\n<p>La vestimenta ideal para tolerar estos <strong>34\u00b0C<\/strong> consiste en prendas holgadas confeccionadas con algod\u00f3n o lino. Optar por colores claros como blanco, beige o tonos pastel ayudar\u00e1 a reflejar la luz solar, manteniendo tu cuerpo mucho m\u00e1s fresco durante toda la tarde.\n<\/p>\n<p>Antes de cruzar la puerta, aseg\u00farate de llevar contigo unas gafas oscuras con filtro UV y una gorra amplia. Cargar una botella t\u00e9rmica con <strong>1<\/strong> litro de agua fr\u00eda ser\u00e1 tu mejor aliado para enfrentar el sofocante ambiente que imperar\u00e1 en las calles de la ciudad.\n<\/p>\n<h2>Calidad del aire y fuentes oficiales<\/h2>\n<p>El \u00cdndice de Calidad del Aire marca <strong>3<\/strong>, clasificado como Moderado. Los niveles de part\u00edculas PM2.5 est\u00e1n en <strong>10.7<\/strong> \u00b5g\/m\u00b3 y las PM10 en <strong>39.1<\/strong> \u00b5g\/m\u00b3. Por ello, personas con sensibilidad deben limitar actividades prolongadas al aire libre.\n<\/p>\n<p>Para mantenerte informado sobre cualquier cambio brusco en la atm\u00f3sfera, te invitamos a consultar los canales de Protecci\u00f3n Civil del estado. Tambi\u00e9n puedes revisar las alertas emitidas cada <strong>12<\/strong> horas por el Servicio Meteorol\u00f3gico Nacional en sus plataformas.<br \/>\n<\/p>\n<p><h3 style=\"margin-bottom:10px;font-family:Arial,sans-serif;\"\/>\n    <iframe src=\"https:\/\/openweathermap.org\/weathermap?basemap=map&amp;cities=true&amp;layer=temperature&amp;lat=23.6345&amp;lon=-102.5528&amp;zoom=5\" width=\"100%\" height=\"400\" style=\"border:none;border-radius:8px;\" loading=\"lazy\"><br \/>\n    <\/iframe>\n<\/p>\n<p style=\"font-size:12px;color:#666;margin-top:20px;\"><em>Este art\u00edculo ha sido generado con el apoyo de IA y revisado por un editor. Para m\u00e1s informaci\u00f3n, consulte nuestros t\u00e9rminos y condiciones.<\/em>&#13;<br \/>\n&#13;\n                                <\/p>\n<\/p><\/div>\n<p><script>\n    !function(f,b,e,v,n,t,s)\n    {if(f.fbq)return;n=f.fbq=function(){n.callMethod?\n    n.callMethod.apply(n,arguments):n.queue.push(arguments)};\n    if(!f._fbq)f._fbq=n;n.push=n;n.loaded=!0;n.version='2.0';\n    n.queue=[];t=b.createElement(e);t.async=!0;\n    t.src=v;s=b.getElementsByTagName(e)[0];\n    s.parentNode.insertBefore(t,s)}(window, document,'script',\n    'https:\/\/connect.facebook.net\/en_US\/fbevents.js');\n    fbq('init', '237927003583820');\n    fbq('track', 'PageView');\n  <\/script><script>\n    !function(f,b,e,v,n,t,s)\n    {if(f.fbq)return;n=f.fbq=function(){n.callMethod?\n    n.callMethod.apply(n,arguments):n.queue.push(arguments)};\n    if(!f._fbq)f._fbq=n;n.push=n;n.loaded=!0;n.version='2.0';\n    n.queue=[];t=b.createElement(e);t.async=!0;\n    t.src=v;s=b.getElementsByTagName(e)[0];\n    s.parentNode.insertBefore(t,s)}(window, document,'script',\n    'https:\/\/connect.facebook.net\/en_US\/fbevents.js');\n    fbq('init', '802372280934901');\n    fbq('track', 'PageView');\n    <\/script><br \/>\n<br \/><\/p>\n","protected":false},"excerpt":{"rendered":"<p>Este domingo 5 de abril, la ciudad fronteriza de Nogales amanece con condiciones meteorol\u00f3gicas marcadas por el calor. El term\u00f3metro marca actualmente 28\u00b0C, estableciendo un tono c\u00e1lido para el resto de la jornada dominical en esta importante regi\u00f3n de Sonora. \u00bfQu\u00e9 temperaturas se esperan hoy en Nogales? Durante el transcurso del d\u00eda, el ambiente se [&hellip;]<\/p>\n","protected":false},"author":2,"featured_media":3702,"comment_status":"","ping_status":"","sticky":false,"template":"","format":"standard","meta":{"footnotes":""},"categories":[2],"tags":[],"class_list":["post-3701","post","type-post","status-publish","format-standard","has-post-thumbnail","hentry","category-local"],"_links":{"self":[{"href":"https:\/\/conexion-mx.com\/index.php?rest_route=\/wp\/v2\/posts\/3701","targetHints":{"allow":["GET"]}}],"collection":[{"href":"https:\/\/conexion-mx.com\/index.php?rest_route=\/wp\/v2\/posts"}],"about":[{"href":"https:\/\/conexion-mx.com\/index.php?rest_route=\/wp\/v2\/types\/post"}],"author":[{"embeddable":true,"href":"https:\/\/conexion-mx.com\/index.php?rest_route=\/wp\/v2\/users\/2"}],"replies":[{"embeddable":true,"href":"https:\/\/conexion-mx.com\/index.php?rest_route=%2Fwp%2Fv2%2Fcomments&post=3701"}],"version-history":[{"count":0,"href":"https:\/\/conexion-mx.com\/index.php?rest_route=\/wp\/v2\/posts\/3701\/revisions"}],"wp:featuredmedia":[{"embeddable":true,"href":"https:\/\/conexion-mx.com\/index.php?rest_route=\/wp\/v2\/media\/3702"}],"wp:attachment":[{"href":"https:\/\/conexion-mx.com\/index.php?rest_route=%2Fwp%2Fv2%2Fmedia&parent=3701"}],"wp:term":[{"taxonomy":"category","embeddable":true,"href":"https:\/\/conexion-mx.com\/index.php?rest_route=%2Fwp%2Fv2%2Fcategories&post=3701"},{"taxonomy":"post_tag","embeddable":true,"href":"https:\/\/conexion-mx.com\/index.php?rest_route=%2Fwp%2Fv2%2Ftags&post=3701"}],"curies":[{"name":"wp","href":"https:\/\/api.w.org\/{rel}","templated":true}]}}