{"id":3703,"date":"2026-04-05T08:31:21","date_gmt":"2026-04-05T13:31:21","guid":{"rendered":"https:\/\/conexion-mx.com\/?p=3703"},"modified":"2026-04-05T08:31:21","modified_gmt":"2026-04-05T13:31:21","slug":"sismo-en-mexico-donde-se-registro-el-temblor-hoy-domingo-5-de-abril-epicentro","status":"publish","type":"post","link":"https:\/\/conexion-mx.com\/?p=3703","title":{"rendered":"Sismo en M\u00e9xico: \u00bfD\u00f3nde se registr\u00f3 el temblor HOY domingo 5 de abril? | EPICENTRO"},"content":{"rendered":"<p> <br \/>\n<\/p>\n<div>\n<p>Este domingo 5 de abril se registr\u00f3 un\u00a0sismo\u00a0a las \u00a003:21 horas, as\u00ed lo dio a conocer el\u00a0<strong>Servicio Sismol\u00f3gico Nacional<\/strong>\u00a0(SSN); sin embargo,\u00a0no se activ\u00f3 la\u00a0<strong>alerta s\u00edsmica<\/strong>\u00a0en la\u00a0<strong>Ciudad de M\u00e9xico<\/strong>.<\/p>\n<p>La dependencia indic\u00f3\u00a0que el\u00a0<strong>movimiento tel\u00farico<\/strong>\u00a0fue\u00a0de\u00a0magnitud 4.0\u00a0con epicentro en el sureste de\u00a0Pinotepa,\u00a0en el estado de\u00a0Oaxaca.\u00a0Adem\u00e1s, a las 00:55 horas\u00a0se registr\u00f3 otro\u00a0de\u00a0magnitud 4.2\u00a0en el\u00a0sur de Ciudad L\u00e1zaro C\u00e1rdenas, Michoac\u00e1n.<\/p>\n<aside class=\"htmlinline\"\/>\n<h2>Estos son los \u00faltimos sismos de mayor magnitud registrados HOY 5\u00a0de abril:<\/h2>\n<p>De acuerdo con la informaci\u00f3n publicada en su\u00a0sitio web del\u00a0<strong>Servicio Sismol\u00f3gico Nacional<\/strong>,\u00a0los \u00faltimos\u00a0<strong>movimientos tel\u00faricos<\/strong>\u00a0de mayor magnitud registrados en\u00a0M\u00e9xico\u00a0son los siguientes:<\/p>\n<ul>&#13;<\/p>\n<li>5 de abril, hora\u00a0\u00a003:21. Epicentro suroeste de <strong>Pinotepa\u00a0Nacional, Oaxaca<\/strong>, con\u00a0coordenadas 16.04\u00b0,\u00a0-98.389\u00b0 y una profundidad de\u00a02.5\u00a0kil\u00f3metros,\u00a0<strong>magnitud\u00a04.0<\/strong>.<\/li>\n<p>&#13;<\/p>\n<li>5 de abril, hora 00:55. Epicentro: sur de <strong>Ciudad L\u00e1zaro C\u00e1rdenas, Michoac\u00e1n<\/strong>, con coordenadas 17.598\u00b0,\u00a0-102.28\u00b0 y una profundidad de 16.4\u00a0kil\u00f3metros,\u00a0<strong>magnitud 4.2.<\/strong><\/li>\n<p>&#13;\n<\/ul>\n<div class=\"image-align-center\">\n<figure class=\"image\"><img loading=\"lazy\" decoding=\"async\" alt=\"\" height=\"133\" src=\"https:\/\/heraldodemexico.com.mx\/u\/fotografias\/m\/2026\/4\/5\/f768x1-1268031_1268158_5050.png\" width=\"768\"\/>&#13;<figcaption>Servicio Sismol\u00f3gico Nacional<\/figcaption>&#13;<br \/>\n<\/figure>\n<\/div>\n<h2>\u00bfQu\u00e9 es un sismo?<\/h2>\n<p>Es una vibraci\u00f3n que se presenta en\u00a0la tierra\u00a0cuando se da la\u00a0propagaci\u00f3n\u00a0de distintos\u00a0tipos de ondas\u00a0que se producen\u00a0por el movimiento de las\u00a0<strong>placas tect\u00f3nicas<\/strong>. La\u00a0tierra\u00a0se encuentra cubierta por una capa rocosa llamada\u00a0<strong>litosfera<\/strong>\u00a0de un\u00a0espesor\u00a0de hasta\u00a0100 km, la cual\u00a0est\u00e1\u00a0dividida en las\u00a0llamadas\u00a0placas tect\u00f3nicas, que cuando\u00a0hacen\u00a0contacto entre ellas, se genera una\u00a0fricci\u00f3n, que al no poder desplazarse, provoca una\u00a0ruptura en ellas y causa\u00a0la liberaci\u00f3n de\u00a0energ\u00eda\u00a0acumulada, que se propaga en forma de\u00a0<strong>ondas s\u00edsmicas<\/strong>\u00a0en diferentes direcciones.<\/p>\n<p>Aunque la\u00a0duraci\u00f3n es corta, su\u00a0intensidad es variable, pero cuando esto se presenta, ofrece informaci\u00f3n sobre el interior del\u00a0planeta\u00a0mediante una t\u00e9cnica conocida como\u00a0tomograf\u00eda sismol\u00f3gica\u00a0o\u00a0s\u00edsmica, detalla\u00a0el SSN.<\/p>\n<h2>\u00bfQu\u00e9 hacer durante un sismo?<\/h2>\n<p><strong>M\u00e9xico\u00a0es un pa\u00eds altamente s\u00edsmico<\/strong>, es por ello es importante que\u00a0todas aquellas personas que se encuentren en \u00e9l,\u00a0sepan\u00a0c\u00f3mo actuar\u00a0en caso de\u00a0un\u00a0temblor. Las autoridades de\u00a0<strong>Protecci\u00f3n Civil<\/strong>\u00a0brindan las siguientes\u00a0<strong>recomendaciones<\/strong>:<\/p>\n<ul>&#13;<\/p>\n<li>Mant\u00e9n la calma y busca\u00a0las zonas de seguridad del lugar donde te encuentres.<\/li>\n<p>&#13;<\/p>\n<li>Al\u00e9jate de ventanas, espejos o cualquier otro\u00a0objeto de cristal que pueda\u00a0quebrarse.<\/li>\n<p>&#13;<\/p>\n<li>Guarda tu distancia\u00a0de muebles pesados tales como\u00a0libreros, vitrinas o gabinetes.<\/li>\n<p>&#13;<\/p>\n<li>Al\u00e9jate de candelabros y otros colgantes que pudieran caer sobre ti o tus familiares.\u00a0En la calle, es importante estar lejos de postes, cables y\u00a0ramas de \u00e1rboles, balcones o edificios con cristales.<\/li>\n<p>&#13;<\/p>\n<li>Ubica los muros y columnas, para mantenerte\u00a0cerca de ellos.<\/li>\n<p>&#13;<\/p>\n<li>Si est\u00e1s en un edificio y no puedes salir, busca\u00a0la zona de seguridad, evita las\u00a0escaleras mientras tiembla\u00a0hasta que termine el movimiento.<\/li>\n<p>&#13;<\/p>\n<li>Tampoco uses los elevadores.<\/li>\n<p>&#13;<\/p>\n<li>Si hay una brigada de protecci\u00f3n civil, debes seguir sus indicaciones.<\/li>\n<p>&#13;<\/p>\n<li>Si est\u00e1s dentro de un autom\u00f3vil, busca\u00a0estacionarte\u00a0lejos de postes, cables o\u00a0puentes.<\/li>\n<p>&#13;<\/p>\n<li>Si te encuentras\u00a0en el Metro, mant\u00e9n\u00a0la calma y sigue las instrucciones que ofrezca su\u00a0personal.<\/li>\n<p>&#13;\n<\/ul>\n<h2>\u00bfPor qu\u00e9 no se activa la alerta s\u00edsmica?<\/h2>\n<p>Hay ocasiones\u00a0en que aunque se registren diversos\u00a0sismos\u00a0en el\u00a0territorio mexicano, no se activa\u00a0la\u00a0alerta s\u00edsmica\u00a0en la\u00a0CDMX, ya que la magnitud es muy baja. El\u00a0<strong>Sistema de\u00a0Alerta S\u00edsmica Mexicano<\/strong>\u00a0(SASMEX), que se\u00a0encarga\u00a0de activarla, toma en cuenta\u00a0la distancia y la magnitud del movimiento tel\u00farico\u00a0antes de hacerlo.<\/p>\n<p>Seg\u00fan datos de la\u00a0<strong>Secretar\u00eda de Gesti\u00f3n Integral de Riesgos y Protecci\u00f3n Civil<\/strong>\u00a0de la\u00a0<strong>Ciudad de M\u00e9xico<\/strong>, la alerta \u00fanicamente se\u00a0activar\u00e1 con sismos de magnitud cercana a los\u00a06 de magnitud. S\u00f3lo en estos casos, se trasmitir\u00e1 a trav\u00e9s de los diversos\u00a0altavoces\u00a0que hay en las\u00a0alcald\u00edas de la ciudad, adem\u00e1s actualmente se har\u00e1 tambi\u00e9n con una alerta en\u00a0celulares.&#13;<br \/>\n&#13;\n<\/p>\n<p>Asimismo, cuando\u00a0ocurren\u00a0<strong>microsismos<\/strong>, tampoco se activa\u00a0la\u00a0<strong>alerta s\u00edsmica,<\/strong> ya que\u00a0estos movimientos tel\u00faricos son\u00a0menores a 4,0 de magnitud\u00a0y la onda llega a tardar menos de 10 segundos en alcanzar la superficie, adem\u00e1s\u00a0dado que los\u00a0sensores\u00a0se encuentran muy cerca, no es posible alertar lo suficientemente r\u00e1pido.&#13;<br \/>\n&#13;<br \/>\n&#13;\n                                <\/p>\n<\/p><\/div>\n<p><script>\n    !function(f,b,e,v,n,t,s)\n    {if(f.fbq)return;n=f.fbq=function(){n.callMethod?\n    n.callMethod.apply(n,arguments):n.queue.push(arguments)};\n    if(!f._fbq)f._fbq=n;n.push=n;n.loaded=!0;n.version='2.0';\n    n.queue=[];t=b.createElement(e);t.async=!0;\n    t.src=v;s=b.getElementsByTagName(e)[0];\n    s.parentNode.insertBefore(t,s)}(window, document,'script',\n    'https:\/\/connect.facebook.net\/en_US\/fbevents.js');\n    fbq('init', '237927003583820');\n    fbq('track', 'PageView');\n  <\/script><script>\n    !function(f,b,e,v,n,t,s)\n    {if(f.fbq)return;n=f.fbq=function(){n.callMethod?\n    n.callMethod.apply(n,arguments):n.queue.push(arguments)};\n    if(!f._fbq)f._fbq=n;n.push=n;n.loaded=!0;n.version='2.0';\n    n.queue=[];t=b.createElement(e);t.async=!0;\n    t.src=v;s=b.getElementsByTagName(e)[0];\n    s.parentNode.insertBefore(t,s)}(window, document,'script',\n    'https:\/\/connect.facebook.net\/en_US\/fbevents.js');\n    fbq('init', '802372280934901');\n    fbq('track', 'PageView');\n    <\/script><br \/>\n<br \/><\/p>\n","protected":false},"excerpt":{"rendered":"<p>Este domingo 5 de abril se registr\u00f3 un\u00a0sismo\u00a0a las \u00a003:21 horas, as\u00ed lo dio a conocer el\u00a0Servicio Sismol\u00f3gico Nacional\u00a0(SSN); sin embargo,\u00a0no se activ\u00f3 la\u00a0alerta s\u00edsmica\u00a0en la\u00a0Ciudad de M\u00e9xico. La dependencia indic\u00f3\u00a0que el\u00a0movimiento tel\u00farico\u00a0fue\u00a0de\u00a0magnitud 4.0\u00a0con epicentro en el sureste de\u00a0Pinotepa,\u00a0en el estado de\u00a0Oaxaca.\u00a0Adem\u00e1s, a las 00:55 horas\u00a0se registr\u00f3 otro\u00a0de\u00a0magnitud 4.2\u00a0en el\u00a0sur de Ciudad L\u00e1zaro C\u00e1rdenas, Michoac\u00e1n. [&hellip;]<\/p>\n","protected":false},"author":2,"featured_media":3704,"comment_status":"","ping_status":"","sticky":false,"template":"","format":"standard","meta":{"footnotes":""},"categories":[2],"tags":[],"class_list":["post-3703","post","type-post","status-publish","format-standard","has-post-thumbnail","hentry","category-local"],"_links":{"self":[{"href":"https:\/\/conexion-mx.com\/index.php?rest_route=\/wp\/v2\/posts\/3703","targetHints":{"allow":["GET"]}}],"collection":[{"href":"https:\/\/conexion-mx.com\/index.php?rest_route=\/wp\/v2\/posts"}],"about":[{"href":"https:\/\/conexion-mx.com\/index.php?rest_route=\/wp\/v2\/types\/post"}],"author":[{"embeddable":true,"href":"https:\/\/conexion-mx.com\/index.php?rest_route=\/wp\/v2\/users\/2"}],"replies":[{"embeddable":true,"href":"https:\/\/conexion-mx.com\/index.php?rest_route=%2Fwp%2Fv2%2Fcomments&post=3703"}],"version-history":[{"count":0,"href":"https:\/\/conexion-mx.com\/index.php?rest_route=\/wp\/v2\/posts\/3703\/revisions"}],"wp:featuredmedia":[{"embeddable":true,"href":"https:\/\/conexion-mx.com\/index.php?rest_route=\/wp\/v2\/media\/3704"}],"wp:attachment":[{"href":"https:\/\/conexion-mx.com\/index.php?rest_route=%2Fwp%2Fv2%2Fmedia&parent=3703"}],"wp:term":[{"taxonomy":"category","embeddable":true,"href":"https:\/\/conexion-mx.com\/index.php?rest_route=%2Fwp%2Fv2%2Fcategories&post=3703"},{"taxonomy":"post_tag","embeddable":true,"href":"https:\/\/conexion-mx.com\/index.php?rest_route=%2Fwp%2Fv2%2Ftags&post=3703"}],"curies":[{"name":"wp","href":"https:\/\/api.w.org\/{rel}","templated":true}]}}