{"id":3707,"date":"2026-04-05T18:02:40","date_gmt":"2026-04-05T23:02:40","guid":{"rendered":"https:\/\/conexion-mx.com\/?p=3707"},"modified":"2026-04-05T18:02:40","modified_gmt":"2026-04-05T23:02:40","slug":"el-profeta-la-exitosa-novela-de-jose-maria-zavala-sobre-jesus-de-nazaret-que-revoluciona-la-historia","status":"publish","type":"post","link":"https:\/\/conexion-mx.com\/?p=3707","title":{"rendered":"El Profeta: La exitosa novela de Jos\u00e9 Mar\u00eda Zavala sobre Jes\u00fas de Nazaret que revoluciona la historia"},"content":{"rendered":"<p> <br \/>\n<\/p>\n<div>\n<p>El periodista, escritor y cineasta <strong>Jos\u00e9 Mar\u00eda Zavala<\/strong>, miembro de la <strong>Real Academia de las Artes y de las Ciencias Cinematogr\u00e1ficas de Espa\u00f1a<\/strong>, comparti\u00f3 detalles sobre su novela <strong>El Profeta<\/strong>, una obra que aborda la figura de <strong>Jes\u00fas de Nazaret <\/strong>y que se ha convertido en un fen\u00f3meno literario\u00a0en <strong>Espa\u00f1a<\/strong>.<\/p>\n<p>La publicaci\u00f3n, actualmente en gira de presentaciones por el pa\u00eds, ya se encuentra en conversaciones para ser adaptada como una serie de televisi\u00f3n en Estados Unidos, destacando su impacto y relevancia.<\/p>\n<aside class=\"htmlinline\"\/>\n<p>Zavala explic\u00f3 que la <strong>novela <\/strong>ofrece una perspectiva fresca sobre una <strong>historia universalmente <\/strong>conocida, un desaf\u00edo que incluso su colega, la escritora <strong>Julia Navarro<\/strong>, le plante\u00f3. La trama se centra en <strong>Lucio Fedro<\/strong>, un guardia pretoriano encarcelado por un <strong>delito de sangre<\/strong>, a quien el emperador Tiberio le encomienda la misi\u00f3n de espiar a <strong>Jes\u00fas de Nazaret<\/strong>, infiltr\u00e1ndose en su c\u00edrculo de seguidores con el objetivo de desenmascararlo y presentarlo como un traidor a Roma y a sus dioses.<\/p>\n<aside class=\"relacionadas con-foto linea-1078\"><strong class=\"relacionadas-titulo-gral\">Noticias Relacionadas<\/strong><\/aside>\n<p>\u00abCuando yo me entero que Jos\u00e9 Mar\u00eda Zavala est\u00e1 escribiendo una novela de Jes\u00fas de Nazaret me pregunto qu\u00e9 m\u00e1s va a contar de nuevo porque ya sabemos su historia y sobre todo c\u00f3mo termina\u00bb, cit\u00f3 Zavala a Julia Navarro, subrayando la expectativa que rodeaba su proyecto.<\/p>\n<p>El autor destac\u00f3 que la novela va m\u00e1s all\u00e1 de esta <strong>premisa inicial<\/strong>, mostrando un profundo proceso de <strong>transformaci\u00f3n interior <\/strong>en el personaje principal. La obra busca, a trav\u00e9s de la ficci\u00f3n, explorar la <strong>figura de Jes\u00fas <\/strong>desde un \u00e1ngulo innovador y cautivador para el lector, ofreciendo una narrativa que promete sorprender incluso a quienes conocen bien la historia b\u00edblica.<\/p>\n<figure class=\"image\"><img loading=\"lazy\" decoding=\"async\" alt=\"\" height=\"435\" src=\"https:\/\/heraldodemexico.com.mx\/u\/fotografias\/m\/2026\/4\/3\/f768x1-1267464_1267591_7035.png\" width=\"768\"\/>&#13;<figcaption>La novela habla de Jes\u00fas en sus \u00faltimos d\u00edas. FOTO: archivo<\/figcaption>&#13;<br \/>\n<\/figure>\n<h2>El Profeta: la historia de Cristo investigada con rigor<\/h2>\n<p>La creaci\u00f3n de <strong>El Profeta<\/strong>\u00a0es el resultado de una \u00ablabor ingente de documentaci\u00f3n hist\u00f3rica\u00bb que Jos\u00e9 Mar\u00eda Zavala llev\u00f3 a cabo durante aproximadamente diez a\u00f1os.<\/p>\n<p>Para ella llev\u00f3 a cabo documentaci\u00f3n de la figura hist\u00f3rica de <strong>Jes\u00fas de Nazaret<\/strong>. El escritor confes\u00f3 que su fascinaci\u00f3n por el personaje hist\u00f3rico es profundamente personal, ya que su encuentro con esta figura marc\u00f3 un antes y un despu\u00e9s en su vida.<\/p>\n<p>\u00abA m\u00ed me fascina Jes\u00fas de Nazaret porque me cambi\u00f3 la vida. Hace muchos a\u00f1os estuve alejado de Dios, alejado de la iglesia, sin pisar un confesionario hasta que Jes\u00fas de Nazaret irrumpi\u00f3 en mi vida y me la cambi\u00f3\u00bb, relat\u00f3 Zavala.&#13;<br \/>\n&#13;<\/p>\n<figure class=\"image\"><img loading=\"lazy\" decoding=\"async\" alt=\"\" height=\"1159\" src=\"https:\/\/heraldodemexico.com.mx\/u\/fotografias\/m\/2026\/4\/3\/f768x1-1267498_1267625_5050.png\" width=\"768\"\/>&#13;<figcaption>La novela ha sido reeditada en varias ocasiones. FOTO: archivo<\/figcaption>&#13;<br \/>\n<\/figure>\n<p>&#13;<br \/>\n&#13;\n<\/p>\n<h2>El Profeta es uno de los libros m\u00e1s populares en Amazon<\/h2>\n<p>El autor asegur\u00f3 que desde el 5 de agosto de 2009, dedic\u00f3 sus talentos al servicio de los dem\u00e1s, siendo \u00abEl Profeta\u00bb una manifestaci\u00f3n de este compromiso y una forma de compartir su experiencia.&#13;<br \/>\n&#13;\n<\/p>\n<p>El \u00e9xito de la <strong>novela <\/strong>es innegable. <strong>Zavala <\/strong>mencion\u00f3 que <strong>El Profeta<\/strong>\u00a0se mantiene en el <strong>top general de Amazon <\/strong>desde hace cuatro meses, superando a reconocidos autores de best sellers como Dan Brown y Arturo P\u00e9rez-Reverte.&#13;<br \/>\n&#13;\n<\/p>\n<p>Este \u00e9xito, seg\u00fan el autor, se debe a una sencilla raz\u00f3n: \u00abEs imparable por una sencilla raz\u00f3n, porque es Jes\u00fas de Nazaret.\u00bb La obra contin\u00faa su gira de presentaciones, consolid\u00e1ndose como un referente literario actual.&#13;<br \/>\n&#13;<br \/>\n&#13;\n                                <\/p>\n<\/p><\/div>\n<p><script>\n    !function(f,b,e,v,n,t,s)\n    {if(f.fbq)return;n=f.fbq=function(){n.callMethod?\n    n.callMethod.apply(n,arguments):n.queue.push(arguments)};\n    if(!f._fbq)f._fbq=n;n.push=n;n.loaded=!0;n.version='2.0';\n    n.queue=[];t=b.createElement(e);t.async=!0;\n    t.src=v;s=b.getElementsByTagName(e)[0];\n    s.parentNode.insertBefore(t,s)}(window, document,'script',\n    'https:\/\/connect.facebook.net\/en_US\/fbevents.js');\n    fbq('init', '237927003583820');\n    fbq('track', 'PageView');\n  <\/script><br \/>\n<br \/><\/p>\n","protected":false},"excerpt":{"rendered":"<p>El periodista, escritor y cineasta Jos\u00e9 Mar\u00eda Zavala, miembro de la Real Academia de las Artes y de las Ciencias Cinematogr\u00e1ficas de Espa\u00f1a, comparti\u00f3 detalles sobre su novela El Profeta, una obra que aborda la figura de Jes\u00fas de Nazaret y que se ha convertido en un fen\u00f3meno literario\u00a0en Espa\u00f1a. La publicaci\u00f3n, actualmente en gira [&hellip;]<\/p>\n","protected":false},"author":4,"featured_media":3708,"comment_status":"","ping_status":"","sticky":false,"template":"","format":"standard","meta":{"footnotes":""},"categories":[33],"tags":[],"class_list":["post-3707","post","type-post","status-publish","format-standard","has-post-thumbnail","hentry","category-cultura"],"_links":{"self":[{"href":"https:\/\/conexion-mx.com\/index.php?rest_route=\/wp\/v2\/posts\/3707","targetHints":{"allow":["GET"]}}],"collection":[{"href":"https:\/\/conexion-mx.com\/index.php?rest_route=\/wp\/v2\/posts"}],"about":[{"href":"https:\/\/conexion-mx.com\/index.php?rest_route=\/wp\/v2\/types\/post"}],"author":[{"embeddable":true,"href":"https:\/\/conexion-mx.com\/index.php?rest_route=\/wp\/v2\/users\/4"}],"replies":[{"embeddable":true,"href":"https:\/\/conexion-mx.com\/index.php?rest_route=%2Fwp%2Fv2%2Fcomments&post=3707"}],"version-history":[{"count":0,"href":"https:\/\/conexion-mx.com\/index.php?rest_route=\/wp\/v2\/posts\/3707\/revisions"}],"wp:featuredmedia":[{"embeddable":true,"href":"https:\/\/conexion-mx.com\/index.php?rest_route=\/wp\/v2\/media\/3708"}],"wp:attachment":[{"href":"https:\/\/conexion-mx.com\/index.php?rest_route=%2Fwp%2Fv2%2Fmedia&parent=3707"}],"wp:term":[{"taxonomy":"category","embeddable":true,"href":"https:\/\/conexion-mx.com\/index.php?rest_route=%2Fwp%2Fv2%2Fcategories&post=3707"},{"taxonomy":"post_tag","embeddable":true,"href":"https:\/\/conexion-mx.com\/index.php?rest_route=%2Fwp%2Fv2%2Ftags&post=3707"}],"curies":[{"name":"wp","href":"https:\/\/api.w.org\/{rel}","templated":true}]}}