{"id":3711,"date":"2026-04-06T00:38:54","date_gmt":"2026-04-06T05:38:54","guid":{"rendered":"https:\/\/conexion-mx.com\/?p=3711"},"modified":"2026-04-06T00:38:54","modified_gmt":"2026-04-06T05:38:54","slug":"clima-en-nogales-sonora-pronostico-del-tiempo-para-el-lunes-6-de-abril-conoce-las-temperaturas-maximas-minimas-calidad-del-aire-y-probabilidad-de-lluvia-en-la-region-fronteriza","status":"publish","type":"post","link":"https:\/\/conexion-mx.com\/?p=3711","title":{"rendered":"Clima en Nogales, Sonora: pron\u00f3stico del tiempo para el lunes 6 de abril. Conoce las temperaturas m\u00e1ximas, m\u00ednimas, calidad del aire y probabilidad de lluvia en la regi\u00f3n fronteriza."},"content":{"rendered":"<p> <br \/>\n<\/p>\n<div>\n<p>Este lunes, la ciudad fronteriza de Nogales, en el estado de Sonora, experimentar\u00e1 una jornada sumamente calurosa. Los reportes meteorol\u00f3gicos indican que el term\u00f3metro alcanzar\u00e1 una temperatura m\u00e1xima de <strong>36\u00b0C<\/strong>, mientras que el valor m\u00ednimo durante la madrugada fue de <strong>25\u00b0C<\/strong>.<\/p>\n<h2>\u00bfQu\u00e9 temperaturas se registrar\u00e1n hoy en la frontera?<\/h2>\n<p>Actualmente, el ambiente marca <strong>30\u00b0C<\/strong>, pero resulta interesante que la sensaci\u00f3n t\u00e9rmica es ligeramente menor, ubic\u00e1ndose en <strong>28\u00b0C<\/strong>. Esta variaci\u00f3n se debe a la interacci\u00f3n de diversos factores atmosf\u00e9ricos que mitigan levemente el bochorno en la regi\u00f3n.<\/p>\n<p>A lo largo del d\u00eda, la humedad relativa ser\u00e1 notablemente baja, situ\u00e1ndose en apenas un <strong>14%<\/strong>. Esta sequedad en el aire provocar\u00e1 que el calor se sienta m\u00e1s seco, caracter\u00edstico del desierto sonorense, exigiendo mayor atenci\u00f3n para evitar la deshidrataci\u00f3n r\u00e1pida.<\/p>\n<h2>\u00bfHabr\u00e1 precipitaciones o vientos fuertes esta tarde?<\/h2>\n<p>Respecto a las precipitaciones, los modelos climatol\u00f3gicos actuales se\u00f1alan una probabilidad del <strong>0%<\/strong> para esta fecha. Aunque el cielo mostrar\u00e1 presencia de nubes dispersas, no existen condiciones favorables para el desarrollo de aguaceros en el municipio sonorense.<\/p>\n<p>Las corrientes de aire jugar\u00e1n un papel discreto durante esta jornada. Se prev\u00e9 un viento sostenido de <strong>3<\/strong> m\/s, generando brisas suaves que apenas mover\u00e1n las ramas de los \u00e1rboles, acompa\u00f1ando la capa nubosa que cubrir\u00e1 parcialmente el firmamento fronterizo.<\/p>\n<div style=\"background:linear-gradient(135deg,#0c1929 0%,#1a365d 50%,#234e82 100%);border-radius:12px;font-family:-apple-system,BlinkMacSystemFont,'Segoe UI',Roboto,sans-serif;margin:1rem 0;overflow:hidden;box-shadow:0 4px 20px rgba(0,0,0,0.25);\">\n<div style=\"display:flex;align-items:stretch;\">\n<div style=\"flex:1;padding:16px 20px;border-right:1px solid rgba(255,255,255,0.1);\">\n<p>Clima hoy<\/p>\n<p>Nogales<\/p>\n<p>30<span style=\"font-size:1.5rem;color:rgba(255,255,255,0.7);\">\u00b0C<\/span><\/p>\n<p>nubes<\/p>\n<\/div>\n<\/div>\n<\/div>\n<h2>\u00bfC\u00f3mo estar\u00e1 el tiempo en los pr\u00f3ximos d\u00edas?<\/h2>\n<p>El panorama para las siguientes jornadas muestra ligeras variaciones:<\/p>\n<p><strong>07 de abril de 2026<\/strong><br \/>M\u00e1xima de <strong>34\u00b0C<\/strong> y m\u00ednima de <strong>22\u00b0C<\/strong>, predominio de nubes con r\u00e1fagas ligeras de <strong>3<\/strong> km\/h.<\/p>\n<p><strong>08 de abril de 2026<\/strong><br \/>Term\u00f3metro hasta <strong>34\u00b0C<\/strong> cayendo a <strong>22\u00b0C<\/strong>, cielo nublado y brisas del sur a <strong>3<\/strong> km\/h.<\/p>\n<p><strong>09 de abril de 2026<\/strong><br \/>Pico de <strong>33\u00b0C<\/strong> y base de <strong>21\u00b0C<\/strong>, cielo claro y vientos estables de <strong>3<\/strong> km\/h.<\/p>\n<p>La tendencia general para el resto de la semana indica un descenso gradual en las marcas t\u00e9rmicas, perdiendo hasta <strong>3\u00b0C<\/strong> hacia el jueves. Sin embargo, el ambiente c\u00e1lido continuar\u00e1 dominando la regi\u00f3n, por lo que no se debe bajar la guardia ante la radiaci\u00f3n solar.<\/p>\n<h2>Recomendaciones clave para proteger tu salud del calor<\/h2>\n<p>Especialistas m\u00e9dicos sugieren consumir un m\u00ednimo de <strong>2<\/strong> a <strong>3<\/strong> litros de agua purificada para compensar la sudoraci\u00f3n. Adem\u00e1s, resulta vital aplicar protector solar con factor <strong>50<\/strong> cada <strong>4<\/strong> horas si se permanece expuesto a la intemperie.\n<\/p>\n<p>Se aconseja restringir las salidas innecesarias entre las <strong>11:00<\/strong> y las <strong>16:00<\/strong> horas, lapso donde los rayos ultravioleta impactan con mayor agresividad. Buscar sombras constantes y ventilar los espacios cerrados ayudar\u00e1 a mantener un entorno corporal fresco.\n<\/p>\n<h2>Efectos del clima en tu rutina y movilidad urbana<\/h2>\n<p>Quienes practican ejercicio f\u00edsico deber\u00e1n reprogramar sus rutinas para antes de las <strong>8:00<\/strong> horas o despu\u00e9s del anochecer. Las altas temperaturas incrementan dr\u00e1sticamente el riesgo de sufrir golpes de calor durante entrenamientos intensos en parques o canchas.\n<\/p>\n<p>En cuanto al tr\u00e1nsito vehicular, el asfalto superar\u00e1 los <strong>40\u00b0C<\/strong>, lo que puede desgastar r\u00e1pidamente los neum\u00e1ticos. Se sugiere revisar la presi\u00f3n cada <strong>15<\/strong> d\u00edas. Los trayectos urbanos resultar\u00e1n sofocantes, exigiendo paciencia durante los embotellamientos.\n<\/p>\n<h2>\u00bfQu\u00e9 ropa usar para enfrentar las altas temperaturas?<\/h2>\n<p>La selecci\u00f3n del guardarropa ser\u00e1 fundamental hoy; opta por prendas holgadas de algod\u00f3n o lino. Los colores claros reflejan hasta un <strong>80%<\/strong> de la luz solar, manteniendo el cuerpo m\u00e1s templado en comparaci\u00f3n con tonalidades oscuras que absorben el calor ambiental.\n<\/p>\n<p>Al abandonar tu hogar, no olvides cargar una sombrilla port\u00e1til, anteojos oscuros con filtro UV y al menos <strong>1<\/strong> botella t\u00e9rmica con l\u00edquidos fr\u00edos. Un sombrero de ala ancha tambi\u00e9n es un excelente aliado para resguardar el rostro y cuello de las quemaduras.\n<\/p>\n<h2>Calidad del aire y fuentes oficiales de informaci\u00f3n<\/h2>\n<p>El \u00edndice de calidad del aire marca un nivel <strong>3<\/strong>, catalogado como moderado. Las part\u00edculas PM2.5 est\u00e1n en <strong>11.0<\/strong> \u00b5g\/m\u00b3 y las PM10 en <strong>34.3<\/strong> \u00b5g\/m\u00b3. Se sugiere que personas sensibles limiten actividades prolongadas al aire libre para evitar molestias.\n<\/p>\n<p>Para mantenerte actualizado ante cualquier eventualidad, sigue las cuentas de Protecci\u00f3n Civil y el Servicio Meteorol\u00f3gico Nacional. Estas dependencias emiten boletines cada <strong>12<\/strong> horas, garantizando que la poblaci\u00f3n reciba alertas oportunas sobre cambios clim\u00e1ticos.<br \/>\n<\/p>\n<p><h3 style=\"margin-bottom:10px;font-family:Arial,sans-serif;\"\/>\n    <iframe src=\"https:\/\/openweathermap.org\/weathermap?basemap=map&amp;cities=true&amp;layer=temperature&amp;lat=23.6345&amp;lon=-102.5528&amp;zoom=5\" width=\"100%\" height=\"400\" style=\"border:none;border-radius:8px;\" loading=\"lazy\"><br \/>\n    <\/iframe>\n<\/p>\n<p style=\"font-size:12px;color:#666;margin-top:20px;\"><em>Este art\u00edculo ha sido generado con el apoyo de IA y revisado por un editor. Para m\u00e1s informaci\u00f3n, consulte nuestros t\u00e9rminos y condiciones.<\/em>&#13;<br \/>\n&#13;\n                                <\/p>\n<\/p><\/div>\n<p><script>\n    !function(f,b,e,v,n,t,s)\n    {if(f.fbq)return;n=f.fbq=function(){n.callMethod?\n    n.callMethod.apply(n,arguments):n.queue.push(arguments)};\n    if(!f._fbq)f._fbq=n;n.push=n;n.loaded=!0;n.version='2.0';\n    n.queue=[];t=b.createElement(e);t.async=!0;\n    t.src=v;s=b.getElementsByTagName(e)[0];\n    s.parentNode.insertBefore(t,s)}(window, document,'script',\n    'https:\/\/connect.facebook.net\/en_US\/fbevents.js');\n    fbq('init', '237927003583820');\n    fbq('track', 'PageView');\n  <\/script><script>\n    !function(f,b,e,v,n,t,s)\n    {if(f.fbq)return;n=f.fbq=function(){n.callMethod?\n    n.callMethod.apply(n,arguments):n.queue.push(arguments)};\n    if(!f._fbq)f._fbq=n;n.push=n;n.loaded=!0;n.version='2.0';\n    n.queue=[];t=b.createElement(e);t.async=!0;\n    t.src=v;s=b.getElementsByTagName(e)[0];\n    s.parentNode.insertBefore(t,s)}(window, document,'script',\n    'https:\/\/connect.facebook.net\/en_US\/fbevents.js');\n    fbq('init', '802372280934901');\n    fbq('track', 'PageView');\n    <\/script><br \/>\n<br \/><\/p>\n","protected":false},"excerpt":{"rendered":"<p>Este lunes, la ciudad fronteriza de Nogales, en el estado de Sonora, experimentar\u00e1 una jornada sumamente calurosa. Los reportes meteorol\u00f3gicos indican que el term\u00f3metro alcanzar\u00e1 una temperatura m\u00e1xima de 36\u00b0C, mientras que el valor m\u00ednimo durante la madrugada fue de 25\u00b0C. \u00bfQu\u00e9 temperaturas se registrar\u00e1n hoy en la frontera? Actualmente, el ambiente marca 30\u00b0C, pero [&hellip;]<\/p>\n","protected":false},"author":2,"featured_media":3712,"comment_status":"","ping_status":"","sticky":false,"template":"","format":"standard","meta":{"footnotes":""},"categories":[2],"tags":[],"class_list":["post-3711","post","type-post","status-publish","format-standard","has-post-thumbnail","hentry","category-local"],"_links":{"self":[{"href":"https:\/\/conexion-mx.com\/index.php?rest_route=\/wp\/v2\/posts\/3711","targetHints":{"allow":["GET"]}}],"collection":[{"href":"https:\/\/conexion-mx.com\/index.php?rest_route=\/wp\/v2\/posts"}],"about":[{"href":"https:\/\/conexion-mx.com\/index.php?rest_route=\/wp\/v2\/types\/post"}],"author":[{"embeddable":true,"href":"https:\/\/conexion-mx.com\/index.php?rest_route=\/wp\/v2\/users\/2"}],"replies":[{"embeddable":true,"href":"https:\/\/conexion-mx.com\/index.php?rest_route=%2Fwp%2Fv2%2Fcomments&post=3711"}],"version-history":[{"count":0,"href":"https:\/\/conexion-mx.com\/index.php?rest_route=\/wp\/v2\/posts\/3711\/revisions"}],"wp:featuredmedia":[{"embeddable":true,"href":"https:\/\/conexion-mx.com\/index.php?rest_route=\/wp\/v2\/media\/3712"}],"wp:attachment":[{"href":"https:\/\/conexion-mx.com\/index.php?rest_route=%2Fwp%2Fv2%2Fmedia&parent=3711"}],"wp:term":[{"taxonomy":"category","embeddable":true,"href":"https:\/\/conexion-mx.com\/index.php?rest_route=%2Fwp%2Fv2%2Fcategories&post=3711"},{"taxonomy":"post_tag","embeddable":true,"href":"https:\/\/conexion-mx.com\/index.php?rest_route=%2Fwp%2Fv2%2Ftags&post=3711"}],"curies":[{"name":"wp","href":"https:\/\/api.w.org\/{rel}","templated":true}]}}