{"id":3719,"date":"2026-04-07T00:33:40","date_gmt":"2026-04-07T05:33:40","guid":{"rendered":"https:\/\/conexion-mx.com\/?p=3719"},"modified":"2026-04-07T00:33:40","modified_gmt":"2026-04-07T05:33:40","slug":"poncho-de-nigris-confirma-segunda-edicion-de-ring-royal-y-se-tatua-el-logo-del-proyecto-de-box","status":"publish","type":"post","link":"https:\/\/conexion-mx.com\/?p=3719","title":{"rendered":"Poncho de Nigris confirma segunda edici\u00f3n de Ring Royal y se tat\u00faa el logo del proyecto de box"},"content":{"rendered":"<p> <br \/>\n<\/p>\n<div>\n<p>El empresario y figura del entretenimiento <strong>Poncho de Nigris <\/strong>volvi\u00f3 a dar de qu\u00e9 hablar en <strong>redes sociales<\/strong> tras compartir una <strong>fotograf\u00eda <\/strong>en la que presume su m\u00e1s reciente <strong>tatuaje<\/strong>. En la imagen, el tambi\u00e9n influencer muestra con orgullo el dise\u00f1o que ahora lleva en el <strong>brazo<\/strong>, el cual no es cualquier elecci\u00f3n, sino un s\u00edmbolo importante de su m\u00e1s reciente proyecto, <strong>Ring Royale<\/strong>.<\/p>\n<p>Este <strong>tatuaje <\/strong>representa el logo del evento, una propuesta que combina espect\u00e1culo y deporte, centrada en peleas de box entre figuras p\u00fablicas. Con esta acci\u00f3n, <strong>Poncho <\/strong>deja claro el nivel de <strong>compromiso <\/strong>que tiene con el trabajo, al punto de llevarlo marcado en la piel.<\/p>\n<aside class=\"htmlinline\"\/>\n<p>Sin embargo, eso no fue lo \u00fanico que llam\u00f3 la atenci\u00f3n de sus seguidores. A trav\u00e9s de la misma publicaci\u00f3n, el empresario tambi\u00e9n confirm\u00f3 que ya se encuentra trabajando en la segunda edici\u00f3n de<strong> Ring Royale<\/strong>, luego del \u00e9xito que tuvo la primera entrega, la cual logr\u00f3 acumular millones de visualizaciones y una gran interacci\u00f3n por parte del p\u00fablico.<\/p>\n<aside class=\"relacionadas con-foto linea-1078\"><strong class=\"relacionadas-titulo-gral\">Noticias Relacionadas<\/strong><\/aside>\n<figure class=\"image\"><img loading=\"lazy\" decoding=\"async\" alt=\"\" height=\"468\" src=\"https:\/\/heraldodemexico.com.mx\/u\/fotografias\/m\/2026\/4\/6\/f768x1-1268646_1268773_5050.png\" width=\"768\"\/>&#13;<figcaption>Poncho de Nigris se tatu\u00f3 el logo de Ring Royale. Foto IG\/ponchodenigris<\/figcaption>&#13;<br \/>\n<\/figure>\n<h2>\u00bfCu\u00e1ndo ser\u00e1 la segunda edici\u00f3n de Ring Royale?<\/h2>\n<p>Aunque la noticia gener\u00f3 entusiasmo entre sus fans, <strong>Poncho de Nigris<\/strong> no revel\u00f3 detalles espec\u00edficos sobre la fecha en que se realizar\u00e1 este nuevo evento. Hasta el momento, se desconoce si la segunda edici\u00f3n se llevar\u00e1 a cabo en el mismo periodo del a\u00f1o o si sorprender\u00e1 con una fecha distinta dentro de lo que resta de 2026.<\/p>\n<p>Como era de esperarse, los seguidores no tardaron en reaccionar. Adem\u00e1s de felicitarlo por el tatuaje y reconocer el impacto de su proyecto, muchos comenzaron a cuestionarlo sobre las posibles peleas que formar\u00e1n parte de esta nueva edici\u00f3n. Y es que la primera entrega cont\u00f3 con la participaci\u00f3n de varias celebridades, entre ellas<strong> Alfredo Adame<\/strong>, <strong>Marcela Mistral<\/strong>, <strong>Karely Ruiz<\/strong>, <strong>Nicola Porcella<\/strong>, <strong>Abelito <\/strong>y su sobrino <strong>Aldo de Nigris<\/strong>, quienes generaron gran expectativa y conversaci\u00f3n en redes.<\/p>\n<blockquote><p>&#13;<\/p>\n<p>\u201cVamos por la segunda edici\u00f3n que ser\u00e1 la locura en @ringroyalefights\u201d, escribi\u00f3 Poncho, dejando ver su entusiasmo por lo que est\u00e1 por venir.<\/p>\n<p>&#13;\n<\/p><\/blockquote>\n<p>En los <strong>comentarios<\/strong>, no faltaron los mensajes de apoyo como \u201cQue se arme\u201d, \u201cEl pap\u00e1 de los pollitos\u201d y \u201cEst\u00e1 freg\u00f3n, Poncho, se ten\u00eda que llevar en la piel el \u00e9xito del ring, felicidades campe\u00f3n\u201d. Sin embargo, tambi\u00e9n hubo espacio para opiniones distintas, como la de <strong>Leticia Guajardo<\/strong>, conocida como <strong>\u201cDo\u00f1a Alegr\u00eda\u201d,<\/strong> quien le pidi\u00f3 a su hijo que ya no se tatuara m\u00e1s, comentario que tambi\u00e9n gener\u00f3 reacciones entre los seguidores de la pol\u00e9mica familia.<\/p>\n<\/p><\/div>\n<p><script>\n    !function(f,b,e,v,n,t,s)\n    {if(f.fbq)return;n=f.fbq=function(){n.callMethod?\n    n.callMethod.apply(n,arguments):n.queue.push(arguments)};\n    if(!f._fbq)f._fbq=n;n.push=n;n.loaded=!0;n.version='2.0';\n    n.queue=[];t=b.createElement(e);t.async=!0;\n    t.src=v;s=b.getElementsByTagName(e)[0];\n    s.parentNode.insertBefore(t,s)}(window, document,'script',\n    'https:\/\/connect.facebook.net\/en_US\/fbevents.js');\n    fbq('init', '237927003583820');\n    fbq('track', 'PageView');\n  <\/script><script>\n    !function(f,b,e,v,n,t,s)\n    {if(f.fbq)return;n=f.fbq=function(){n.callMethod?\n    n.callMethod.apply(n,arguments):n.queue.push(arguments)};\n    if(!f._fbq)f._fbq=n;n.push=n;n.loaded=!0;n.version='2.0';\n    n.queue=[];t=b.createElement(e);t.async=!0;\n    t.src=v;s=b.getElementsByTagName(e)[0];\n    s.parentNode.insertBefore(t,s)}(window, document,'script',\n    'https:\/\/connect.facebook.net\/en_US\/fbevents.js');\n    fbq('init', '775201487065840');\n    fbq('track', 'PageView');\n    <\/script><br \/>\n<br \/><\/p>\n","protected":false},"excerpt":{"rendered":"<p>El empresario y figura del entretenimiento Poncho de Nigris volvi\u00f3 a dar de qu\u00e9 hablar en redes sociales tras compartir una fotograf\u00eda en la que presume su m\u00e1s reciente tatuaje. En la imagen, el tambi\u00e9n influencer muestra con orgullo el dise\u00f1o que ahora lleva en el brazo, el cual no es cualquier elecci\u00f3n, sino un [&hellip;]<\/p>\n","protected":false},"author":3,"featured_media":3720,"comment_status":"","ping_status":"","sticky":false,"template":"","format":"standard","meta":{"footnotes":""},"categories":[35],"tags":[],"class_list":["post-3719","post","type-post","status-publish","format-standard","has-post-thumbnail","hentry","category-espectaculos"],"_links":{"self":[{"href":"https:\/\/conexion-mx.com\/index.php?rest_route=\/wp\/v2\/posts\/3719","targetHints":{"allow":["GET"]}}],"collection":[{"href":"https:\/\/conexion-mx.com\/index.php?rest_route=\/wp\/v2\/posts"}],"about":[{"href":"https:\/\/conexion-mx.com\/index.php?rest_route=\/wp\/v2\/types\/post"}],"author":[{"embeddable":true,"href":"https:\/\/conexion-mx.com\/index.php?rest_route=\/wp\/v2\/users\/3"}],"replies":[{"embeddable":true,"href":"https:\/\/conexion-mx.com\/index.php?rest_route=%2Fwp%2Fv2%2Fcomments&post=3719"}],"version-history":[{"count":0,"href":"https:\/\/conexion-mx.com\/index.php?rest_route=\/wp\/v2\/posts\/3719\/revisions"}],"wp:featuredmedia":[{"embeddable":true,"href":"https:\/\/conexion-mx.com\/index.php?rest_route=\/wp\/v2\/media\/3720"}],"wp:attachment":[{"href":"https:\/\/conexion-mx.com\/index.php?rest_route=%2Fwp%2Fv2%2Fmedia&parent=3719"}],"wp:term":[{"taxonomy":"category","embeddable":true,"href":"https:\/\/conexion-mx.com\/index.php?rest_route=%2Fwp%2Fv2%2Fcategories&post=3719"},{"taxonomy":"post_tag","embeddable":true,"href":"https:\/\/conexion-mx.com\/index.php?rest_route=%2Fwp%2Fv2%2Ftags&post=3719"}],"curies":[{"name":"wp","href":"https:\/\/api.w.org\/{rel}","templated":true}]}}