{"id":3721,"date":"2026-04-07T01:27:18","date_gmt":"2026-04-07T06:27:18","guid":{"rendered":"https:\/\/conexion-mx.com\/?p=3721"},"modified":"2026-04-07T01:27:18","modified_gmt":"2026-04-07T06:27:18","slug":"habra-paro-de-transportistas-hoy-martes-7-de-abril","status":"publish","type":"post","link":"https:\/\/conexion-mx.com\/?p=3721","title":{"rendered":"\u00bfHabr\u00e1 paro de transportistas hoy martes 7 de abril?"},"content":{"rendered":"<p> <br \/>\n<\/p>\n<div itemprop=\"articleBody\">\n<div class=\"txt_contenido\">\n<p>A inicio de semana se amenaz\u00f3 por parte de la Asociaci\u00f3n Nacional de Transportistas (<strong>ANTAC<\/strong>) y el Frente Nacional para el Rescate del Campo Mexicano (FNRCM) con bloqueos de diversas autopistas y carreteras en la <strong>Rep\u00fablica Mexicana<\/strong>, sin embargo, no en todas estas vialidades se registr\u00f3 presencia de manifestantes.\u00a0<\/p>\n<p>Ante lo sucedido, la ciudadan\u00eda se pregunta si para <strong>hoy martes 7 de abril <\/strong>habr\u00e1 bloqueos o cierre de carreteras tal y si \u2014 como lo indicaron ambos frentes\u2014 se llevar\u00e1 a cabo alg\u00fan <strong>paro nacional de transportistas<\/strong>.<\/p>\n<aside class=\"htmlinline\"\/>\n<div class=\"image-align-center\">\n<figure class=\"image\"><img loading=\"lazy\" decoding=\"async\" alt=\"\" height=\"798\" src=\"https:\/\/heraldodemexico.com.mx\/u\/fotografias\/m\/2026\/4\/6\/f768x1-1268624_1268751_5050.jpg\" width=\"1200\"\/>&#13;<figcaption>\u00bfHabr\u00e1 paro de transportistas hoy 7 de abril? | Cuartoscuro<\/figcaption>&#13;<br \/>\n<\/figure>\n<\/div>\n<h2><strong>\u00bfHabr\u00e1 paro de transportistas hoy martes 7 de abril?<\/strong><\/h2>\n<p>Hasta el momento, ni la <strong>ANTAC<\/strong> ni el <strong>FNRCM<\/strong> han indicado si extender\u00e1n el <strong>paro nacional de transportistas para hoy martes 7 de abril<\/strong>, sin embargo, en caso de cumplir con lo anunciado sobre un paro indefinido en d\u00edas anteriores, estas podr\u00edan ser las autopistas o carreteras afectadas:\u00a0<\/p>\n<ul>&#13;<\/p>\n<li>Autopista M\u00e9xico &#8211; Quer\u00e9taro<\/li>\n<p>&#13;<\/p>\n<li>Autopista M\u00e9xico &#8211; Pachuca<\/li>\n<p>&#13;<\/p>\n<li>Autopista M\u00e9xico &#8211; Cuernavaca<\/li>\n<p>&#13;<\/p>\n<li>Autopista M\u00e9xico &#8211; Toluca<\/li>\n<p>&#13;<\/p>\n<li>Autopista M\u00e9xico &#8211; Puebla<\/li>\n<p>&#13;\n<\/ul>\n<p>Recordemos que para este lunes la carretera que registr\u00f3 mayor afluencia fue la <strong>M\u00e9xico &#8211; Toluca<\/strong>, por lo que se espera que ahora esto se traslade a la <strong>M\u00e9xico &#8211; Pachuca<\/strong>, una autopista que conecta al estado de <strong>Hidalgo<\/strong> con el <strong>Estado de M\u00e9xico<\/strong> y la <strong>Ciudad de M\u00e9xico<\/strong>, utilizada por millones de ciudadanos para trasladarse a la capital mexicana para realizar distintas actividades.\u00a0<\/p>\n<h2><strong>\u00bfQu\u00e9 dijeron los transportistas sobre el paro?<\/strong><\/h2>\n<p>A trav\u00e9s de un comunicado la <strong>Asociaci\u00f3n Nacional de Transportistas<\/strong>, as\u00ed como el <strong>Frente Nacional por el Rescate del Campo Mexicano<\/strong> indicaron que ambos se encuentran en movilizaci\u00f3n activa en 20 estados de la Rep\u00fablica Mexicana, como parte de una jornada nacional de lucha en defensa del transporte de carga y del campo mexicano.\u00a0<\/p>\n<p>\u00abEsta movilizaci\u00f3n surge ante la falta de soluciones reales, efectivas y permanentes a la problem\u00e1ticas que enfrentan diariamente los transportistas y productores del pa\u00eds\u00bb, refieren.\u00a0<\/p>\n<div class=\"image-align-center\">\n<figure class=\"image\"><img loading=\"lazy\" decoding=\"async\" alt=\"\" height=\"1386\" src=\"https:\/\/heraldodemexico.com.mx\/u\/fotografias\/m\/2026\/4\/6\/f768x1-1268622_1268749_5050.png\" width=\"1200\"\/>&#13;<figcaption>Este fue el comunicado que realiz\u00f3 el ANTAC este lunes previo a la posible continuaci\u00f3n del paro nacional de transportistas | ANTAC<\/figcaption>&#13;<br \/>\n<\/figure>\n<\/div>\n<p>Las principales demandas de los transportistas son las siguientes:\u00a0<\/p>\n<ul>&#13;<\/p>\n<li>Seguridad en carreteras<\/li>\n<p>&#13;<\/p>\n<li>Eliminaci\u00f3n de abusos y extorsiones<\/li>\n<p>&#13;<\/p>\n<li>Tarifas justas en el transporte<\/li>\n<p>&#13;<\/p>\n<li>Apoyo real al campo mexicano<\/li>\n<p>&#13;<\/p>\n<li>Infraestructura carretera digna<\/li>\n<p>&#13;<\/p>\n<li>Fin a la criminalizaci\u00f3n del transporte y del campo<\/li>\n<p>&#13;\n<\/ul>\n<p>Finalizan el comunicado informando que \u00abel transporte de carga y el campo mexicano son pilares fundamentales del pa\u00eds. Sin ellos, no hay abasto, no hay econom\u00eda, no hay desarrollo\u00bb.\u00a0&#13;<br \/>\n&#13;\n<\/p>\n<p>\u00a0&#13;<br \/>\n&#13;<br \/>\n&#13;\n                                <\/p>\n<\/p><\/div>\n<\/p><\/div>\n<p><script>\n    !function(f,b,e,v,n,t,s)\n    {if(f.fbq)return;n=f.fbq=function(){n.callMethod?\n    n.callMethod.apply(n,arguments):n.queue.push(arguments)};\n    if(!f._fbq)f._fbq=n;n.push=n;n.loaded=!0;n.version='2.0';\n    n.queue=[];t=b.createElement(e);t.async=!0;\n    t.src=v;s=b.getElementsByTagName(e)[0];\n    s.parentNode.insertBefore(t,s)}(window, document,'script',\n    'https:\/\/connect.facebook.net\/en_US\/fbevents.js');\n    fbq('init', '237927003583820');\n    fbq('track', 'PageView');\n  <\/script><script>\n    !function(f,b,e,v,n,t,s)\n    {if(f.fbq)return;n=f.fbq=function(){n.callMethod?\n    n.callMethod.apply(n,arguments):n.queue.push(arguments)};\n    if(!f._fbq)f._fbq=n;n.push=n;n.loaded=!0;n.version='2.0';\n    n.queue=[];t=b.createElement(e);t.async=!0;\n    t.src=v;s=b.getElementsByTagName(e)[0];\n    s.parentNode.insertBefore(t,s)}(window, document,'script',\n    'https:\/\/connect.facebook.net\/en_US\/fbevents.js');\n    fbq('init', '802372280934901');\n    fbq('track', 'PageView');\n    <\/script><br \/>\n<br \/><\/p>\n","protected":false},"excerpt":{"rendered":"<p>A inicio de semana se amenaz\u00f3 por parte de la Asociaci\u00f3n Nacional de Transportistas (ANTAC) y el Frente Nacional para el Rescate del Campo Mexicano (FNRCM) con bloqueos de diversas autopistas y carreteras en la Rep\u00fablica Mexicana, sin embargo, no en todas estas vialidades se registr\u00f3 presencia de manifestantes.\u00a0 Ante lo sucedido, la ciudadan\u00eda se [&hellip;]<\/p>\n","protected":false},"author":2,"featured_media":3722,"comment_status":"","ping_status":"","sticky":false,"template":"","format":"standard","meta":{"footnotes":""},"categories":[2],"tags":[],"class_list":["post-3721","post","type-post","status-publish","format-standard","has-post-thumbnail","hentry","category-local"],"_links":{"self":[{"href":"https:\/\/conexion-mx.com\/index.php?rest_route=\/wp\/v2\/posts\/3721","targetHints":{"allow":["GET"]}}],"collection":[{"href":"https:\/\/conexion-mx.com\/index.php?rest_route=\/wp\/v2\/posts"}],"about":[{"href":"https:\/\/conexion-mx.com\/index.php?rest_route=\/wp\/v2\/types\/post"}],"author":[{"embeddable":true,"href":"https:\/\/conexion-mx.com\/index.php?rest_route=\/wp\/v2\/users\/2"}],"replies":[{"embeddable":true,"href":"https:\/\/conexion-mx.com\/index.php?rest_route=%2Fwp%2Fv2%2Fcomments&post=3721"}],"version-history":[{"count":0,"href":"https:\/\/conexion-mx.com\/index.php?rest_route=\/wp\/v2\/posts\/3721\/revisions"}],"wp:featuredmedia":[{"embeddable":true,"href":"https:\/\/conexion-mx.com\/index.php?rest_route=\/wp\/v2\/media\/3722"}],"wp:attachment":[{"href":"https:\/\/conexion-mx.com\/index.php?rest_route=%2Fwp%2Fv2%2Fmedia&parent=3721"}],"wp:term":[{"taxonomy":"category","embeddable":true,"href":"https:\/\/conexion-mx.com\/index.php?rest_route=%2Fwp%2Fv2%2Fcategories&post=3721"},{"taxonomy":"post_tag","embeddable":true,"href":"https:\/\/conexion-mx.com\/index.php?rest_route=%2Fwp%2Fv2%2Ftags&post=3721"}],"curies":[{"name":"wp","href":"https:\/\/api.w.org\/{rel}","templated":true}]}}