{"id":3727,"date":"2026-04-07T09:31:37","date_gmt":"2026-04-07T14:31:37","guid":{"rendered":"https:\/\/conexion-mx.com\/?p=3727"},"modified":"2026-04-07T09:31:37","modified_gmt":"2026-04-07T14:31:37","slug":"registro-de-adultos-mayores-para-obtener-su-credencial-para-el-servicio-universal-de-salud-calendario-y-requisitos","status":"publish","type":"post","link":"https:\/\/conexion-mx.com\/?p=3727","title":{"rendered":"Registro de adultos mayores para obtener su credencial para el Servicio Universal de Salud | CALENDARIO y REQUISITOS"},"content":{"rendered":"<p> <br \/>\n<\/p>\n<div itemprop=\"articleBody\">\n<div class=\"txt_contenido\">\n<p>Ariadna Montiel Reyes, secretaria de Bienestar, inform\u00f3 que se planea iniciar con el proceso de credencializaci\u00f3n para el Servicio Universal de Salud, que en una primera etapa abarcar\u00e1 a 100 mil personas.\u00a0<\/p>\n<p>En la conferencia de prensa matutina, la funcionaria federal explic\u00f3 que quienes comenzar\u00e1n a ser registrados desde el 13 de abril son las personas adultas mayores de 85 a\u00f1os y m\u00e1s, de acuerdo con la letra de su primer apellido.\u00a0<\/p>\n<aside class=\"htmlinline\"\/>\n<p>\u201cEstaremos en esta primera etapa registrando a casi 100 mil mexicanas y mexicanos, y por lo tanto, hemos dise\u00f1ado el orden en el que vamos a iniciar. Como lo hab\u00eda comprometido la presidenta, iniciaremos en este mes de abril este registro. Adelante. \u00bfCon qui\u00e9nes vamos a empezar primero? Con los adultos mayores de 85 a\u00f1os y m\u00e1s, que se podr\u00e1n registrar entre el 13 y el 30 de abril\u201d, explic\u00f3.\u00a0<\/p>\n<div class=\"image-align-center\">\n<figure class=\"image\"><img loading=\"lazy\" decoding=\"async\" alt=\"\" height=\"419\" src=\"https:\/\/heraldodemexico.com.mx\/u\/fotografias\/m\/2026\/4\/7\/f768x1-1268756_1268883_5050.jpeg\" width=\"768\"\/>&#13;<figcaption>Foto: Gobierno de M\u00e9xico<\/figcaption>&#13;<br \/>\n<\/figure>\n<\/div>\n<p>Y es que para realizar este proceso, dijo la secretaria de Bienestar, el gobierno federal instalar\u00e1 dos mil 59 m\u00f3dulos en 47 municipios, incluyendo las 16 alcald\u00edas de la Ciudad de M\u00e9xico, donde los ciudadanos podr\u00e1n acudir a realizar su registro.\u00a0<\/p>\n<p>Montiel Reyes subray\u00f3 que las personas que van a realizar este proceso tendr\u00e1n que acudir a los m\u00f3dulos con la siguiente documentaci\u00f3n: identificaci\u00f3n oficial con fotograf\u00eda, acta de nacimiento o carta de naturalizaci\u00f3n, CURP y comprobante de domicilio.\u00a0<\/p>\n<p>En ese sentido, la funcionaria expuso que, tras realizar el registro, la credencial del Servicio Universal de Salud ser\u00e1 entregada seis semanas despu\u00e9s de manera f\u00edsica y posteriormente de manera digital.<\/p>\n<\/p><\/div>\n<\/p><\/div>\n<p><script>\n    !function(f,b,e,v,n,t,s)\n    {if(f.fbq)return;n=f.fbq=function(){n.callMethod?\n    n.callMethod.apply(n,arguments):n.queue.push(arguments)};\n    if(!f._fbq)f._fbq=n;n.push=n;n.loaded=!0;n.version='2.0';\n    n.queue=[];t=b.createElement(e);t.async=!0;\n    t.src=v;s=b.getElementsByTagName(e)[0];\n    s.parentNode.insertBefore(t,s)}(window, document,'script',\n    'https:\/\/connect.facebook.net\/en_US\/fbevents.js');\n    fbq('init', '237927003583820');\n    fbq('track', 'PageView');\n  <\/script><script>\n    !function(f,b,e,v,n,t,s)\n    {if(f.fbq)return;n=f.fbq=function(){n.callMethod?\n    n.callMethod.apply(n,arguments):n.queue.push(arguments)};\n    if(!f._fbq)f._fbq=n;n.push=n;n.loaded=!0;n.version='2.0';\n    n.queue=[];t=b.createElement(e);t.async=!0;\n    t.src=v;s=b.getElementsByTagName(e)[0];\n    s.parentNode.insertBefore(t,s)}(window, document,'script',\n    'https:\/\/connect.facebook.net\/en_US\/fbevents.js');\n    fbq('init', '802372280934901');\n    fbq('track', 'PageView');\n    <\/script><br \/>\n<br \/><\/p>\n","protected":false},"excerpt":{"rendered":"<p>Ariadna Montiel Reyes, secretaria de Bienestar, inform\u00f3 que se planea iniciar con el proceso de credencializaci\u00f3n para el Servicio Universal de Salud, que en una primera etapa abarcar\u00e1 a 100 mil personas.\u00a0 En la conferencia de prensa matutina, la funcionaria federal explic\u00f3 que quienes comenzar\u00e1n a ser registrados desde el 13 de abril son las [&hellip;]<\/p>\n","protected":false},"author":2,"featured_media":3728,"comment_status":"","ping_status":"","sticky":false,"template":"","format":"standard","meta":{"footnotes":""},"categories":[2],"tags":[],"class_list":["post-3727","post","type-post","status-publish","format-standard","has-post-thumbnail","hentry","category-local"],"_links":{"self":[{"href":"https:\/\/conexion-mx.com\/index.php?rest_route=\/wp\/v2\/posts\/3727","targetHints":{"allow":["GET"]}}],"collection":[{"href":"https:\/\/conexion-mx.com\/index.php?rest_route=\/wp\/v2\/posts"}],"about":[{"href":"https:\/\/conexion-mx.com\/index.php?rest_route=\/wp\/v2\/types\/post"}],"author":[{"embeddable":true,"href":"https:\/\/conexion-mx.com\/index.php?rest_route=\/wp\/v2\/users\/2"}],"replies":[{"embeddable":true,"href":"https:\/\/conexion-mx.com\/index.php?rest_route=%2Fwp%2Fv2%2Fcomments&post=3727"}],"version-history":[{"count":0,"href":"https:\/\/conexion-mx.com\/index.php?rest_route=\/wp\/v2\/posts\/3727\/revisions"}],"wp:featuredmedia":[{"embeddable":true,"href":"https:\/\/conexion-mx.com\/index.php?rest_route=\/wp\/v2\/media\/3728"}],"wp:attachment":[{"href":"https:\/\/conexion-mx.com\/index.php?rest_route=%2Fwp%2Fv2%2Fmedia&parent=3727"}],"wp:term":[{"taxonomy":"category","embeddable":true,"href":"https:\/\/conexion-mx.com\/index.php?rest_route=%2Fwp%2Fv2%2Fcategories&post=3727"},{"taxonomy":"post_tag","embeddable":true,"href":"https:\/\/conexion-mx.com\/index.php?rest_route=%2Fwp%2Fv2%2Ftags&post=3727"}],"curies":[{"name":"wp","href":"https:\/\/api.w.org\/{rel}","templated":true}]}}