{"id":3729,"date":"2026-04-07T17:42:30","date_gmt":"2026-04-07T22:42:30","guid":{"rendered":"https:\/\/conexion-mx.com\/?p=3729"},"modified":"2026-04-07T17:42:30","modified_gmt":"2026-04-07T22:42:30","slug":"ascienden-a-ocho-las-personas-muertas-por-sueros-vitaminados-en-sonora","status":"publish","type":"post","link":"https:\/\/conexion-mx.com\/?p=3729","title":{"rendered":"Ascienden a ocho las personas muertas por sueros vitaminados en Sonora"},"content":{"rendered":"<p> <br \/>\n<\/p>\n<div>\n<p>La <strong>Secretar\u00eda de Salud de Sonora<\/strong> confirm\u00f3 que ya son ocho las personas que fallecieron luego de aplicarse soluciones de suero intravenoso en una cl\u00ednica privada de Hermosillo y hay tres personas afectadas, dando un total de 11 casos.<\/p>\n<p>Mediante un <strong>comunicado <\/strong>se inform\u00f3 que, al corte de las 11:00 horas del 7 de abril, se reportaron ocho defunciones, una persona que permanece hospitalizada y dos personas m\u00e1s recuperadas.<\/p>\n<aside class=\"htmlinline\"\/>\n<p>El comunicado asegura que, tras la clausura del establecimiento, no se han presentado nuevos casos y se mantienen acciones coordinadas entre la <strong>Comisi\u00f3n Estatal de Protecci\u00f3n Contra Riesgos Sanitarios<\/strong>, de la Comisi\u00f3n Federal para la Protecci\u00f3n Contra Riesgos Sanitarios y la Fiscal\u00eda de Sonora.<\/p>\n<aside class=\"relacionadas con-foto linea-1078\"><strong class=\"relacionadas-titulo-gral\">Noticias Relacionadas<\/strong><\/aside>\n<p>De momento, se activaron acciones de<strong> vigilancia epidemiol\u00f3gica<\/strong>, verificaci\u00f3n sanitaria, an\u00e1lisis de muestras y la clausura del establecimiento relacionado. Los medicamentos y soluciones siguen en an\u00e1lisis por la Comisi\u00f3n de Control Anal\u00edtico y Ampliaci\u00f3n de Cobertura federal y se mantiene el monitoreo permanente para informar de manera oportuna a la poblaci\u00f3n.<\/p>\n<h2>Acusan a m\u00e9dico de mala praxis y homicidio culposo<\/h2>\n<p>Por su parte, el fiscal general de Justicia del Estado, Gustavo Salas, inform\u00f3 que un juez de <strong>Hermosillo <\/strong>emiti\u00f3 una orden de aprehensi\u00f3n en contra de Maximiano \u201cN\u201d, el m\u00e9dico tratante que diagnostic\u00f3, mezcl\u00f3 y proporcion\u00f3 los sueros intravenosos que se aplicaron a varias personas en una cl\u00ednica privada de Hermosillo.<\/p>\n<blockquote><p>&#13;<\/p>\n<p>\u201cLo estamos buscando por homicidio culposo, por una mala praxis m\u00e9dica, y por supuesto que tambi\u00e9n configura una agravante por la responsabilidad m\u00e9dica y t\u00e9cnica que el probable responsable tiene en su contra\u201d, <strong>dijo<\/strong>.<\/p>\n<p>&#13;\n<\/p><\/blockquote>\n<p>El fiscal explic\u00f3 que se han realizado 117 <strong>acciones de investigaci\u00f3n<\/strong>, se abrieron ocho carpetas de investigaci\u00f3n, se realizaron 51 declaraciones y entrevistas a testigos, v\u00edctimas directas que sobrevivieron y familiares, adem\u00e1s, fueron requeridos los apoderados legales y propietarios de los productos.<\/p>\n<p>Durante la madrugada, se realizaron tres <strong>cateos <\/strong>simult\u00e1neos en diferentes domicilios de Hermosillo y un cuarto en la cl\u00ednica donde el doctor operaba. Tambi\u00e9n se emitieron avisos de colaboraci\u00f3n con otros estados e internacionales para la localizaci\u00f3n de esta persona, quien hasta estos momentos no se tienen indicios de que haya cruzado la frontera con Estados Unidos.&#13;<br \/>\n&#13;<br \/>\n&#13;\n                                <\/p>\n<\/p><\/div>\n<p><script>\n    !function(f,b,e,v,n,t,s)\n    {if(f.fbq)return;n=f.fbq=function(){n.callMethod?\n    n.callMethod.apply(n,arguments):n.queue.push(arguments)};\n    if(!f._fbq)f._fbq=n;n.push=n;n.loaded=!0;n.version='2.0';\n    n.queue=[];t=b.createElement(e);t.async=!0;\n    t.src=v;s=b.getElementsByTagName(e)[0];\n    s.parentNode.insertBefore(t,s)}(window, document,'script',\n    'https:\/\/connect.facebook.net\/en_US\/fbevents.js');\n    fbq('init', '237927003583820');\n    fbq('track', 'PageView');\n  <\/script><script>\n    !function(f,b,e,v,n,t,s)\n    {if(f.fbq)return;n=f.fbq=function(){n.callMethod?\n    n.callMethod.apply(n,arguments):n.queue.push(arguments)};\n    if(!f._fbq)f._fbq=n;n.push=n;n.loaded=!0;n.version='2.0';\n    n.queue=[];t=b.createElement(e);t.async=!0;\n    t.src=v;s=b.getElementsByTagName(e)[0];\n    s.parentNode.insertBefore(t,s)}(window, document,'script',\n    'https:\/\/connect.facebook.net\/en_US\/fbevents.js');\n    fbq('init', '802372280934901');\n    fbq('track', 'PageView');\n    <\/script><br \/>\n<br \/><\/p>\n","protected":false},"excerpt":{"rendered":"<p>La Secretar\u00eda de Salud de Sonora confirm\u00f3 que ya son ocho las personas que fallecieron luego de aplicarse soluciones de suero intravenoso en una cl\u00ednica privada de Hermosillo y hay tres personas afectadas, dando un total de 11 casos. Mediante un comunicado se inform\u00f3 que, al corte de las 11:00 horas del 7 de abril, [&hellip;]<\/p>\n","protected":false},"author":2,"featured_media":3730,"comment_status":"","ping_status":"","sticky":false,"template":"","format":"standard","meta":{"footnotes":""},"categories":[2],"tags":[],"class_list":["post-3729","post","type-post","status-publish","format-standard","has-post-thumbnail","hentry","category-local"],"_links":{"self":[{"href":"https:\/\/conexion-mx.com\/index.php?rest_route=\/wp\/v2\/posts\/3729","targetHints":{"allow":["GET"]}}],"collection":[{"href":"https:\/\/conexion-mx.com\/index.php?rest_route=\/wp\/v2\/posts"}],"about":[{"href":"https:\/\/conexion-mx.com\/index.php?rest_route=\/wp\/v2\/types\/post"}],"author":[{"embeddable":true,"href":"https:\/\/conexion-mx.com\/index.php?rest_route=\/wp\/v2\/users\/2"}],"replies":[{"embeddable":true,"href":"https:\/\/conexion-mx.com\/index.php?rest_route=%2Fwp%2Fv2%2Fcomments&post=3729"}],"version-history":[{"count":0,"href":"https:\/\/conexion-mx.com\/index.php?rest_route=\/wp\/v2\/posts\/3729\/revisions"}],"wp:featuredmedia":[{"embeddable":true,"href":"https:\/\/conexion-mx.com\/index.php?rest_route=\/wp\/v2\/media\/3730"}],"wp:attachment":[{"href":"https:\/\/conexion-mx.com\/index.php?rest_route=%2Fwp%2Fv2%2Fmedia&parent=3729"}],"wp:term":[{"taxonomy":"category","embeddable":true,"href":"https:\/\/conexion-mx.com\/index.php?rest_route=%2Fwp%2Fv2%2Fcategories&post=3729"},{"taxonomy":"post_tag","embeddable":true,"href":"https:\/\/conexion-mx.com\/index.php?rest_route=%2Fwp%2Fv2%2Ftags&post=3729"}],"curies":[{"name":"wp","href":"https:\/\/api.w.org\/{rel}","templated":true}]}}