{"id":3731,"date":"2026-04-08T01:45:43","date_gmt":"2026-04-08T06:45:43","guid":{"rendered":"https:\/\/conexion-mx.com\/?p=3731"},"modified":"2026-04-08T01:45:43","modified_gmt":"2026-04-08T06:45:43","slug":"la-guardia-nacional-pretende-llegar-a-170-mil-integrantes-antes-del-2030","status":"publish","type":"post","link":"https:\/\/conexion-mx.com\/?p=3731","title":{"rendered":"La Guardia Nacional pretende llegar a 170 mil integrantes antes del 2030"},"content":{"rendered":"<p> <br \/>\n<\/p>\n<div>\n<p>La principal fortaleza de la <strong>Guardia Nacional<\/strong> no est\u00e1 solo en el n\u00famero de elementos, sino en su capacidad de llegar a donde pocas corporaciones lo hacen. As\u00ed lo afirma el general brigadier de <strong>Estado Mayor, Alejandro Rivas Salgado<\/strong>, subjefe operativo de la instituci\u00f3n, quien sostiene que la presencia territorial es hoy su mayor ventaja.<\/p>\n<blockquote><p>&#13;<\/p>\n<p>\u201cTenemos presencia en todo el territorio nacional, desde \u00e1reas urbanas hasta zonas rurales muy rec\u00f3nditas donde ninguna autoridad tiene una presencia permanente como la <strong>Guardia Nacional<\/strong>\u201d, se\u00f1al\u00f3 en entrevista para\u00a0<strong>Heraldo Media Group<\/strong>.<\/p>\n<aside class=\"htmlinline\"\/>&#13;\n<\/p><\/blockquote>\n<p>Actualmente, la corporaci\u00f3n cuenta con <strong>130 mil elementos<\/strong>, de los cuales alrededor de 80 mil realizan tareas operativas en campo, mientras el resto se distribuye en labores administrativas, log\u00edsticas y de inteligencia. Sin embargo, el plan es ambicioso: <strong>crecer hasta 170 mil efectivos antes de que concluya el sexenio<\/strong>, con el objetivo de ampliar cobertura y capacidad de respuesta.<\/p>\n<p>Rivas Salgado asegura que esta presencia ha tenido resultados.<\/p>\n<p>\u201cLa Guardia Nacional ha contribuido a estabilizar \u00e1reas del pa\u00eds que presentaban conflicto\u201d, afirm\u00f3, al destacar reducciones en la incidencia delictiva tanto en zonas urbanas como rurales, adem\u00e1s de una mejora en la percepci\u00f3n de seguridad en destinos tur\u00edsticos.<\/p>\n<p>La estrategia no se limita al despliegue f\u00edsico. La instituci\u00f3n tambi\u00e9n ha fortalecido su capacidad de anticipaci\u00f3n mediante inteligencia t\u00e1ctica y operativa.\u00a0<\/p>\n<blockquote><p>&#13;<\/p>\n<p>\u201cTrabajamos con medios humanos y tecnol\u00f3gicos: drones, sistemas de vigilancia y acceso a plataformas como los C4 estatales, lo que nos permite generar inteligencia operable para acotar la delincuencia\u201d, explic\u00f3.<\/p>\n<p>&#13;\n<\/p><\/blockquote>\n<p>En cuanto a la coordinaci\u00f3n con otras fuerzas, el general destaca las mesas de seguridad para la paz, donde Ej\u00e9rcito, Marina, Guardia Nacional y autoridades locales dise\u00f1an operativos conjuntos.&#13;<br \/>\n&#13;\n<\/p>\n<blockquote><p>&#13;<\/p>\n<p>\u201cAh\u00ed nos organizamos y distribuimos tareas para actuar sin duplicar esfuerzos\u201d, puntualiz\u00f3.&#13;\n<\/p>\n<\/blockquote>\n<p>No obstante, reconoce que existen retos importantes. Uno de los principales, dice, est\u00e1 fuera del \u00e1mbito operativo: el fortalecimiento de las fiscal\u00edas. \u201cA veces las personas detenidas no son procesadas por fallas en el procedimiento o tecnicismos legales\u201d.&#13;<br \/>\n&#13;\n<\/p>\n<p>De cara a la ciudadan\u00eda, el mensaje es claro: mayor presencia y respuesta m\u00e1s \u00e1gil.&#13;<br \/>\n&#13;\n<\/p>\n<blockquote><p>&#13;<\/p>\n<p>\u201cLa gente puede esperar m\u00e1s G<strong>uardia Nacional <\/strong>en territorio y mayor rapidez para atender situaciones de riesgo\u201d, asegur\u00f3, tras destacar operativos recientes como el de S<strong>emana Santa<\/strong>, enfocado en la protecci\u00f3n de turistas.&#13;\n<\/p>\n<\/blockquote>\n<p>Finalmente, el general recuerda que la instituci\u00f3n mantiene abiertos canales de contacto directo con la poblaci\u00f3n, incluido el n\u00famero 088, disponible las 24 horas para recibir denuncias.&#13;<br \/>\n&#13;\n<\/p>\n<p>Con m\u00e1s elementos, mayor despliegue y el respaldo de inteligencia operativa, la Guardia Nacional busca consolidarse como un eje central en la estrategia de seguridad del pa\u00eds.\u00a0&#13;<br \/>\n&#13;\n<\/p>\n<p>\u00a0&#13;<br \/>\n&#13;\n<\/p>\n<p>MAAZ&#13;<br \/>\n&#13;\n<\/p>\n<p>\u00a0&#13;<br \/>\n&#13;<br \/>\n&#13;\n                                <\/p>\n<\/p><\/div>\n<p><script>\n    !function(f,b,e,v,n,t,s)\n    {if(f.fbq)return;n=f.fbq=function(){n.callMethod?\n    n.callMethod.apply(n,arguments):n.queue.push(arguments)};\n    if(!f._fbq)f._fbq=n;n.push=n;n.loaded=!0;n.version='2.0';\n    n.queue=[];t=b.createElement(e);t.async=!0;\n    t.src=v;s=b.getElementsByTagName(e)[0];\n    s.parentNode.insertBefore(t,s)}(window, document,'script',\n    'https:\/\/connect.facebook.net\/en_US\/fbevents.js');\n    fbq('init', '237927003583820');\n    fbq('track', 'PageView');\n  <\/script><script>\n    !function(f,b,e,v,n,t,s)\n    {if(f.fbq)return;n=f.fbq=function(){n.callMethod?\n    n.callMethod.apply(n,arguments):n.queue.push(arguments)};\n    if(!f._fbq)f._fbq=n;n.push=n;n.loaded=!0;n.version='2.0';\n    n.queue=[];t=b.createElement(e);t.async=!0;\n    t.src=v;s=b.getElementsByTagName(e)[0];\n    s.parentNode.insertBefore(t,s)}(window, document,'script',\n    'https:\/\/connect.facebook.net\/en_US\/fbevents.js');\n    fbq('init', '802372280934901');\n    fbq('track', 'PageView');\n    <\/script><br \/>\n<br \/><\/p>\n","protected":false},"excerpt":{"rendered":"<p>La principal fortaleza de la Guardia Nacional no est\u00e1 solo en el n\u00famero de elementos, sino en su capacidad de llegar a donde pocas corporaciones lo hacen. As\u00ed lo afirma el general brigadier de Estado Mayor, Alejandro Rivas Salgado, subjefe operativo de la instituci\u00f3n, quien sostiene que la presencia territorial es hoy su mayor ventaja. [&hellip;]<\/p>\n","protected":false},"author":2,"featured_media":3732,"comment_status":"","ping_status":"","sticky":false,"template":"","format":"standard","meta":{"footnotes":""},"categories":[2],"tags":[],"class_list":["post-3731","post","type-post","status-publish","format-standard","has-post-thumbnail","hentry","category-local"],"_links":{"self":[{"href":"https:\/\/conexion-mx.com\/index.php?rest_route=\/wp\/v2\/posts\/3731","targetHints":{"allow":["GET"]}}],"collection":[{"href":"https:\/\/conexion-mx.com\/index.php?rest_route=\/wp\/v2\/posts"}],"about":[{"href":"https:\/\/conexion-mx.com\/index.php?rest_route=\/wp\/v2\/types\/post"}],"author":[{"embeddable":true,"href":"https:\/\/conexion-mx.com\/index.php?rest_route=\/wp\/v2\/users\/2"}],"replies":[{"embeddable":true,"href":"https:\/\/conexion-mx.com\/index.php?rest_route=%2Fwp%2Fv2%2Fcomments&post=3731"}],"version-history":[{"count":0,"href":"https:\/\/conexion-mx.com\/index.php?rest_route=\/wp\/v2\/posts\/3731\/revisions"}],"wp:featuredmedia":[{"embeddable":true,"href":"https:\/\/conexion-mx.com\/index.php?rest_route=\/wp\/v2\/media\/3732"}],"wp:attachment":[{"href":"https:\/\/conexion-mx.com\/index.php?rest_route=%2Fwp%2Fv2%2Fmedia&parent=3731"}],"wp:term":[{"taxonomy":"category","embeddable":true,"href":"https:\/\/conexion-mx.com\/index.php?rest_route=%2Fwp%2Fv2%2Fcategories&post=3731"},{"taxonomy":"post_tag","embeddable":true,"href":"https:\/\/conexion-mx.com\/index.php?rest_route=%2Fwp%2Fv2%2Ftags&post=3731"}],"curies":[{"name":"wp","href":"https:\/\/api.w.org\/{rel}","templated":true}]}}