{"id":3739,"date":"2026-04-08T17:57:09","date_gmt":"2026-04-08T22:57:09","guid":{"rendered":"https:\/\/conexion-mx.com\/?p=3739"},"modified":"2026-04-08T17:57:09","modified_gmt":"2026-04-08T22:57:09","slug":"islas-marias-boca-de-chila-marinabus-y-goleta-iguala-impulsan-el-turismo-en-mexico","status":"publish","type":"post","link":"https:\/\/conexion-mx.com\/?p=3739","title":{"rendered":"Islas Mar\u00edas, Boca de Chila, Marinabus y Goleta Iguala impulsan el turismo en M\u00e9xico"},"content":{"rendered":"<p> <br \/>\n<\/p>\n<div>\n<p>La secretaria de Turismo, <strong>Josefina Rodr\u00edguez\u00a0<\/strong>y el director general de Tur\u00edstica Integral, <strong>Rafael G\u00f3mez Conejo,<\/strong> presentaron <strong>cuatro<\/strong> <strong>proyectos estrat\u00e9gicos <\/strong>que diversifican la <strong>oferta tur\u00edstica nacional.\u00a0<\/strong><\/p>\n<blockquote><p>&#13;<\/p>\n<p>El turismo hoy son experiencias. Estos proyectos permiten a las y los visitantes vivir destinos \u00fanicos, con identidad, historia y contacto directo con nuestras comunidades\u201d<\/p>\n<aside class=\"htmlinline\"\/>&#13;\n<\/p><\/blockquote>\n<p>Afirm\u00f3<strong> Josefina Rodr\u00edguez&#8230;\u00a0<\/strong><\/p>\n<h2>Islas Mar\u00edas: Reserva de la Bi\u00f3sfera UNESCO con paquetes todo incluido<\/h2>\n<p>El Centro Tur\u00edstico <strong>Islas Mar\u00edas <\/strong>se ha convertido en un destino \u00fanico por su <strong>riqueza natural, su historia y el significado que representa<\/strong>. En los \u00faltimos a\u00f1os ha crecido de forma constante, atrayendo tanto a visitantes nacionales como extranjeros, especialmente a quienes buscan experiencias como el avistamiento de aves.\u00a0<\/p>\n<p class=\"image-align-center\"><img loading=\"lazy\" decoding=\"async\" alt=\"\" height=\"400\" src=\"https:\/\/heraldodemexico.com.mx\/u\/fotografias\/m\/2022\/12\/16\/f768x400-638040_681943_5050.jpg\" width=\"768\"\/><\/p>\n<p>Entre sus grandes atractivos destacan\u00a0<strong>Playa Chapingo, el museo de sitio en Puerto Balleto<\/strong>, senderos naturales y miradores etc.\u00a0<\/p>\n<h2>Resort Boca de Chila: naturaleza, descanso y turismo comunitario en Nayarit<\/h2>\n<p>El proyecto combina descanso, contacto con la naturaleza y turismo comunitario, convirti\u00e9ndose en <strong>un motor de desarrollo regional para las comunidades de la zona.<\/strong><\/p>\n<h2>Marinabus Acapulco: movilidad tur\u00edstica accesible para la reactivaci\u00f3n del puerto<\/h2>\n<p>Es una alternativa de transporte tur\u00edstico que recorre el trayecto del <strong>Z\u00f3calo<\/strong> a <strong>Puerto Marqu\u00e9s en aproximadamente 45 minutos<\/strong>. M\u00e1s all\u00e1 de su funci\u00f3n log\u00edstica, la secretaria\u00a0<strong>Josefina Rodr\u00edguez<\/strong>\u00a0lo destac\u00f3 como un instrumento de <strong>inclusi\u00f3n y reactivaci\u00f3n econ\u00f3mica para el puerto guerrerense.<\/strong>&#13;<br \/>\n&#13;\n<\/p>\n<p class=\"image-align-center\"><img loading=\"lazy\" decoding=\"async\" alt=\"\" height=\"400\" src=\"https:\/\/heraldodemexico.com.mx\/u\/fotografias\/m\/2024\/11\/21\/f768x400-1046222_1090125_5050.jpg\" width=\"768\"\/>&#13;<br \/>\n&#13;\n<\/p>\n<h2>Goleta Iguala: historia y cultura navegando hacia San Juan de Ul\u00faa<\/h2>\n<p>Considerado un producto tur\u00edstico cultural, ofrece recorridos hist\u00f3ricos por el <strong>Fuerte de San Juan de Ul\u00faa <\/strong>y<strong>\u00a0<\/strong>ampl\u00eda la oferta del destino con una propuesta que combina <strong>navegaci\u00f3n y patrimonio, reforzando la identidad cultural del puerto.<\/strong>&#13;<br \/>\n&#13;\n<\/p>\n<h2>Rumbo al Mundial 2026<\/h2>\n<p><strong>Rafael G\u00f3mez <\/strong>mencion\u00f3\u00a0e presentan en un momento clave: con el <strong>Mundial 2026 <\/strong>en el horizonte, M\u00e9xico se prepara para consolidarse como destino tur\u00edstico de clase mundial<strong>.Las Islas Mar\u00edas<\/strong> como los dem\u00e1s productos presentados son una invitaci\u00f3n a visitantes <strong>nacionales<\/strong> e <strong>internacionales<\/strong> a <strong>descubrir la riqueza natural, cultural e hist\u00f3rica del pa\u00eds.\u00a0<\/strong>&#13;<br \/>\n&#13;<br \/>\n&#13;\n                                <\/p>\n<\/p><\/div>\n<p><script>\n    !function(f,b,e,v,n,t,s)\n    {if(f.fbq)return;n=f.fbq=function(){n.callMethod?\n    n.callMethod.apply(n,arguments):n.queue.push(arguments)};\n    if(!f._fbq)f._fbq=n;n.push=n;n.loaded=!0;n.version='2.0';\n    n.queue=[];t=b.createElement(e);t.async=!0;\n    t.src=v;s=b.getElementsByTagName(e)[0];\n    s.parentNode.insertBefore(t,s)}(window, document,'script',\n    'https:\/\/connect.facebook.net\/en_US\/fbevents.js');\n    fbq('init', '237927003583820');\n    fbq('track', 'PageView');\n  <\/script><script>\n    !function(f,b,e,v,n,t,s)\n    {if(f.fbq)return;n=f.fbq=function(){n.callMethod?\n    n.callMethod.apply(n,arguments):n.queue.push(arguments)};\n    if(!f._fbq)f._fbq=n;n.push=n;n.loaded=!0;n.version='2.0';\n    n.queue=[];t=b.createElement(e);t.async=!0;\n    t.src=v;s=b.getElementsByTagName(e)[0];\n    s.parentNode.insertBefore(t,s)}(window, document,'script',\n    'https:\/\/connect.facebook.net\/en_US\/fbevents.js');\n    fbq('init', '802372280934901');\n    fbq('track', 'PageView');\n    <\/script><br \/>\n<br \/><\/p>\n","protected":false},"excerpt":{"rendered":"<p>La secretaria de Turismo, Josefina Rodr\u00edguez\u00a0y el director general de Tur\u00edstica Integral, Rafael G\u00f3mez Conejo, presentaron cuatro proyectos estrat\u00e9gicos que diversifican la oferta tur\u00edstica nacional.\u00a0 &#13; El turismo hoy son experiencias. Estos proyectos permiten a las y los visitantes vivir destinos \u00fanicos, con identidad, historia y contacto directo con nuestras comunidades\u201d &#13; Afirm\u00f3 Josefina Rodr\u00edguez&#8230;\u00a0 [&hellip;]<\/p>\n","protected":false},"author":2,"featured_media":3740,"comment_status":"","ping_status":"","sticky":false,"template":"","format":"standard","meta":{"footnotes":""},"categories":[2],"tags":[],"class_list":["post-3739","post","type-post","status-publish","format-standard","has-post-thumbnail","hentry","category-local"],"_links":{"self":[{"href":"https:\/\/conexion-mx.com\/index.php?rest_route=\/wp\/v2\/posts\/3739","targetHints":{"allow":["GET"]}}],"collection":[{"href":"https:\/\/conexion-mx.com\/index.php?rest_route=\/wp\/v2\/posts"}],"about":[{"href":"https:\/\/conexion-mx.com\/index.php?rest_route=\/wp\/v2\/types\/post"}],"author":[{"embeddable":true,"href":"https:\/\/conexion-mx.com\/index.php?rest_route=\/wp\/v2\/users\/2"}],"replies":[{"embeddable":true,"href":"https:\/\/conexion-mx.com\/index.php?rest_route=%2Fwp%2Fv2%2Fcomments&post=3739"}],"version-history":[{"count":0,"href":"https:\/\/conexion-mx.com\/index.php?rest_route=\/wp\/v2\/posts\/3739\/revisions"}],"wp:featuredmedia":[{"embeddable":true,"href":"https:\/\/conexion-mx.com\/index.php?rest_route=\/wp\/v2\/media\/3740"}],"wp:attachment":[{"href":"https:\/\/conexion-mx.com\/index.php?rest_route=%2Fwp%2Fv2%2Fmedia&parent=3739"}],"wp:term":[{"taxonomy":"category","embeddable":true,"href":"https:\/\/conexion-mx.com\/index.php?rest_route=%2Fwp%2Fv2%2Fcategories&post=3739"},{"taxonomy":"post_tag","embeddable":true,"href":"https:\/\/conexion-mx.com\/index.php?rest_route=%2Fwp%2Fv2%2Ftags&post=3739"}],"curies":[{"name":"wp","href":"https:\/\/api.w.org\/{rel}","templated":true}]}}