{"id":3753,"date":"2026-04-10T03:41:06","date_gmt":"2026-04-10T08:41:06","guid":{"rendered":"https:\/\/conexion-mx.com\/?p=3753"},"modified":"2026-04-10T03:41:06","modified_gmt":"2026-04-10T08:41:06","slug":"eventos-espaciales-en-cdmx-abril-2026-cine-talleres-y-ciencia-en-la-semana-cosmonautica","status":"publish","type":"post","link":"https:\/\/conexion-mx.com\/?p=3753","title":{"rendered":"Eventos espaciales en CDMX abril 2026: cine, talleres y ciencia en la Semana Cosmon\u00e1utica"},"content":{"rendered":"<p> <br \/>\n<\/p>\n<div itemprop=\"articleBody\">\n<div class=\"txt_contenido\">\n<p>La <strong>Semana del Espacio \u201cYuri\u2019s Night\u201d <\/strong>emana de la<strong> Cosmon\u00e1utica 2026<\/strong> y se presenta como una celebraci\u00f3n especial que invita al p\u00fablico a conmemorar el 65\u00b0 aniversario del primer vuelo del ser humano al espacio, en <strong>El Heraldo de M\u00e9xico<\/strong> te compartimos los detalles para que no te pierdas este evento.<\/p>\n<p>Este evento se llevar\u00e1 a cabo del <strong>12 al 17 de abril,<\/strong> ofreciendo una serie de actividades dise\u00f1adas para todas las edades, con el objetivo de acercar la ciencia espacial a la sociedad de una manera atractiva, educativa e inmersiva.<\/p>\n<aside class=\"htmlinline\"\/>\n<p>Las actividades tendr\u00e1n como sede el <strong>Domo de Inmersi\u00f3n <\/strong>y la <strong>Explanada del Planetario Luis Enrique Erro<\/strong>, recinto perteneciente al<strong> Instituto Polit\u00e9cnico Nacional<\/strong>, instituci\u00f3n reconocida por su compromiso con la divulgaci\u00f3n cient\u00edfica. Este espacio ser\u00e1 el punto de encuentro donde la ciencia, la tecnolog\u00eda y la historia espacial converger\u00e1n para brindar una experiencia \u00fanica.<\/p>\n<aside class=\"relacionadas con-foto linea-1078\"><strong class=\"relacionadas-titulo-gral\">Noticias Relacionadas<\/strong><\/aside>\n<h2>\u00bfQu\u00e9 actividades habr\u00e1 en la\u00a0Semana Cosmon\u00e1utica?<\/h2>\n<p>La inauguraci\u00f3n se realizar\u00e1 el <strong>12 de abril <\/strong>con la proyecci\u00f3n de la pel\u00edcula <strong>\u201cGagarin: First in Space<\/strong>\u201d, una obra dirigida por Pavel Parkhomenko y producida por<strong> Oleg Kapanets<\/strong>, la cual\u00a0relata los primeros pasos de la humanidad en la exploraci\u00f3n espacial y profundiza en la vida del primer cosmonauta: <strong>Yuri Gagarin<\/strong>, figura hist\u00f3rica que marc\u00f3 un antes y un despu\u00e9s en la carrera espacial.<\/p>\n<p>Durante toda la semana, el evento contar\u00e1 con diversas actividades que enriquecer\u00e1n la experiencia de los asistentes, como las proyecciones de pel\u00edculas inmersivas en el domo, que permitir\u00e1n al p\u00fablico adentrarse en el universo de una manera envolvente.\u00a0 Asimismo, se llevar\u00e1n a cabo videoconferencias con especialistas rusos en ciencias espaciales provenientes de la <strong>Universidad Estatal <\/strong>del <strong>Suroeste de Rusia<\/strong>, quienes compartir\u00e1n sus conocimientos y perspectivas sobre la exploraci\u00f3n del espacio.<\/p>\n<h2>\u00bfQui\u00e9n fue Yuri Gasgarin?<\/h2>\n<p><strong>Yuri Gagarin<\/strong> fue un cosmonauta sovi\u00e9tico y piloto militar que pas\u00f3 a la historia por convertirse en el primer ser humano en viajar al espacio el 12 de abril de 1961, a bordo de la nave Vostok 1, complet\u00f3 una \u00f3rbita alrededor de la Tierra en aproximadamente 108 minutos, marcando un hito en la exploraci\u00f3n espacial durante la Guerra Fr\u00eda.\u00a0<\/p>\n<figure class=\"image\"><img loading=\"lazy\" decoding=\"async\" alt=\"\" height=\"960\" src=\"https:\/\/heraldodemexico.com.mx\/u\/fotografias\/m\/2026\/4\/10\/f768x1-1270281_1270408_5050.jpg\" width=\"768\"\/>&#13;<figcaption>Cr\u00e9ditos: X\/@EmbRusiaMexico<\/figcaption>&#13;<br \/>\n<\/figure>\n<p>LA<\/p>\n<\/p><\/div>\n<\/p><\/div>\n<p><script>\n    !function(f,b,e,v,n,t,s)\n    {if(f.fbq)return;n=f.fbq=function(){n.callMethod?\n    n.callMethod.apply(n,arguments):n.queue.push(arguments)};\n    if(!f._fbq)f._fbq=n;n.push=n;n.loaded=!0;n.version='2.0';\n    n.queue=[];t=b.createElement(e);t.async=!0;\n    t.src=v;s=b.getElementsByTagName(e)[0];\n    s.parentNode.insertBefore(t,s)}(window, document,'script',\n    'https:\/\/connect.facebook.net\/en_US\/fbevents.js');\n    fbq('init', '237927003583820');\n    fbq('track', 'PageView');\n  <\/script><script>\n    !function(f,b,e,v,n,t,s)\n    {if(f.fbq)return;n=f.fbq=function(){n.callMethod?\n    n.callMethod.apply(n,arguments):n.queue.push(arguments)};\n    if(!f._fbq)f._fbq=n;n.push=n;n.loaded=!0;n.version='2.0';\n    n.queue=[];t=b.createElement(e);t.async=!0;\n    t.src=v;s=b.getElementsByTagName(e)[0];\n    s.parentNode.insertBefore(t,s)}(window, document,'script',\n    'https:\/\/connect.facebook.net\/en_US\/fbevents.js');\n    fbq('init', '802372280934901');\n    fbq('track', 'PageView');\n    <\/script><br \/>\n<br \/><\/p>\n","protected":false},"excerpt":{"rendered":"<p>La Semana del Espacio \u201cYuri\u2019s Night\u201d emana de la Cosmon\u00e1utica 2026 y se presenta como una celebraci\u00f3n especial que invita al p\u00fablico a conmemorar el 65\u00b0 aniversario del primer vuelo del ser humano al espacio, en El Heraldo de M\u00e9xico te compartimos los detalles para que no te pierdas este evento. Este evento se llevar\u00e1 [&hellip;]<\/p>\n","protected":false},"author":2,"featured_media":3754,"comment_status":"","ping_status":"","sticky":false,"template":"","format":"standard","meta":{"footnotes":""},"categories":[2],"tags":[],"class_list":["post-3753","post","type-post","status-publish","format-standard","has-post-thumbnail","hentry","category-local"],"_links":{"self":[{"href":"https:\/\/conexion-mx.com\/index.php?rest_route=\/wp\/v2\/posts\/3753","targetHints":{"allow":["GET"]}}],"collection":[{"href":"https:\/\/conexion-mx.com\/index.php?rest_route=\/wp\/v2\/posts"}],"about":[{"href":"https:\/\/conexion-mx.com\/index.php?rest_route=\/wp\/v2\/types\/post"}],"author":[{"embeddable":true,"href":"https:\/\/conexion-mx.com\/index.php?rest_route=\/wp\/v2\/users\/2"}],"replies":[{"embeddable":true,"href":"https:\/\/conexion-mx.com\/index.php?rest_route=%2Fwp%2Fv2%2Fcomments&post=3753"}],"version-history":[{"count":0,"href":"https:\/\/conexion-mx.com\/index.php?rest_route=\/wp\/v2\/posts\/3753\/revisions"}],"wp:featuredmedia":[{"embeddable":true,"href":"https:\/\/conexion-mx.com\/index.php?rest_route=\/wp\/v2\/media\/3754"}],"wp:attachment":[{"href":"https:\/\/conexion-mx.com\/index.php?rest_route=%2Fwp%2Fv2%2Fmedia&parent=3753"}],"wp:term":[{"taxonomy":"category","embeddable":true,"href":"https:\/\/conexion-mx.com\/index.php?rest_route=%2Fwp%2Fv2%2Fcategories&post=3753"},{"taxonomy":"post_tag","embeddable":true,"href":"https:\/\/conexion-mx.com\/index.php?rest_route=%2Fwp%2Fv2%2Ftags&post=3753"}],"curies":[{"name":"wp","href":"https:\/\/api.w.org\/{rel}","templated":true}]}}