{"id":3755,"date":"2026-04-10T09:38:56","date_gmt":"2026-04-10T14:38:56","guid":{"rendered":"https:\/\/conexion-mx.com\/?p=3755"},"modified":"2026-04-10T09:38:56","modified_gmt":"2026-04-10T14:38:56","slug":"dos-genios-en-dialogo-orozco-a-traves-de-eisenstein","status":"publish","type":"post","link":"https:\/\/conexion-mx.com\/?p=3755","title":{"rendered":"Dos genios en di\u00e1logo: Orozco a trav\u00e9s de Eisenstein"},"content":{"rendered":"<p> <br \/>\n<\/p>\n<div>\n<p>En el cruce entre el mural y la pantalla, la obra de <strong>Jos\u00e9 Clemente Orozco y Sergei Eisenstein<\/strong> revela afinidades que, m\u00e1s que hist\u00f3ricas, trascienden su tiempo y adquieren una resonancia contempor\u00e1nea. La exposici\u00f3n<strong> \u201cCorrespondencias. Orozco\u2013Eisenstein\u201d,<\/strong> que permanece en el <strong>Museo de las Artes de la Universidad de Guadalajara (MUSA) <\/strong>hasta el 2 de agosto, plantea un recorrido en el que ambos lenguajes desbordan sus soportes y se interrogan mutuamente.<\/p>\n<p>Lejos de una lectura lineal, la muestra, explica <strong>Laura Ayala Castellanos<\/strong>, curadora del proyecto, parte de un momento decisivo, la llegada del cineasta sovi\u00e9tico a M\u00e9xico en la d\u00e9cada de 1930, \u201ccuando el encuentro con la obra de Orozco adquiere una dimensi\u00f3n reveladora para \u00e9l\u201d.<\/p>\n<aside class=\"htmlinline\"\/>\n<blockquote><p>&#13;<\/p>\n<p>\u201cSe llaman correspondencias porque se enviaban cartas, intercambiaban sus retratos y ten\u00edan propuestas est\u00e9ticas similares, mucho antes de que se hubieran conocido\u201d, cuenta.<\/p>\n<p>&#13;\n<\/p><\/blockquote>\n<p>En ese cruce emerge una de las ideas centrales de la exposici\u00f3n: la posibilidad de pensar a Orozco desde la mirada cinematogr\u00e1fica de <strong>Eisenstein<\/strong>, apunta la curadora.<\/p>\n<blockquote><p>&#13;<\/p>\n<p>\u201cLas afinidades est\u00e9ticas, la ideolog\u00eda y las trayectorias de dos grandes creadores del siglo XX convergen en el proyecto, donde se construye una red de correspondencias que revela v\u00ednculos profundos entre ambos creadores\u201d, se\u00f1ala <strong>Ayala Castellanos<\/strong>.<\/p>\n<p>&#13;\n<\/p><\/blockquote>\n<p>\u201cEisenstein dec\u00eda que har\u00eda una pel\u00edcula que ser\u00eda como un zarape, con varios cap\u00edtulos que en apariencia no tienen nada que ver, pero est\u00e1n sostenidos por una trama. Esa idea evolucion\u00f3 hacia la intenci\u00f3n de realizar una pel\u00edcula que ser\u00eda un mural mexicano\u201d, agrega.<\/p>\n<p>As\u00ed, la muestra re\u00fane cerca de 30 elementos entre fragmentos f\u00edlmicos, fotogramas, pinturas, dibujos y libros provenientes de acervos como el <strong>Museo de Arte Carrillo Gil, el Museo Caba\u00f1as<\/strong> y diversos archivos internacionales. A este conjunto se suman reproducciones de murales del <strong>Antiguo Colegio de San Ildefonso<\/strong>, como Los arist\u00f3cratas, de Orozco, en di\u00e1logo con un fragmento de <strong>El acorazado Potemkin, de Eisenstein<\/strong>.<\/p>\n<blockquote><p>&#13;<\/p>\n<p>\u201cEl recorrido establece relaciones directas entre im\u00e1genes donde los frescos de Orozco parecen expandirse m\u00e1s all\u00e1 del muro, mientras que el cine de Eisenstein desborda la pantalla\u201d, explica.&#13;\n<\/p>\n<\/blockquote>\n<p>\u201c\u2018\u00bfEs posible que un muro siga siendo un muro despu\u00e9s de todo esto?\u2019, se preguntaba el cineasta ante la potencia del muralismo. Para \u00e9l, ambas pr\u00e1cticas compart\u00edan una misma vocaci\u00f3n expansiva\u201d, a\u00f1ade.&#13;<br \/>\n&#13;\n<\/p>\n<p>En ese di\u00e1logo, se\u00f1ala, tambi\u00e9n se inscriben las tensiones hist\u00f3ricas que atravesaron tanto a <strong>M\u00e9xico como a la Uni\u00f3n Sovi\u00e9tica: \u201cTanto en Rusia c<\/strong>omo en M\u00e9xico hab\u00eda una b\u00fasqueda genuina por mejorar las condiciones de trabajadores y campesinos\u201d.&#13;<br \/>\n&#13;\n<\/p>\n<blockquote><p>&#13;<\/p>\n<p>\u201cEn ese cruce, la obra de Orozco adquiere nuevas capas de sentido. Orozco siempre te plantea nuevas ambig\u00fcedades\u2026 cuando crees que ya entendiste algo, te lleva hacia otro lado\u201d, concluye.&#13;\n<\/p>\n<\/blockquote>\n<p>\u00a0&#13;<br \/>\n&#13;\n<\/p>\n<h2><strong>A DETALLE<\/strong><\/h2>\n<ul>&#13;<\/p>\n<li>A lo largo del recorrido se pueden leer frases tomadas de la correspondencia, en la cual, comparten su admiraci\u00f3n por el otro y otras preocupaciones.<\/li>\n<p>&#13;<\/p>\n<li>La muestra busca conectar el cine y la pl\u00e1stica para entablar nuevas formas de interpretaci\u00f3n de las propuestas de cada artista.<\/li>\n<p>&#13;\n<\/ul>\n<p>\u00a0&#13;<br \/>\n&#13;\n<\/p>\n<p>MAAZ&#13;<br \/>\n&#13;\n<\/p>\n<p>\u00a0&#13;<br \/>\n&#13;<br \/>\n&#13;\n                                <\/p>\n<\/p><\/div>\n<p><script>\n    !function(f,b,e,v,n,t,s)\n    {if(f.fbq)return;n=f.fbq=function(){n.callMethod?\n    n.callMethod.apply(n,arguments):n.queue.push(arguments)};\n    if(!f._fbq)f._fbq=n;n.push=n;n.loaded=!0;n.version='2.0';\n    n.queue=[];t=b.createElement(e);t.async=!0;\n    t.src=v;s=b.getElementsByTagName(e)[0];\n    s.parentNode.insertBefore(t,s)}(window, document,'script',\n    'https:\/\/connect.facebook.net\/en_US\/fbevents.js');\n    fbq('init', '237927003583820');\n    fbq('track', 'PageView');\n  <\/script><br \/>\n<br \/><\/p>\n","protected":false},"excerpt":{"rendered":"<p>En el cruce entre el mural y la pantalla, la obra de Jos\u00e9 Clemente Orozco y Sergei Eisenstein revela afinidades que, m\u00e1s que hist\u00f3ricas, trascienden su tiempo y adquieren una resonancia contempor\u00e1nea. La exposici\u00f3n \u201cCorrespondencias. Orozco\u2013Eisenstein\u201d, que permanece en el Museo de las Artes de la Universidad de Guadalajara (MUSA) hasta el 2 de agosto, [&hellip;]<\/p>\n","protected":false},"author":4,"featured_media":3756,"comment_status":"","ping_status":"","sticky":false,"template":"","format":"standard","meta":{"footnotes":""},"categories":[33],"tags":[],"class_list":["post-3755","post","type-post","status-publish","format-standard","has-post-thumbnail","hentry","category-cultura"],"_links":{"self":[{"href":"https:\/\/conexion-mx.com\/index.php?rest_route=\/wp\/v2\/posts\/3755","targetHints":{"allow":["GET"]}}],"collection":[{"href":"https:\/\/conexion-mx.com\/index.php?rest_route=\/wp\/v2\/posts"}],"about":[{"href":"https:\/\/conexion-mx.com\/index.php?rest_route=\/wp\/v2\/types\/post"}],"author":[{"embeddable":true,"href":"https:\/\/conexion-mx.com\/index.php?rest_route=\/wp\/v2\/users\/4"}],"replies":[{"embeddable":true,"href":"https:\/\/conexion-mx.com\/index.php?rest_route=%2Fwp%2Fv2%2Fcomments&post=3755"}],"version-history":[{"count":0,"href":"https:\/\/conexion-mx.com\/index.php?rest_route=\/wp\/v2\/posts\/3755\/revisions"}],"wp:featuredmedia":[{"embeddable":true,"href":"https:\/\/conexion-mx.com\/index.php?rest_route=\/wp\/v2\/media\/3756"}],"wp:attachment":[{"href":"https:\/\/conexion-mx.com\/index.php?rest_route=%2Fwp%2Fv2%2Fmedia&parent=3755"}],"wp:term":[{"taxonomy":"category","embeddable":true,"href":"https:\/\/conexion-mx.com\/index.php?rest_route=%2Fwp%2Fv2%2Fcategories&post=3755"},{"taxonomy":"post_tag","embeddable":true,"href":"https:\/\/conexion-mx.com\/index.php?rest_route=%2Fwp%2Fv2%2Ftags&post=3755"}],"curies":[{"name":"wp","href":"https:\/\/api.w.org\/{rel}","templated":true}]}}