{"id":3759,"date":"2026-04-10T11:41:50","date_gmt":"2026-04-10T16:41:50","guid":{"rendered":"https:\/\/conexion-mx.com\/?p=3759"},"modified":"2026-04-10T11:41:50","modified_gmt":"2026-04-10T16:41:50","slug":"brugada-tambien-rifara-su-boleto-para-la-inauguracion-del-mundial-2026","status":"publish","type":"post","link":"https:\/\/conexion-mx.com\/?p=3759","title":{"rendered":"Brugada tambi\u00e9n rifar\u00e1 su boleto para la inauguraci\u00f3n del Mundial 2026"},"content":{"rendered":"<p> <br \/>\n<\/p>\n<div itemprop=\"articleBody\">\n<div class=\"txt_contenido\">\n<p>La jefa de Gobierno, Clara Brugada, cedi\u00f3 su boleto para la inauguraci\u00f3n del Mundial 2026, el cual ser\u00e1 destinado a una persona vinculada con el concurso \u201cRepresenta a M\u00e9xico en la inauguraci\u00f3n del Mundial\u201d, inform\u00f3 la presidenta Claudia Sheinbaum.<\/p>\n<p>Dicha decisi\u00f3n se enmarca en la convocatoria impulsada a nivel federal, que originalmente contempl\u00f3 la entrega del llamado boleto 001 a una joven que representar\u00e1 al pa\u00eds en el arranque del torneo, por lo que con la incorporaci\u00f3n del acceso cedido por la mandataria capitalina se ampl\u00eda el n\u00famero de lugares asociados a este ejercicio.<\/p>\n<aside class=\"htmlinline\"\/>\n<p>El concurso estuvo dirigido a mujeres j\u00f3venes interesadas en formar parte de la ceremonia inaugural, uno de los eventos m\u00e1s emblem\u00e1ticos del Mundial 2026, de modo que este acceso ha sido presentado como un s\u00edmbolo de participaci\u00f3n dentro de las actividades previas al torneo.<\/p>\n<p>De acuerdo con Rommel Pacheco, director general de la Comisi\u00f3n Nacional de Cultura F\u00edsica y Deporte, la convocatoria ya cerr\u00f3 y actualmente se encuentra en proceso de evaluaci\u00f3n, por lo que en los pr\u00f3ximos d\u00edas se definir\u00e1n a las personas que resulten seleccionadas para asistir a este evento.<\/p>\n<p>En ese contexto, la presidenta explic\u00f3 que el objetivo es trasladar la experiencia del Mundial a la ciudadan\u00eda, en particular a j\u00f3venes que puedan representar al pa\u00eds en un escenario internacional, mientras que la cesi\u00f3n del boleto por parte de Brugada Molina permite ampliar el alcance de esta iniciativa.<\/p>\n<p>El acceso a la inauguraci\u00f3n del Mundial 2026 es considerado uno de los m\u00e1s relevantes del torneo, ya que marca el inicio oficial de la competencia y concentra la atenci\u00f3n internacional, por lo que su asignaci\u00f3n adquiere un valor simb\u00f3lico dentro de las acciones previas al evento.<\/p>\n<p>Con esta decisi\u00f3n, se refuerza la intenci\u00f3n de vincular el Mundial con la participaci\u00f3n ciudadana, en un contexto donde las autoridades han buscado incorporar componentes sociales en la organizaci\u00f3n del torneo m\u00e1s all\u00e1 de la asistencia tradicional a los estadios.<\/p>\n<\/p><\/div>\n<\/p><\/div>\n<p><script>\n    !function(f,b,e,v,n,t,s)\n    {if(f.fbq)return;n=f.fbq=function(){n.callMethod?\n    n.callMethod.apply(n,arguments):n.queue.push(arguments)};\n    if(!f._fbq)f._fbq=n;n.push=n;n.loaded=!0;n.version='2.0';\n    n.queue=[];t=b.createElement(e);t.async=!0;\n    t.src=v;s=b.getElementsByTagName(e)[0];\n    s.parentNode.insertBefore(t,s)}(window, document,'script',\n    'https:\/\/connect.facebook.net\/en_US\/fbevents.js');\n    fbq('init', '237927003583820');\n    fbq('track', 'PageView');\n  <\/script><script>\n    !function(f,b,e,v,n,t,s)\n    {if(f.fbq)return;n=f.fbq=function(){n.callMethod?\n    n.callMethod.apply(n,arguments):n.queue.push(arguments)};\n    if(!f._fbq)f._fbq=n;n.push=n;n.loaded=!0;n.version='2.0';\n    n.queue=[];t=b.createElement(e);t.async=!0;\n    t.src=v;s=b.getElementsByTagName(e)[0];\n    s.parentNode.insertBefore(t,s)}(window, document,'script',\n    'https:\/\/connect.facebook.net\/en_US\/fbevents.js');\n    fbq('init', '802372280934901');\n    fbq('track', 'PageView');\n    <\/script><br \/>\n<br \/><\/p>\n","protected":false},"excerpt":{"rendered":"<p>La jefa de Gobierno, Clara Brugada, cedi\u00f3 su boleto para la inauguraci\u00f3n del Mundial 2026, el cual ser\u00e1 destinado a una persona vinculada con el concurso \u201cRepresenta a M\u00e9xico en la inauguraci\u00f3n del Mundial\u201d, inform\u00f3 la presidenta Claudia Sheinbaum. Dicha decisi\u00f3n se enmarca en la convocatoria impulsada a nivel federal, que originalmente contempl\u00f3 la entrega [&hellip;]<\/p>\n","protected":false},"author":2,"featured_media":3760,"comment_status":"","ping_status":"","sticky":false,"template":"","format":"standard","meta":{"footnotes":""},"categories":[2],"tags":[],"class_list":["post-3759","post","type-post","status-publish","format-standard","has-post-thumbnail","hentry","category-local"],"_links":{"self":[{"href":"https:\/\/conexion-mx.com\/index.php?rest_route=\/wp\/v2\/posts\/3759","targetHints":{"allow":["GET"]}}],"collection":[{"href":"https:\/\/conexion-mx.com\/index.php?rest_route=\/wp\/v2\/posts"}],"about":[{"href":"https:\/\/conexion-mx.com\/index.php?rest_route=\/wp\/v2\/types\/post"}],"author":[{"embeddable":true,"href":"https:\/\/conexion-mx.com\/index.php?rest_route=\/wp\/v2\/users\/2"}],"replies":[{"embeddable":true,"href":"https:\/\/conexion-mx.com\/index.php?rest_route=%2Fwp%2Fv2%2Fcomments&post=3759"}],"version-history":[{"count":0,"href":"https:\/\/conexion-mx.com\/index.php?rest_route=\/wp\/v2\/posts\/3759\/revisions"}],"wp:featuredmedia":[{"embeddable":true,"href":"https:\/\/conexion-mx.com\/index.php?rest_route=\/wp\/v2\/media\/3760"}],"wp:attachment":[{"href":"https:\/\/conexion-mx.com\/index.php?rest_route=%2Fwp%2Fv2%2Fmedia&parent=3759"}],"wp:term":[{"taxonomy":"category","embeddable":true,"href":"https:\/\/conexion-mx.com\/index.php?rest_route=%2Fwp%2Fv2%2Fcategories&post=3759"},{"taxonomy":"post_tag","embeddable":true,"href":"https:\/\/conexion-mx.com\/index.php?rest_route=%2Fwp%2Fv2%2Ftags&post=3759"}],"curies":[{"name":"wp","href":"https:\/\/api.w.org\/{rel}","templated":true}]}}