{"id":3767,"date":"2026-04-11T12:19:57","date_gmt":"2026-04-11T17:19:57","guid":{"rendered":"https:\/\/conexion-mx.com\/?p=3767"},"modified":"2026-04-11T12:19:57","modified_gmt":"2026-04-11T17:19:57","slug":"ximena-tenia-14-anos-murio-tras-ser-quemada-con-aceite-hirviendo-en-un-puesto-de-papas-por-una-imprudencia-vial","status":"publish","type":"post","link":"https:\/\/conexion-mx.com\/?p=3767","title":{"rendered":"Ximena ten\u00eda 14 a\u00f1os, muri\u00f3 tras ser quemada con aceite hirviendo en un puesto de papas por una imprudencia vial"},"content":{"rendered":"<p> <br \/>\n<\/p>\n<div>\n<p>La sociedad hidalguense se encuentra completamente conmocionada tras el fallecimiento de <strong>Ximena Abigail, <\/strong>una adolescente de tan solo <strong>14 a\u00f1os de edad<\/strong> que perdi\u00f3 la vida luego de haber sido<strong> quemada con aceite hirviendo cuando se encontraba comprando papas fritas en un puesto callejero <\/strong>y lo que m\u00e1s indignaci\u00f3n ha provocado es que la muerte de la menor se deriv\u00f3 de una <strong>presunta imprudencia vial, <\/strong>por lo que en esta nota te contamos todo lo que se sabe al respecto.<\/p>\n<p>De acuerdo con la informaci\u00f3n difundida por distintos medios locales, el pasado mi\u00e9rcoles 8 de abril, <strong>Ximena Abigail Gonz\u00e1lez San Juan, <\/strong>quien tan solo ten\u00eda 14 a\u00f1os de edad, acudi\u00f3 al tianguis que se pone alrededor del <strong>Mercado Solidaridad <\/strong>en la colonia Guadalupe de <strong>Tulancingo, Hidalgo<\/strong> para ayudar a sus padres, quienes son comerciantes, no obstante, durante la jornada acudi\u00f3 a comprar papas fritas a uno de los puestos y fue ah\u00ed donde ocurri\u00f3 el fatal accidente que deriv\u00f3 en su fallecimiento.<\/p>\n<aside class=\"htmlinline\"\/>\n<figure class=\"image\"><img loading=\"lazy\" decoding=\"async\" alt=\"\" height=\"945\" src=\"https:\/\/heraldodemexico.com.mx\/u\/fotografias\/m\/2026\/4\/11\/f768x1-1270678_1270805_5050.jpg\" width=\"768\"\/>&#13;<figcaption>Esta es la camioneta que provoc\u00f3 el fatal accidente que deriv\u00f3 en el fallecimiento de Ximena. Foto: Especial\u00a0<\/figcaption>&#13;<br \/>\n<\/figure>\n<h2>Una imprudencia vial deriv\u00f3 en la muerte de Ximena<\/h2>\n<p>Declaraciones de testimonios se\u00f1alan la menor se encontraba comprando papas fritas en un puesto del tianguis cuando de pronto apareci\u00f3 a escena una<strong> camioneta tipo pick up\u00a0<\/strong>completamente descontrolada y durante su camino impact\u00f3 contra el cazo donde se fre\u00edan las papas por lo que<strong> el aceite hirviendo cay\u00f3 encima de Ximena<\/strong> produci\u00e9ndole<strong> quemaduras severas en al menos el 70% de su cuerpo.<\/strong><\/p>\n<aside class=\"relacionadas con-foto linea-1078\"><strong class=\"relacionadas-titulo-gral\">Noticias Relacionadas<\/strong><\/aside>\n<figure class=\"image\"><img loading=\"lazy\" decoding=\"async\" alt=\"\" height=\"348\" src=\"https:\/\/heraldodemexico.com.mx\/u\/fotografias\/m\/2026\/4\/11\/f768x1-1270676_1270803_5050.jpg\" width=\"768\"\/>&#13;<figcaption>Este fatal accidente ocurri\u00f3 en los alrededores del Mercado Solidaridad de Tulancingo.Foto: Google Maps\u00a0<\/figcaption>&#13;<br \/>\n<\/figure>\n<p>De manera preliminar, se inform\u00f3 que la camioneta involucrada en dicho accidente, pertenece a otro comerciante, cuya identidad no fue revelada, que trabaja en el referido tianguis y se dio a conocer\u00a0que<strong> su unidad presuntamente no contaba con freno de mano<\/strong> y a sabiendas de ello, la dej\u00f3 estacionada sobre una pendiente solo recargada sobre la acera y debido a ello se origin\u00f3 la tragedia.<\/p>\n<p>Tras este fatal accidente,<strong> Ximena Abigail <\/strong>fue trasladada a una cl\u00ednica privada dentro del municipio de Tulancingo, sin embargo, despu\u00e9s fue trasladada al Hospital General de Pachuca donde recibi\u00f3 atenci\u00f3n m\u00e9dica especializada, sin embargo,<strong> fue durante las primeras horas del viernes 10 de abril cuando sus familiares y conocidos confirmaron su deceso<\/strong> a trav\u00e9s de redes sociales.<\/p>\n<figure class=\"image\"><img loading=\"lazy\" decoding=\"async\" alt=\"\" height=\"965\" src=\"https:\/\/heraldodemexico.com.mx\/u\/fotografias\/m\/2026\/4\/11\/f768x1-1270677_1270804_5050.jpg\" width=\"768\"\/>&#13;<figcaption>Ximena Abigail sufri\u00f3 quemaduras en el 70% de su cuerpo. Foto:\u00a0FB: Klemens Gonz\u00e1lez\u00a0<\/figcaption>&#13;<br \/>\n<\/figure>\n<p>Hasta el corte de esta redacci\u00f3n se desconoce si las autoridades del estado de Hidalgo ya iniciaron las investigaciones de este caso y<strong> tampoco se tienen conocimiento de la detenci\u00f3n de alguna personas por estos hechos<\/strong>, no obstante, la familia de Ximena Abigail han realizado distintas publicaciones en redes en las que <strong>exigen justicia por la muerte de la adolescente<\/strong> pues consideran que estos hechos fueron consecuencia de una clara falta de responsabilidad social del parte del due\u00f1o de la camioneta al usarla sin tener instalado un freno de mano.<\/p>\n<p>\u00a0<\/p>\n<\/p><\/div>\n<p><script>\n    !function(f,b,e,v,n,t,s)\n    {if(f.fbq)return;n=f.fbq=function(){n.callMethod?\n    n.callMethod.apply(n,arguments):n.queue.push(arguments)};\n    if(!f._fbq)f._fbq=n;n.push=n;n.loaded=!0;n.version='2.0';\n    n.queue=[];t=b.createElement(e);t.async=!0;\n    t.src=v;s=b.getElementsByTagName(e)[0];\n    s.parentNode.insertBefore(t,s)}(window, document,'script',\n    'https:\/\/connect.facebook.net\/en_US\/fbevents.js');\n    fbq('init', '237927003583820');\n    fbq('track', 'PageView');\n  <\/script><script>\n    !function(f,b,e,v,n,t,s)\n    {if(f.fbq)return;n=f.fbq=function(){n.callMethod?\n    n.callMethod.apply(n,arguments):n.queue.push(arguments)};\n    if(!f._fbq)f._fbq=n;n.push=n;n.loaded=!0;n.version='2.0';\n    n.queue=[];t=b.createElement(e);t.async=!0;\n    t.src=v;s=b.getElementsByTagName(e)[0];\n    s.parentNode.insertBefore(t,s)}(window, document,'script',\n    'https:\/\/connect.facebook.net\/en_US\/fbevents.js');\n    fbq('init', '802372280934901');\n    fbq('track', 'PageView');\n    <\/script><br \/>\n<br \/><\/p>\n","protected":false},"excerpt":{"rendered":"<p>La sociedad hidalguense se encuentra completamente conmocionada tras el fallecimiento de Ximena Abigail, una adolescente de tan solo 14 a\u00f1os de edad que perdi\u00f3 la vida luego de haber sido quemada con aceite hirviendo cuando se encontraba comprando papas fritas en un puesto callejero y lo que m\u00e1s indignaci\u00f3n ha provocado es que la muerte [&hellip;]<\/p>\n","protected":false},"author":2,"featured_media":3768,"comment_status":"","ping_status":"","sticky":false,"template":"","format":"standard","meta":{"footnotes":""},"categories":[2],"tags":[],"class_list":["post-3767","post","type-post","status-publish","format-standard","has-post-thumbnail","hentry","category-local"],"_links":{"self":[{"href":"https:\/\/conexion-mx.com\/index.php?rest_route=\/wp\/v2\/posts\/3767","targetHints":{"allow":["GET"]}}],"collection":[{"href":"https:\/\/conexion-mx.com\/index.php?rest_route=\/wp\/v2\/posts"}],"about":[{"href":"https:\/\/conexion-mx.com\/index.php?rest_route=\/wp\/v2\/types\/post"}],"author":[{"embeddable":true,"href":"https:\/\/conexion-mx.com\/index.php?rest_route=\/wp\/v2\/users\/2"}],"replies":[{"embeddable":true,"href":"https:\/\/conexion-mx.com\/index.php?rest_route=%2Fwp%2Fv2%2Fcomments&post=3767"}],"version-history":[{"count":0,"href":"https:\/\/conexion-mx.com\/index.php?rest_route=\/wp\/v2\/posts\/3767\/revisions"}],"wp:featuredmedia":[{"embeddable":true,"href":"https:\/\/conexion-mx.com\/index.php?rest_route=\/wp\/v2\/media\/3768"}],"wp:attachment":[{"href":"https:\/\/conexion-mx.com\/index.php?rest_route=%2Fwp%2Fv2%2Fmedia&parent=3767"}],"wp:term":[{"taxonomy":"category","embeddable":true,"href":"https:\/\/conexion-mx.com\/index.php?rest_route=%2Fwp%2Fv2%2Fcategories&post=3767"},{"taxonomy":"post_tag","embeddable":true,"href":"https:\/\/conexion-mx.com\/index.php?rest_route=%2Fwp%2Fv2%2Ftags&post=3767"}],"curies":[{"name":"wp","href":"https:\/\/api.w.org\/{rel}","templated":true}]}}