{"id":3769,"date":"2026-04-11T13:08:54","date_gmt":"2026-04-11T18:08:54","guid":{"rendered":"https:\/\/conexion-mx.com\/?p=3769"},"modified":"2026-04-11T13:08:54","modified_gmt":"2026-04-11T18:08:54","slug":"surgen-los-primeros-detalles-de-las-muertes-de-la-werita-consentida-y-joe-lara-youtubers-del-espectaculo","status":"publish","type":"post","link":"https:\/\/conexion-mx.com\/?p=3769","title":{"rendered":"Surgen los primeros detalles de las muertes de La Werita Consentida y Joe Lara, youtubers del espect\u00e1culo"},"content":{"rendered":"<p> <br \/>\n<\/p>\n<div>\n<p>La madrugada de este s\u00e1bado 11 de abril la industria del espect\u00e1culo despert\u00f3 con la noticia de los fallecimientos de\u00a0<strong>Ramiro Contreras, mejor conocido como \u00abLa Werita Cosentida\u00bb, y\u00a0Joe Lara<\/strong>, famosos youtubers especializados en temas de la far\u00e1ndula.\u00a0<\/p>\n<p>Por medio de redes sociales varias figuras del entretenimiento les dieron el \u00faltimo adi\u00f3s a los titulares de los programas de YouTube<strong> \u00abSe arm\u00f3 el berrinche con La Werita Consentida\u00bb y \u00abJoe Lara Los Shitzu Oficial\u00bb<\/strong>. Los fans externaron sus condolencias por la inesperada noticia.\u00a0<\/p>\n<aside class=\"htmlinline\"\/>\n<h2>Primeros detalles de las muertes de La Werita Consentida y Joe Lara<\/h2>\n<p>Ante sus 228 mil seguidores en Instagram, la actriz y modelo, <strong>Paty Navidad<\/strong>, registr\u00f3 actividad para darle el \u00faltimo adi\u00f3s a<strong>\u00a0Ramiro Contreras \u00abLa Werita Cosentida\u00bb\u00a0y\u00a0Joe Lara<\/strong>. El mensaje de la famosa gener\u00f3 mucha tristeza entre los fans de los youtubers.\u00a0<\/p>\n<aside class=\"relacionadas con-foto linea-1078\"><strong class=\"relacionadas-titulo-gral\">Noticias Relacionadas<\/strong><\/aside>\n<p>Junto a la esquela de los expertos en <strong>\u00abLa Casa de los Famosos\u00bb Telemundo<\/strong>, la protagonista de la telenovela \u00abLa fea m\u00e1s bella\u00bb expres\u00f3 su tristeza por su inesperado fallecimiento. La ex estrella de Televisa envi\u00f3 sus condolencias a los familiares y amigos de <strong>\u00abLa Werita Consentida\u00bb y de Joe Lara<\/strong>.\u00a0<\/p>\n<blockquote><p>&#13;<\/p>\n<p>\u00abCon profunda tristeza me uno a la pena que embarga a la familia y amigos de La Wera Consentida y Joe Lara\u00bb, escribi\u00f3.\u00a0<\/p>\n<p>&#13;\n<\/p><\/blockquote>\n<p>En otra parte del texto, <strong>Paty Navidad<\/strong> record\u00f3 el gran cari\u00f1o que les ten\u00eda a los creadores de contenido y record\u00f3 el apoyo que le brindaron durante su participaci\u00f3n en \u00abLa Casa de los Famosos\u00bb Telemundo. Hasta el momento se desconocen las causas de la muerte de los famosos youtubers del espect\u00e1culo.\u00a0<\/p>\n<blockquote><p>&#13;<\/p>\n<p>\u00abSiempre recordar\u00e9 con especial gratitud su apoyo, los momentos que compartimos y el espacio que me brindaron en sus entrevistas. Me quedo con todos esos hermosos recuerdos por siempre en el alma\u00bb, escribi\u00f3.\u00a0<\/p>\n<p>&#13;\n<\/p><\/blockquote>\n<figure class=\"image\"><img loading=\"lazy\" decoding=\"async\" alt=\"pati navidad la werita consentida joe lara muertes youtubers espectaculos\" height=\"392\" src=\"https:\/\/heraldodemexico.com.mx\/u\/fotografias\/m\/2026\/4\/11\/f768x1-1270668_1270795_5050.jpg\" width=\"768\"\/>&#13;<figcaption>La actriz subi\u00f3 este mensaje. Foto: Instagram\/@patricianavidad_oficial<\/figcaption>&#13;<br \/>\n<\/figure>\n<h2>\u00bfQui\u00e9nes eran y de qu\u00e9 murieron La Werita Consentida y Joe Lara?<\/h2>\n<p>Este d\u00eda, s\u00e1bado 11 de abril,\u00a0<strong>Ramiro Contreras<\/strong>, mejor conocido como \u00ab<strong>La Werita Consentida<\/strong>\u00ab, y<strong> Joe Lara<\/strong>,\u00a0expertos en temas de la far\u00e1ndula, aparecieron en las principales portadas de los medios de la far\u00e1ndula despu\u00e9s de que se confirmaran sus sensibles fallecimientos. Hasta el momento se desconocen las <strong>causas de sus muertes<\/strong>.\u00a0&#13;<br \/>\n&#13;\n<\/p>\n<p>La noticia fue confirmada en redes sociales por las famosas\u00a0<strong>Ivonne Montero y Paty Navidad<\/strong>, quienes recibieron el apoyo de los creadores de contenido durante su participaci\u00f3n en \u00abLa Casa de los Famosos\u00bb Telemundo.\u00a0&#13;<br \/>\n&#13;<br \/>\n&#13;\n                                <\/p>\n<\/p><\/div>\n<p><script>\n    !function(f,b,e,v,n,t,s)\n    {if(f.fbq)return;n=f.fbq=function(){n.callMethod?\n    n.callMethod.apply(n,arguments):n.queue.push(arguments)};\n    if(!f._fbq)f._fbq=n;n.push=n;n.loaded=!0;n.version='2.0';\n    n.queue=[];t=b.createElement(e);t.async=!0;\n    t.src=v;s=b.getElementsByTagName(e)[0];\n    s.parentNode.insertBefore(t,s)}(window, document,'script',\n    'https:\/\/connect.facebook.net\/en_US\/fbevents.js');\n    fbq('init', '237927003583820');\n    fbq('track', 'PageView');\n  <\/script><script>\n    !function(f,b,e,v,n,t,s)\n    {if(f.fbq)return;n=f.fbq=function(){n.callMethod?\n    n.callMethod.apply(n,arguments):n.queue.push(arguments)};\n    if(!f._fbq)f._fbq=n;n.push=n;n.loaded=!0;n.version='2.0';\n    n.queue=[];t=b.createElement(e);t.async=!0;\n    t.src=v;s=b.getElementsByTagName(e)[0];\n    s.parentNode.insertBefore(t,s)}(window, document,'script',\n    'https:\/\/connect.facebook.net\/en_US\/fbevents.js');\n    fbq('init', '775201487065840');\n    fbq('track', 'PageView');\n    <\/script><br \/>\n<br \/><\/p>\n","protected":false},"excerpt":{"rendered":"<p>La madrugada de este s\u00e1bado 11 de abril la industria del espect\u00e1culo despert\u00f3 con la noticia de los fallecimientos de\u00a0Ramiro Contreras, mejor conocido como \u00abLa Werita Cosentida\u00bb, y\u00a0Joe Lara, famosos youtubers especializados en temas de la far\u00e1ndula.\u00a0 Por medio de redes sociales varias figuras del entretenimiento les dieron el \u00faltimo adi\u00f3s a los titulares de [&hellip;]<\/p>\n","protected":false},"author":3,"featured_media":3770,"comment_status":"","ping_status":"","sticky":false,"template":"","format":"standard","meta":{"footnotes":""},"categories":[35],"tags":[],"class_list":["post-3769","post","type-post","status-publish","format-standard","has-post-thumbnail","hentry","category-espectaculos"],"_links":{"self":[{"href":"https:\/\/conexion-mx.com\/index.php?rest_route=\/wp\/v2\/posts\/3769","targetHints":{"allow":["GET"]}}],"collection":[{"href":"https:\/\/conexion-mx.com\/index.php?rest_route=\/wp\/v2\/posts"}],"about":[{"href":"https:\/\/conexion-mx.com\/index.php?rest_route=\/wp\/v2\/types\/post"}],"author":[{"embeddable":true,"href":"https:\/\/conexion-mx.com\/index.php?rest_route=\/wp\/v2\/users\/3"}],"replies":[{"embeddable":true,"href":"https:\/\/conexion-mx.com\/index.php?rest_route=%2Fwp%2Fv2%2Fcomments&post=3769"}],"version-history":[{"count":0,"href":"https:\/\/conexion-mx.com\/index.php?rest_route=\/wp\/v2\/posts\/3769\/revisions"}],"wp:featuredmedia":[{"embeddable":true,"href":"https:\/\/conexion-mx.com\/index.php?rest_route=\/wp\/v2\/media\/3770"}],"wp:attachment":[{"href":"https:\/\/conexion-mx.com\/index.php?rest_route=%2Fwp%2Fv2%2Fmedia&parent=3769"}],"wp:term":[{"taxonomy":"category","embeddable":true,"href":"https:\/\/conexion-mx.com\/index.php?rest_route=%2Fwp%2Fv2%2Fcategories&post=3769"},{"taxonomy":"post_tag","embeddable":true,"href":"https:\/\/conexion-mx.com\/index.php?rest_route=%2Fwp%2Fv2%2Ftags&post=3769"}],"curies":[{"name":"wp","href":"https:\/\/api.w.org\/{rel}","templated":true}]}}