{"id":3775,"date":"2026-04-11T22:58:23","date_gmt":"2026-04-12T03:58:23","guid":{"rendered":"https:\/\/conexion-mx.com\/?p=3775"},"modified":"2026-04-11T22:58:23","modified_gmt":"2026-04-12T03:58:23","slug":"queretaro-llega-a-los-pinos-con-gastronomia-huapango-y-artesanias","status":"publish","type":"post","link":"https:\/\/conexion-mx.com\/?p=3775","title":{"rendered":"Quer\u00e9taro llega a Los Pinos con gastronom\u00eda, huapango y artesan\u00edas"},"content":{"rendered":"<p> <br \/>\n<\/p>\n<div itemprop=\"articleBody\">\n<div class=\"txt_contenido\">\n<p><strong>La Secretar\u00eda de Cultura,<\/strong> a trav\u00e9s del<strong> Complejo Cultural Los Pinos,<\/strong> presenta un festival que acerca al p\u00fablico de la Ciudad de M\u00e9xico\u00a0a las tradiciones, <strong>sabores y expresiones art\u00edsticas del estado de Quer\u00e9taro.<\/strong><\/p>\n<p><strong>Cocineras tradicionales, artesanas, colectivos art\u00edsticos y productores locales <\/strong>tomar\u00e1n el recinto para compartir su cultura en un ambiente festivo y de convivencia.<\/p>\n<aside class=\"htmlinline\"\/>\n<h2>Identidad queretana en escena\u00a0<\/h2>\n<p>La programaci\u00f3n musical y esc\u00e9nica incluye <strong>huapango en vivo, teatro y la proyecci\u00f3n de documentales <\/strong>que exploran las <strong>tradiciones y el patrimonio cultural de Quer\u00e9taro, <\/strong>ofreciendo una mirada profunda y aut\u00e9ntica a una de las regiones m\u00e1s ricas del pa\u00eds.<\/p>\n<p>Entre las actividades m\u00e1s esperadas destaca el taller de <strong>elaboraci\u00f3n de \u201cmu\u00f1ecas lele\u201d,<\/strong> una de las artesan\u00edas m\u00e1s representativas de la regi\u00f3n, junto con otras propuestas de aprendizaje y creaci\u00f3n colectiva pensadas para ni\u00f1as, ni\u00f1os y adultos.<\/p>\n<p>Tambi\u00e9n habr\u00e1 una amplia muestra <strong>gastron\u00f3mica <\/strong>preparada por cocineras tradicionales, as\u00ed como un mercado de productos regionales y artesan\u00edas.<\/p>\n<p class=\"image-align-center\"><img loading=\"lazy\" decoding=\"async\" alt=\"\" height=\"400\" src=\"https:\/\/heraldodemexico.com.mx\/u\/fotografias\/m\/2024\/4\/27\/f768x400-931352_975255_5050.jpg\" width=\"768\"\/><\/p>\n<h2>Informaci\u00f3n del evento<\/h2>\n<ul>&#13;<\/p>\n<li>Fechas:\u00a0<strong>18 y 19 de abril de 2026<\/strong><\/li>\n<p>&#13;<\/p>\n<li>Horario:\u00a0Consultar cartelera del recinto<\/li>\n<p>&#13;<\/p>\n<li>Lugar:\u00a0<strong>Complejo Cultural Los Pinos<\/strong><\/li>\n<p>&#13;<\/p>\n<li>Costo:\u00a0<strong>Entrada libre<\/strong><\/li>\n<p>&#13;<\/p>\n<li>Actividades:\u00a0M\u00fasica | danza | teatro | talleres | cine | gastronom\u00eda | artesan\u00eda<\/li>\n<p>&#13;\n<\/ul>\n<\/p><\/div>\n<\/p><\/div>\n<p><script>\n    !function(f,b,e,v,n,t,s)\n    {if(f.fbq)return;n=f.fbq=function(){n.callMethod?\n    n.callMethod.apply(n,arguments):n.queue.push(arguments)};\n    if(!f._fbq)f._fbq=n;n.push=n;n.loaded=!0;n.version='2.0';\n    n.queue=[];t=b.createElement(e);t.async=!0;\n    t.src=v;s=b.getElementsByTagName(e)[0];\n    s.parentNode.insertBefore(t,s)}(window, document,'script',\n    'https:\/\/connect.facebook.net\/en_US\/fbevents.js');\n    fbq('init', '237927003583820');\n    fbq('track', 'PageView');\n  <\/script><br \/>\n<br \/><\/p>\n","protected":false},"excerpt":{"rendered":"<p>La Secretar\u00eda de Cultura, a trav\u00e9s del Complejo Cultural Los Pinos, presenta un festival que acerca al p\u00fablico de la Ciudad de M\u00e9xico\u00a0a las tradiciones, sabores y expresiones art\u00edsticas del estado de Quer\u00e9taro. Cocineras tradicionales, artesanas, colectivos art\u00edsticos y productores locales tomar\u00e1n el recinto para compartir su cultura en un ambiente festivo y de convivencia. [&hellip;]<\/p>\n","protected":false},"author":4,"featured_media":3776,"comment_status":"","ping_status":"","sticky":false,"template":"","format":"standard","meta":{"footnotes":""},"categories":[33],"tags":[],"class_list":["post-3775","post","type-post","status-publish","format-standard","has-post-thumbnail","hentry","category-cultura"],"_links":{"self":[{"href":"https:\/\/conexion-mx.com\/index.php?rest_route=\/wp\/v2\/posts\/3775","targetHints":{"allow":["GET"]}}],"collection":[{"href":"https:\/\/conexion-mx.com\/index.php?rest_route=\/wp\/v2\/posts"}],"about":[{"href":"https:\/\/conexion-mx.com\/index.php?rest_route=\/wp\/v2\/types\/post"}],"author":[{"embeddable":true,"href":"https:\/\/conexion-mx.com\/index.php?rest_route=\/wp\/v2\/users\/4"}],"replies":[{"embeddable":true,"href":"https:\/\/conexion-mx.com\/index.php?rest_route=%2Fwp%2Fv2%2Fcomments&post=3775"}],"version-history":[{"count":0,"href":"https:\/\/conexion-mx.com\/index.php?rest_route=\/wp\/v2\/posts\/3775\/revisions"}],"wp:featuredmedia":[{"embeddable":true,"href":"https:\/\/conexion-mx.com\/index.php?rest_route=\/wp\/v2\/media\/3776"}],"wp:attachment":[{"href":"https:\/\/conexion-mx.com\/index.php?rest_route=%2Fwp%2Fv2%2Fmedia&parent=3775"}],"wp:term":[{"taxonomy":"category","embeddable":true,"href":"https:\/\/conexion-mx.com\/index.php?rest_route=%2Fwp%2Fv2%2Fcategories&post=3775"},{"taxonomy":"post_tag","embeddable":true,"href":"https:\/\/conexion-mx.com\/index.php?rest_route=%2Fwp%2Fv2%2Ftags&post=3775"}],"curies":[{"name":"wp","href":"https:\/\/api.w.org\/{rel}","templated":true}]}}