{"id":3777,"date":"2026-04-12T04:44:25","date_gmt":"2026-04-12T09:44:25","guid":{"rendered":"https:\/\/conexion-mx.com\/?p=3777"},"modified":"2026-04-12T04:44:25","modified_gmt":"2026-04-12T09:44:25","slug":"roberto-velasco-y-ronald-johnson-dialogan-sobre-la-agenda-bilateral-entre-mexico-y-estados-unidos","status":"publish","type":"post","link":"https:\/\/conexion-mx.com\/?p=3777","title":{"rendered":"Roberto Velasco y Ronald Johnson dialogan sobre la agenda bilateral entre M\u00e9xico y Estados Unidos"},"content":{"rendered":"<p> <br \/>\n<\/p>\n<div itemprop=\"articleBody\">\n<div class=\"txt_contenido\">\n<p>Seguridad fronteriza,<strong> tr\u00e1fico de fentanilo, <\/strong>combate a grupos criminales transnacionales, la <strong>revisi\u00f3n del Tratado M\u00e9xico-Estados Unidos-Canad\u00e1 <\/strong>y la cooperaci\u00f3n con respeto a la soberan\u00eda fueron los temas abordados en la primera reuni\u00f3n entre el secretario de Relaciones Exteriores, <strong>Roberto Velasco \u00c1lvarez<\/strong>, y el embajador estadounidense en nuestro pa\u00eds, <strong>Ronald Johnson.<\/strong><\/p>\n<p>En el encuentro \u2014realizado en la sede de la <strong>SRE en Ciudad de M\u00e9xico,<\/strong> en el marco del reciente nombramiento y ratificaci\u00f3n de Velasco\u2014 abordaron asuntos prioritarios en la relaci\u00f3n bilateral y la agenda compartida.<\/p>\n<aside class=\"htmlinline\"\/>\n<p>El encuentro se dio en el marco del reciente nombramiento y ratificaci\u00f3n de <strong>Roberto Velasco <\/strong>como secretario de Relaciones Exteriores tras la salida de<strong> Juan Ram\u00f3n de la Fuente <\/strong>del gabinete federal por motivos de salud.<\/p>\n<p>Velasco y Johnson coincidieron en que la relaci\u00f3n bilateral se fortalece con la reciprocidad, con el aporte entre iguales, con respeto a las soberan\u00edas y siempre buscando el beneficio de ambos pueblos.<\/p>\n<blockquote><p>&#13;<\/p>\n<p>\u201cReiteraron el compromiso mutuo por seguir fortaleciendo la cooperaci\u00f3n y colaboraci\u00f3n sustentados en los principios que gu\u00edan la relaci\u00f3n bilateral para traer bienestar y prosperidad en ambos lados de la frontera\u201d, inform\u00f3 la canciller\u00eda mexicana a trav\u00e9s de redes sociales.\u00a0<\/p>\n<p>&#13;\n<\/p><\/blockquote>\n<p>El embajador Ronald Johnson felicit\u00f3 y le dese\u00f3 \u00e9xito en su gesti\u00f3n a Roberto Vel\u00e1zquez, y se\u00f1al\u00f3 que M\u00e9xico y Estados Unidos deben fortalecer su relaci\u00f3n.<\/p>\n<blockquote><p>&#13;<\/p>\n<p>\u201cEn reuni\u00f3n con el secretario Roberto Velasco, dialogamos sobre las metas compartidas de nuestros pa\u00edses y la importancia de seguir colaborando para fortalecer esta cooperaci\u00f3n hist\u00f3rica y que contin\u00fae dando resultados en beneficio de ambas naciones\u201d, afirm\u00f3 el embajador estadounidense en su cuenta de la red social X.<\/p>\n<p>&#13;\n<\/p><\/blockquote>\n<p>\u00a0&#13;<br \/>\n&#13;\n<\/p>\n<p>MAAZ&#13;<br \/>\n&#13;\n<\/p>\n<p>\u00a0&#13;<br \/>\n&#13;<br \/>\n&#13;\n                                <\/p>\n<\/p><\/div>\n<\/p><\/div>\n<p><script>\n    !function(f,b,e,v,n,t,s)\n    {if(f.fbq)return;n=f.fbq=function(){n.callMethod?\n    n.callMethod.apply(n,arguments):n.queue.push(arguments)};\n    if(!f._fbq)f._fbq=n;n.push=n;n.loaded=!0;n.version='2.0';\n    n.queue=[];t=b.createElement(e);t.async=!0;\n    t.src=v;s=b.getElementsByTagName(e)[0];\n    s.parentNode.insertBefore(t,s)}(window, document,'script',\n    'https:\/\/connect.facebook.net\/en_US\/fbevents.js');\n    fbq('init', '237927003583820');\n    fbq('track', 'PageView');\n  <\/script><script>\n    !function(f,b,e,v,n,t,s)\n    {if(f.fbq)return;n=f.fbq=function(){n.callMethod?\n    n.callMethod.apply(n,arguments):n.queue.push(arguments)};\n    if(!f._fbq)f._fbq=n;n.push=n;n.loaded=!0;n.version='2.0';\n    n.queue=[];t=b.createElement(e);t.async=!0;\n    t.src=v;s=b.getElementsByTagName(e)[0];\n    s.parentNode.insertBefore(t,s)}(window, document,'script',\n    'https:\/\/connect.facebook.net\/en_US\/fbevents.js');\n    fbq('init', '802372280934901');\n    fbq('track', 'PageView');\n    <\/script><br \/>\n<br \/><\/p>\n","protected":false},"excerpt":{"rendered":"<p>Seguridad fronteriza, tr\u00e1fico de fentanilo, combate a grupos criminales transnacionales, la revisi\u00f3n del Tratado M\u00e9xico-Estados Unidos-Canad\u00e1 y la cooperaci\u00f3n con respeto a la soberan\u00eda fueron los temas abordados en la primera reuni\u00f3n entre el secretario de Relaciones Exteriores, Roberto Velasco \u00c1lvarez, y el embajador estadounidense en nuestro pa\u00eds, Ronald Johnson. En el encuentro \u2014realizado en [&hellip;]<\/p>\n","protected":false},"author":2,"featured_media":3778,"comment_status":"","ping_status":"","sticky":false,"template":"","format":"standard","meta":{"footnotes":""},"categories":[2],"tags":[],"class_list":["post-3777","post","type-post","status-publish","format-standard","has-post-thumbnail","hentry","category-local"],"_links":{"self":[{"href":"https:\/\/conexion-mx.com\/index.php?rest_route=\/wp\/v2\/posts\/3777","targetHints":{"allow":["GET"]}}],"collection":[{"href":"https:\/\/conexion-mx.com\/index.php?rest_route=\/wp\/v2\/posts"}],"about":[{"href":"https:\/\/conexion-mx.com\/index.php?rest_route=\/wp\/v2\/types\/post"}],"author":[{"embeddable":true,"href":"https:\/\/conexion-mx.com\/index.php?rest_route=\/wp\/v2\/users\/2"}],"replies":[{"embeddable":true,"href":"https:\/\/conexion-mx.com\/index.php?rest_route=%2Fwp%2Fv2%2Fcomments&post=3777"}],"version-history":[{"count":0,"href":"https:\/\/conexion-mx.com\/index.php?rest_route=\/wp\/v2\/posts\/3777\/revisions"}],"wp:featuredmedia":[{"embeddable":true,"href":"https:\/\/conexion-mx.com\/index.php?rest_route=\/wp\/v2\/media\/3778"}],"wp:attachment":[{"href":"https:\/\/conexion-mx.com\/index.php?rest_route=%2Fwp%2Fv2%2Fmedia&parent=3777"}],"wp:term":[{"taxonomy":"category","embeddable":true,"href":"https:\/\/conexion-mx.com\/index.php?rest_route=%2Fwp%2Fv2%2Fcategories&post=3777"},{"taxonomy":"post_tag","embeddable":true,"href":"https:\/\/conexion-mx.com\/index.php?rest_route=%2Fwp%2Fv2%2Ftags&post=3777"}],"curies":[{"name":"wp","href":"https:\/\/api.w.org\/{rel}","templated":true}]}}