{"id":3779,"date":"2026-04-12T13:40:57","date_gmt":"2026-04-12T18:40:57","guid":{"rendered":"https:\/\/conexion-mx.com\/?p=3779"},"modified":"2026-04-12T13:40:57","modified_gmt":"2026-04-12T18:40:57","slug":"hay-clases-este-lunes-13-de-abril-en-mexico-esto-dice-el-calendario-de-la-sep","status":"publish","type":"post","link":"https:\/\/conexion-mx.com\/?p=3779","title":{"rendered":"\u00bfHay clases este lunes 13 de abril en M\u00e9xico? Esto dice el calendario de la SEP"},"content":{"rendered":"<p> <br \/>\n<\/p>\n<div itemprop=\"articleBody\">\n<div class=\"txt_contenido\">\n<p><strong>Semana Santa<\/strong> y sus d\u00edas de <strong>descanso<\/strong> terminan de manera oficial este domingo 12 de abril y ser\u00e1 este lunes 13 cuando millones de estudiantes de preescolar, primaria y secundaria, regresen a las aulas a sus actividades recurrentes.\u00a0<\/p>\n<p>Si bien hay algunos <strong>alumnos y alumnas <\/strong>que tendr\u00e1n 11 d\u00edas de vacaciones a partir del pr\u00f3ximo 20 de abril, otros m\u00e1s regresan de manera normal este inicio de semana. Recordemos que el viernes 24 de abril no habr\u00e1 clases debido a que se realizar\u00e1 el Consejo T\u00e9cnico Escolar (CTE).\u00a0<\/p>\n<aside class=\"htmlinline\"\/>\n<div class=\"image-align-center\">\n<figure class=\"image\"><img loading=\"lazy\" decoding=\"async\" alt=\"\" height=\"680\" src=\"https:\/\/heraldodemexico.com.mx\/u\/fotografias\/m\/2025\/9\/1\/f768x1-1176605_1176732_5050.jpeg\" width=\"1200\"\/>&#13;<figcaption>Las y los estudiantes\u00a0<\/figcaption>&#13;<br \/>\n<\/figure>\n<\/div>\n<h2>\u00bfHay clases este lunes 13 de abril en M\u00e9xico? Esto dice el calendario de la SEP<\/h2>\n<p>El calendario oficial del ciclo escolar 2025 &#8211; 2026 difundido previo al arranque del nuevo periodo escolar en educaci\u00f3n b\u00e1sica en nuestro pa\u00eds, indica que este lunes 13 de abril regresan a clases millones de estudiantes en M\u00e9xico.\u00a0<\/p>\n<p>Las vacaciones de Semana Santa comenzaron el pasado lunes 30 de marzo, aunque en realidad no tuvieron actividad desde el viernes 27, cuando se realiz\u00f3 el Consejo T\u00e9cnico Escolar (CTE) correspondiente al mes de abril.<\/p>\n<div class=\"image-align-center\">\n<figure class=\"image\"><img loading=\"lazy\" decoding=\"async\" alt=\"\" height=\"891\" src=\"https:\/\/heraldodemexico.com.mx\/u\/fotografias\/m\/2026\/4\/12\/f768x1-1270969_1271096_5050.png\" width=\"1200\"\/>&#13;<figcaption>As\u00ed est\u00e1 marcado el calendario del presente ciclo escolar | SEP<\/figcaption>&#13;<br \/>\n<\/figure>\n<\/div>\n<h2><strong>\u00bfCu\u00e1les alumnos tendr\u00e1n 11 d\u00edas de suspensi\u00f3n de clases en abril?<\/strong><\/h2>\n<p>Aunque para la mayor parte de las y los estudiantes de educaci\u00f3n b\u00e1sica en M\u00e9xico s\u00f3lo les queda el viernes de Consejo T\u00e9cnico Escolar (CTE) y, probablemente, el 30 de abril, hay un sector de alumnas y alumnos que no tendr\u00e1n clases del lunes 20 de abril hasta el 4 de mayo.\u00a0<\/p>\n<p>Se trata de las y los alumnos de escuelas particulares y p\u00fablicas de educaci\u00f3n b\u00e1sica en Aguascalientes, pes en este periodo de tiempo se llevar\u00e1 a cabo la Feria de San Marcos 2026, una de las m\u00e1s importantes a nivel nacional. As\u00ed fue como lo inform\u00f3 el propio Instituto de Educaci\u00f3n de Aguascalientes (IAE), el cual asegur\u00f3 que se aplazaban las dos semanas de vacaciones de Semana Santa para las fechas en las que se realizar\u00e1 este evento.<\/p>\n<p>\u00a0<\/p>\n<\/p><\/div>\n<\/p><\/div>\n<p><script>\n    !function(f,b,e,v,n,t,s)\n    {if(f.fbq)return;n=f.fbq=function(){n.callMethod?\n    n.callMethod.apply(n,arguments):n.queue.push(arguments)};\n    if(!f._fbq)f._fbq=n;n.push=n;n.loaded=!0;n.version='2.0';\n    n.queue=[];t=b.createElement(e);t.async=!0;\n    t.src=v;s=b.getElementsByTagName(e)[0];\n    s.parentNode.insertBefore(t,s)}(window, document,'script',\n    'https:\/\/connect.facebook.net\/en_US\/fbevents.js');\n    fbq('init', '237927003583820');\n    fbq('track', 'PageView');\n  <\/script><script>\n    !function(f,b,e,v,n,t,s)\n    {if(f.fbq)return;n=f.fbq=function(){n.callMethod?\n    n.callMethod.apply(n,arguments):n.queue.push(arguments)};\n    if(!f._fbq)f._fbq=n;n.push=n;n.loaded=!0;n.version='2.0';\n    n.queue=[];t=b.createElement(e);t.async=!0;\n    t.src=v;s=b.getElementsByTagName(e)[0];\n    s.parentNode.insertBefore(t,s)}(window, document,'script',\n    'https:\/\/connect.facebook.net\/en_US\/fbevents.js');\n    fbq('init', '802372280934901');\n    fbq('track', 'PageView');\n    <\/script><br \/>\n<br \/><\/p>\n","protected":false},"excerpt":{"rendered":"<p>Semana Santa y sus d\u00edas de descanso terminan de manera oficial este domingo 12 de abril y ser\u00e1 este lunes 13 cuando millones de estudiantes de preescolar, primaria y secundaria, regresen a las aulas a sus actividades recurrentes.\u00a0 Si bien hay algunos alumnos y alumnas que tendr\u00e1n 11 d\u00edas de vacaciones a partir del pr\u00f3ximo [&hellip;]<\/p>\n","protected":false},"author":2,"featured_media":3780,"comment_status":"","ping_status":"","sticky":false,"template":"","format":"standard","meta":{"footnotes":""},"categories":[2],"tags":[],"class_list":["post-3779","post","type-post","status-publish","format-standard","has-post-thumbnail","hentry","category-local"],"_links":{"self":[{"href":"https:\/\/conexion-mx.com\/index.php?rest_route=\/wp\/v2\/posts\/3779","targetHints":{"allow":["GET"]}}],"collection":[{"href":"https:\/\/conexion-mx.com\/index.php?rest_route=\/wp\/v2\/posts"}],"about":[{"href":"https:\/\/conexion-mx.com\/index.php?rest_route=\/wp\/v2\/types\/post"}],"author":[{"embeddable":true,"href":"https:\/\/conexion-mx.com\/index.php?rest_route=\/wp\/v2\/users\/2"}],"replies":[{"embeddable":true,"href":"https:\/\/conexion-mx.com\/index.php?rest_route=%2Fwp%2Fv2%2Fcomments&post=3779"}],"version-history":[{"count":0,"href":"https:\/\/conexion-mx.com\/index.php?rest_route=\/wp\/v2\/posts\/3779\/revisions"}],"wp:featuredmedia":[{"embeddable":true,"href":"https:\/\/conexion-mx.com\/index.php?rest_route=\/wp\/v2\/media\/3780"}],"wp:attachment":[{"href":"https:\/\/conexion-mx.com\/index.php?rest_route=%2Fwp%2Fv2%2Fmedia&parent=3779"}],"wp:term":[{"taxonomy":"category","embeddable":true,"href":"https:\/\/conexion-mx.com\/index.php?rest_route=%2Fwp%2Fv2%2Fcategories&post=3779"},{"taxonomy":"post_tag","embeddable":true,"href":"https:\/\/conexion-mx.com\/index.php?rest_route=%2Fwp%2Fv2%2Ftags&post=3779"}],"curies":[{"name":"wp","href":"https:\/\/api.w.org\/{rel}","templated":true}]}}