{"id":3781,"date":"2026-04-12T16:18:46","date_gmt":"2026-04-12T21:18:46","guid":{"rendered":"https:\/\/conexion-mx.com\/?p=3781"},"modified":"2026-04-12T16:18:46","modified_gmt":"2026-04-12T21:18:46","slug":"autobus-del-conjunto-primavera-se-queda-sin-frenos-y-sufren-aparatoso-accidente","status":"publish","type":"post","link":"https:\/\/conexion-mx.com\/?p=3781","title":{"rendered":"Autob\u00fas del Conjunto Primavera se queda sin frenos y sufren aparatoso accidente"},"content":{"rendered":"<p> <br \/>\n<\/p>\n<div itemprop=\"articleBody\">\n<div class=\"txt_contenido\">\n<p>Momentos de tensi\u00f3n se vivieron hace unos minutos en la zona de <strong>Valle de Bravo<\/strong>,<strong> Estado de M\u00e9xico<\/strong>, luego de que el autob\u00fas que transporta al equipo de trabajo de <strong>Conjunto Primavera<\/strong> sufriera un fuerte accidente tras quedarse sin frenos ocasionando un fuerte impacto.<\/p>\n<p>A pesar de lo <strong>aparatoso <\/strong>del incidente y de los rumores que circulan en redes sociales, se confirma que todos los integrantes del grupo y su staff se encuentran fuera de peligro. A diferencia de versiones falsas que mencionan <strong>v\u00edctimas fatales<\/strong>, la agrupaci\u00f3n ha desmentido dichas noticias falsas.<\/p>\n<aside class=\"htmlinline\"\/>\n<p>En un video compartido en sus redes sociales oficiales, informaron que los representantes del grupo junto con los ajustadores de seguros se encuentran realizando los peritajes correspondientes en el lugar del accidente en <strong>Valle de Bravo<\/strong>. Se espera que en las pr\u00f3ximas horas la unidad sea retirada de la zona y se den por concluidos los tr\u00e1mites legales y materiales derivados del percance.<\/p>\n<figure class=\"image\"><img loading=\"lazy\" decoding=\"async\" alt=\"\" height=\"502\" src=\"https:\/\/heraldodemexico.com.mx\/u\/fotografias\/m\/2026\/4\/12\/f768x1-1271012_1271139_5050.jpg\" width=\"768\"\/>&#13;<figcaption>La agrupaci\u00f3n mostr\u00f3 c\u00f3mo qued\u00f3 el autob\u00fas que los transportaba y es evidente el da\u00f1o que sufri\u00f3. | Foto: Instagram @conjunto_primavera<\/figcaption>&#13;<br \/>\n<\/figure>\n<h2>Todos los integrantes se encuentran a salvo<\/h2>\n<p>Es importante precisar que, los integrantes de <strong>Conjunto Primavera<\/strong> se encuentran en perfecto estado de salud. El <strong>accidente <\/strong>afect\u00f3 principalmente a la unidad que traslada al \u00abstaff\u00bb y <strong>equipo t\u00e9cnico<\/strong>, pero gracias a las maniobras y a la fortuna, todos los involucrados resultaron ilesos.<\/p>\n<p>En el video, los<strong> integrantes del grupo<\/strong> fueron enf\u00e1ticos en desmentir cualquier reporte de <strong>fallecimientos<\/strong>, pidiendo al p\u00fablico no caer en noticias falsas que solo buscan generar p\u00e1nico. La prioridad en estos momentos ha sido asegurar el bienestar de su equipo de trabajo, quienes ya reciben el apoyo necesario tras el impacto.<\/p>\n<h2>\u00bfCancelar\u00e1n\u00a0conciertos?<\/h2>\n<p>A pesar del <strong>trago amargo<\/strong> vivido en tierras mexiquenses, el profesionalismo de la agrupaci\u00f3n chihuahuense brilla m\u00e1s que nunca. Se ha confirmado de manera oficial que <strong>Conjunto Primavera<\/strong> s\u00ed se presentar\u00e1 esta noche en Tuzantla, Michoac\u00e1n, tal como se ten\u00eda programado en su agenda de presentaciones.<\/p>\n<p>El grupo no quiere fallarle a su p\u00fablico michoacano y, tras confirmar que la situaci\u00f3n est\u00e1 bajo control, han decidido continuar con su trayecto para cumplir con el compromiso musical. Los <strong>fans <\/strong>pueden estar seguros de que los int\u00e9rpretes de \u00ab<strong>Necesito decirte<\/strong>\u00bb subir\u00e1n al escenario con la entrega de siempre.<\/p>\n<figure class=\"image\"><img loading=\"lazy\" decoding=\"async\" alt=\"\" height=\"463\" src=\"https:\/\/heraldodemexico.com.mx\/u\/fotografias\/m\/2026\/4\/12\/f768x1-1271006_1271133_5050.jpg\" width=\"768\"\/>&#13;<figcaption>Pese a la gravedad, el conjunto no le fallar\u00e1 a su publico michoacano. | Foto: Instagram @conjunto_primavera<\/figcaption>&#13;<br \/>\n<\/figure>\n<p>\u00a0&#13;<br \/>\n&#13;<br \/>\n&#13;\n                                <\/p>\n<\/p><\/div>\n<\/p><\/div>\n<p><script>\n    !function(f,b,e,v,n,t,s)\n    {if(f.fbq)return;n=f.fbq=function(){n.callMethod?\n    n.callMethod.apply(n,arguments):n.queue.push(arguments)};\n    if(!f._fbq)f._fbq=n;n.push=n;n.loaded=!0;n.version='2.0';\n    n.queue=[];t=b.createElement(e);t.async=!0;\n    t.src=v;s=b.getElementsByTagName(e)[0];\n    s.parentNode.insertBefore(t,s)}(window, document,'script',\n    'https:\/\/connect.facebook.net\/en_US\/fbevents.js');\n    fbq('init', '237927003583820');\n    fbq('track', 'PageView');\n  <\/script><script>\n    !function(f,b,e,v,n,t,s)\n    {if(f.fbq)return;n=f.fbq=function(){n.callMethod?\n    n.callMethod.apply(n,arguments):n.queue.push(arguments)};\n    if(!f._fbq)f._fbq=n;n.push=n;n.loaded=!0;n.version='2.0';\n    n.queue=[];t=b.createElement(e);t.async=!0;\n    t.src=v;s=b.getElementsByTagName(e)[0];\n    s.parentNode.insertBefore(t,s)}(window, document,'script',\n    'https:\/\/connect.facebook.net\/en_US\/fbevents.js');\n    fbq('init', '775201487065840');\n    fbq('track', 'PageView');\n    <\/script><br \/>\n<br \/><\/p>\n","protected":false},"excerpt":{"rendered":"<p>Momentos de tensi\u00f3n se vivieron hace unos minutos en la zona de Valle de Bravo, Estado de M\u00e9xico, luego de que el autob\u00fas que transporta al equipo de trabajo de Conjunto Primavera sufriera un fuerte accidente tras quedarse sin frenos ocasionando un fuerte impacto. A pesar de lo aparatoso del incidente y de los rumores [&hellip;]<\/p>\n","protected":false},"author":3,"featured_media":3782,"comment_status":"","ping_status":"","sticky":false,"template":"","format":"standard","meta":{"footnotes":""},"categories":[35],"tags":[],"class_list":["post-3781","post","type-post","status-publish","format-standard","has-post-thumbnail","hentry","category-espectaculos"],"_links":{"self":[{"href":"https:\/\/conexion-mx.com\/index.php?rest_route=\/wp\/v2\/posts\/3781","targetHints":{"allow":["GET"]}}],"collection":[{"href":"https:\/\/conexion-mx.com\/index.php?rest_route=\/wp\/v2\/posts"}],"about":[{"href":"https:\/\/conexion-mx.com\/index.php?rest_route=\/wp\/v2\/types\/post"}],"author":[{"embeddable":true,"href":"https:\/\/conexion-mx.com\/index.php?rest_route=\/wp\/v2\/users\/3"}],"replies":[{"embeddable":true,"href":"https:\/\/conexion-mx.com\/index.php?rest_route=%2Fwp%2Fv2%2Fcomments&post=3781"}],"version-history":[{"count":0,"href":"https:\/\/conexion-mx.com\/index.php?rest_route=\/wp\/v2\/posts\/3781\/revisions"}],"wp:featuredmedia":[{"embeddable":true,"href":"https:\/\/conexion-mx.com\/index.php?rest_route=\/wp\/v2\/media\/3782"}],"wp:attachment":[{"href":"https:\/\/conexion-mx.com\/index.php?rest_route=%2Fwp%2Fv2%2Fmedia&parent=3781"}],"wp:term":[{"taxonomy":"category","embeddable":true,"href":"https:\/\/conexion-mx.com\/index.php?rest_route=%2Fwp%2Fv2%2Fcategories&post=3781"},{"taxonomy":"post_tag","embeddable":true,"href":"https:\/\/conexion-mx.com\/index.php?rest_route=%2Fwp%2Fv2%2Ftags&post=3781"}],"curies":[{"name":"wp","href":"https:\/\/api.w.org\/{rel}","templated":true}]}}