{"id":3785,"date":"2026-04-12T21:46:19","date_gmt":"2026-04-13T02:46:19","guid":{"rendered":"https:\/\/conexion-mx.com\/?p=3785"},"modified":"2026-04-12T21:46:19","modified_gmt":"2026-04-13T02:46:19","slug":"la-curp-biometrica-es-obligatoria-para-tramitar-la-nueva-credencial-universal-de-salud","status":"publish","type":"post","link":"https:\/\/conexion-mx.com\/?p=3785","title":{"rendered":"\u00bfLa CURP biom\u00e9trica es obligatoria para tramitar la nueva Credencial Universal de Salud?"},"content":{"rendered":"<p> <br \/>\n<\/p>\n<div>\n<p>Este<strong> lunes 13 de abril <\/strong>dar\u00e1 inicio el registro para tramitar la <strong>credencial del<\/strong>\u00a0<strong>Servicio Universal de Salud<\/strong>, que permitir\u00e1 a todos los habitantes del pa\u00eds contar con una\u00a0<strong>identidad de salud<\/strong> para recibir atenci\u00f3n en cualquiera de los sistemas p\u00fablicos: el <strong>Instituto Mexicano del Seguro Social <\/strong>(<strong>IMSS<\/strong>), el<strong> Instituto de Seguridad y Servicios Sociales de los Trabajadores del Estado<\/strong> (<strong>ISSSTE<\/strong>) y el<strong> IMSS Bienestar<\/strong>.<\/p>\n<p>El registro se llevar\u00e1 a cabo a trav\u00e9s de un <strong>calendario<\/strong>, de acuerdo con la letra del primer apellido, y en el caso de los menores, podr\u00e1n acudir el d\u00eda que les corresponda a su padre, madre o tutor. Entre las preguntas que han surgido acerca de esta nueva credencial es si para tramitarla es obligatorio contar con la <strong>Clave \u00danica de Registro de Poblaci\u00f3n<\/strong> (<strong>CURP<\/strong>) <strong>biom\u00e9trica<\/strong>.<\/p>\n<aside class=\"htmlinline\"\/>\n<p>Seg\u00fan los requisitos enlistados por el <strong>Gobierno de M\u00e9xico<\/strong>, para tramitar la\u00a0nueva<strong> Credencial Universal de Salud <\/strong>es necesario presentar una identificaci\u00f3n oficial con <strong>CURP<\/strong>, sin embargo, hasta el momento no se ha determinado la <strong>obligatoriedad <\/strong>de presentar la<strong> CURP<\/strong> con <strong>datos biom\u00e9tricos<\/strong>.<\/p>\n<div class=\"image-align-center\">\n<figure class=\"image\"><img loading=\"lazy\" decoding=\"async\" alt=\"\" height=\"452\" src=\"https:\/\/heraldodemexico.com.mx\/u\/fotografias\/m\/2026\/4\/12\/f768x1-1271093_1271220_5050.jpg\" width=\"680\"\/>&#13;<figcaption>El Gobierno de M\u00e9xico anunci\u00f3 que este lunes 13 de abril iniciar\u00e1 el registro para tramitar la Credencial Universal de Salud. Foto: Cuartoscuro<\/figcaption>&#13;<br \/>\n<\/figure>\n<\/div>\n<h2>\u00bfCu\u00e1les son los requisitos para tramitar la<strong>\u00a0Credencial Universal de Salud<\/strong>?<\/h2>\n<p>El <strong>Gobierno de M\u00e9xico <\/strong>realizar\u00e1 el registro para la nueva<strong>\u00a0Credencial Universal de Salud\u00a0<\/strong>de <strong>lunes a s\u00e1bado<\/strong>, de<strong> 9:00 a 17:00 horas<\/strong>, en <strong>2 mil 365 m\u00f3dulos <\/strong>distribuido en todo el pa\u00eds.<\/p>\n<p>Los documentos necesarios para el registro son los siguientes:<\/p>\n<p><strong>Menores de edad<\/strong><\/p>\n<ul>&#13;<\/p>\n<li><strong>Acta de Nacimiento<\/strong> con <strong>CURP<\/strong>.<\/li>\n<p>&#13;<\/p>\n<li>Comprobante de domicilio.<\/li>\n<p>&#13;<\/p>\n<li>Identificaci\u00f3n oficial del padre, madre o tutor con <strong>CURP<\/strong>.<\/li>\n<p>&#13;\n<\/ul>\n<p><strong>Mayores de edad<\/strong><\/p>\n<ul>&#13;<\/p>\n<li>Identificaci\u00f3n oficial con fotograf\u00eda y <strong>CURP<\/strong>.<\/li>\n<p>&#13;<\/p>\n<li>Comprobante de domicilio.<\/li>\n<p>&#13;\n<\/ul>\n<h2>\u00bfQu\u00e9 datos traer\u00e1 la nueva <strong>credencial<\/strong>?<\/h2>\n<p>La <strong>Credencial del Servicio Universal de Salud<\/strong>, en su versi\u00f3n impresa, contar\u00e1 con la siguiente informaci\u00f3n:&#13;<br \/>\n&#13;\n<\/p>\n<ul>&#13;<\/p>\n<li>Nombre completo.<\/li>\n<p>&#13;<\/p>\n<li><strong>CURP<\/strong>.<\/li>\n<p>&#13;<\/p>\n<li>Sexo.<\/li>\n<p>&#13;<\/p>\n<li>Lugar y fecha de nacimiento.<\/li>\n<p>&#13;<\/p>\n<li>Nacionalidad.<\/li>\n<p>&#13;<\/p>\n<li>Tipo de sangre y si se es donador de \u00f3rganos.<\/li>\n<p>&#13;<\/p>\n<li>Dos <strong>c\u00f3digos QR<\/strong> con la derechohabiencia y la unidad de atenci\u00f3n m\u00e1s cercana.<\/li>\n<p>&#13;\n<\/ul>\n<p>La <strong>versi\u00f3n digital<\/strong>, que estar\u00e1 disponible en la<strong> App MX<\/strong> a partir de abril, contendr\u00e1 la instituci\u00f3n de derechohabiencia, la cl\u00ednica asignada y los mismos datos que en la versi\u00f3n f\u00edsica.&#13;<br \/>\n&#13;\n<\/p>\n<p>Esta<strong> credencial<\/strong>\u00a0vincular\u00e1 a un expediente m\u00e9dico electr\u00f3nico que tendr\u00e1 toda la informaci\u00f3n del derechohabiente, desde historial cl\u00ednico, estudios m\u00e9dicos, citas de atenci\u00f3n, recetas e incluso la informaci\u00f3n de cambio de<strong> derechohabiencia<\/strong> y domicilio. Con ella, se podr\u00e1n agendar <strong>citas m\u00e9dicas<\/strong>, conocer d\u00f3nde acudir a consultas y estudios, asimismo facilitar\u00e1 el intercambio de informaci\u00f3n y de servicios entre instituciones.&#13;<br \/>\n&#13;<br \/>\n&#13;\n                                <\/p>\n<\/p><\/div>\n<p><script>\n    !function(f,b,e,v,n,t,s)\n    {if(f.fbq)return;n=f.fbq=function(){n.callMethod?\n    n.callMethod.apply(n,arguments):n.queue.push(arguments)};\n    if(!f._fbq)f._fbq=n;n.push=n;n.loaded=!0;n.version='2.0';\n    n.queue=[];t=b.createElement(e);t.async=!0;\n    t.src=v;s=b.getElementsByTagName(e)[0];\n    s.parentNode.insertBefore(t,s)}(window, document,'script',\n    'https:\/\/connect.facebook.net\/en_US\/fbevents.js');\n    fbq('init', '237927003583820');\n    fbq('track', 'PageView');\n  <\/script><script>\n    !function(f,b,e,v,n,t,s)\n    {if(f.fbq)return;n=f.fbq=function(){n.callMethod?\n    n.callMethod.apply(n,arguments):n.queue.push(arguments)};\n    if(!f._fbq)f._fbq=n;n.push=n;n.loaded=!0;n.version='2.0';\n    n.queue=[];t=b.createElement(e);t.async=!0;\n    t.src=v;s=b.getElementsByTagName(e)[0];\n    s.parentNode.insertBefore(t,s)}(window, document,'script',\n    'https:\/\/connect.facebook.net\/en_US\/fbevents.js');\n    fbq('init', '802372280934901');\n    fbq('track', 'PageView');\n    <\/script><br \/>\n<br \/><\/p>\n","protected":false},"excerpt":{"rendered":"<p>Este lunes 13 de abril dar\u00e1 inicio el registro para tramitar la credencial del\u00a0Servicio Universal de Salud, que permitir\u00e1 a todos los habitantes del pa\u00eds contar con una\u00a0identidad de salud para recibir atenci\u00f3n en cualquiera de los sistemas p\u00fablicos: el Instituto Mexicano del Seguro Social (IMSS), el Instituto de Seguridad y Servicios Sociales de los [&hellip;]<\/p>\n","protected":false},"author":2,"featured_media":3786,"comment_status":"","ping_status":"","sticky":false,"template":"","format":"standard","meta":{"footnotes":""},"categories":[2],"tags":[],"class_list":["post-3785","post","type-post","status-publish","format-standard","has-post-thumbnail","hentry","category-local"],"_links":{"self":[{"href":"https:\/\/conexion-mx.com\/index.php?rest_route=\/wp\/v2\/posts\/3785","targetHints":{"allow":["GET"]}}],"collection":[{"href":"https:\/\/conexion-mx.com\/index.php?rest_route=\/wp\/v2\/posts"}],"about":[{"href":"https:\/\/conexion-mx.com\/index.php?rest_route=\/wp\/v2\/types\/post"}],"author":[{"embeddable":true,"href":"https:\/\/conexion-mx.com\/index.php?rest_route=\/wp\/v2\/users\/2"}],"replies":[{"embeddable":true,"href":"https:\/\/conexion-mx.com\/index.php?rest_route=%2Fwp%2Fv2%2Fcomments&post=3785"}],"version-history":[{"count":0,"href":"https:\/\/conexion-mx.com\/index.php?rest_route=\/wp\/v2\/posts\/3785\/revisions"}],"wp:featuredmedia":[{"embeddable":true,"href":"https:\/\/conexion-mx.com\/index.php?rest_route=\/wp\/v2\/media\/3786"}],"wp:attachment":[{"href":"https:\/\/conexion-mx.com\/index.php?rest_route=%2Fwp%2Fv2%2Fmedia&parent=3785"}],"wp:term":[{"taxonomy":"category","embeddable":true,"href":"https:\/\/conexion-mx.com\/index.php?rest_route=%2Fwp%2Fv2%2Fcategories&post=3785"},{"taxonomy":"post_tag","embeddable":true,"href":"https:\/\/conexion-mx.com\/index.php?rest_route=%2Fwp%2Fv2%2Ftags&post=3785"}],"curies":[{"name":"wp","href":"https:\/\/api.w.org\/{rel}","templated":true}]}}