{"id":3787,"date":"2026-04-13T05:48:07","date_gmt":"2026-04-13T10:48:07","guid":{"rendered":"https:\/\/conexion-mx.com\/?p=3787"},"modified":"2026-04-13T05:48:07","modified_gmt":"2026-04-13T10:48:07","slug":"habra-paro-en-el-metro-de-la-cdmx-este-lunes-13-de-abril-esto-es-lo-que-sabemos","status":"publish","type":"post","link":"https:\/\/conexion-mx.com\/?p=3787","title":{"rendered":"\u00bfHabr\u00e1 paro en el Metro de la CDMX este lunes 13 de abril? Esto es lo que sabemos"},"content":{"rendered":"<p> <br \/>\n<\/p>\n<div>\n<p>El\u00a0<strong>Sistema de Transporte Colectivo Metro de la Ciudad de M\u00e9xico<\/strong> anunci\u00f3 el primer paro escalonado en su servicio lo que generara retrasos y afectaciones para este lunes 13 de abril\u00a0y en <strong>El Heraldo de M\u00e9xico<\/strong> te aclaramos esta situaci\u00f3n.<\/p>\n<p>El pasado 11 de abril, el <strong>Sindicato Nacional de Trabajadores del Sistema de Transporte Colectivo<\/strong> emiti\u00f3 un comunicado en el que advirtieron que en los pr\u00f3ximos d\u00edas la operaci\u00f3n podr\u00eda verse afectada debido a que no se lleg\u00f3 a un acuerdo con las autoridades despu\u00e9s del primer paro escalonado que sucedi\u00f3 del 10 al 12 de abril.<\/p>\n<aside class=\"htmlinline\"\/>\n<blockquote><p>&#13;<\/p>\n<p>\u201cEstamos ciertos que cada d\u00eda, millones de personas dependen del servicio que brinda el Metro para trasladarse a sus centros de trabajo, a sus hogares y a sus actividades esenciales, sin embargo, las constantes fallas, retrasos y condiciones deficientes evidencian el completo abandono de este medio de transporte, lo cual pone en riesgo su seguridad, su tiempo y su calidad de vida\u201d<\/p>\n<aside class=\"relacionadas con-foto linea-1078\"><strong class=\"relacionadas-titulo-gral\">Noticias Relacionadas<\/strong><\/aside>\n<p>&#13;\n<\/p><\/blockquote>\n<h2>\u00bfHabr\u00e1 paro en el Metro de la CDMX este lunes 13 de abril?\u00a0<\/h2>\n<p>El comunicado no especifica que este<strong> lunes 13 de abril <\/strong>se retiren las condiciones de <strong>paro escalonado<\/strong> que han sucedido desde el pasado <strong>jueves<\/strong>, adem\u00e1s de que piden apoyo y comprensi\u00f3n por parte de las personas usuarias de este <strong>sistema de transporte colectivo<\/strong>. As\u00ed mismo mantienen que sus demandas son urgentes para cumplir con la operaci\u00f3n del Metro.<\/p>\n<figure class=\"image\"><img loading=\"lazy\" decoding=\"async\" alt=\"\" height=\"926\" src=\"https:\/\/heraldodemexico.com.mx\/u\/fotografias\/m\/2026\/4\/12\/f768x1-1271132_1271259_5050.jpg\" width=\"768\"\/>&#13;<figcaption>Comunicado oficial<br \/>&#13;<br \/>\nCr\u00e9ditos: SNTSTC<\/figcaption>&#13;<br \/>\n<\/figure>\n<blockquote><p>&#13;<\/p>\n<p>\u201cAmigo usuario en nuestro trabajo, t\u00fa eres lo m\u00e1s importante y tu solidaridad fortalece nuestra lucha\u201d<\/p>\n<p>&#13;\n<\/p><\/blockquote>\n<p>Este paro consiste en usar solamente los trenes que est\u00e1n habilitados para su uso, que en algunas l\u00edneas son menos de 10, por lo que podr\u00eda haber intervalos de hasta <strong>20 minutos entre tren y tren<\/strong>. Por lo que te recomendamos tomar las medidas necesarias, como salir con al menos 30 minutos de anticipaci\u00f3n y considerar otros medios de transporte si es posible.<\/p>\n<h2>Piden comprensi\u00f3n para alumnos que viajan en Metro<\/h2>\n<p>Diversas facultades y escuelas de la <strong>Universidad Nacional Aut\u00f3noma de M\u00e9xico<\/strong> han emitido comunicados pidiendo tolerancia hacia las y los alumnos que usan como principal medio de transporte el <strong>Metro de la Ciudad de M\u00e9xico<\/strong>, para evitar que los retrasos afecten su rendimiento escolar.\u00a0<\/p>\n<figure class=\"image\"><img loading=\"lazy\" decoding=\"async\" alt=\"\" height=\"521\" src=\"https:\/\/heraldodemexico.com.mx\/u\/fotografias\/m\/2026\/4\/12\/f768x1-1271133_1271260_5050.jpg\" width=\"768\"\/>&#13;<figcaption>Cr\u00e9ditos:\u00a0@UNAM_FCPyS<\/figcaption>&#13;<br \/>\n<\/figure>\n<blockquote><p>&#13;<\/p>\n<p>\u201cAnte los trabajos de mantenimiento en diversas l\u00edneas del Sistema de Transporte Colectivo Metro, que han generado afectaciones en los traslados del estudiantado, hacemos un atento exhorto al profesorado para considerar estas circunstancias en el desarrollo de sus actividades acad\u00e9micas, mostrando sensibilidad y flexibilidad en aspectos como la aplicaci\u00f3n de ex\u00e1menes, la entrega de trabajos y el registro de asistencias, a fin de no afectar a las y los estudiantes por situaciones ajenas a su voluntad\u201d.&#13;\n<\/p>\n<\/blockquote>\n<h2>\u00bfQu\u00e9 exigen los trabajadores del Metro de la CDMX?<\/h2>\n<ul>&#13;<\/p>\n<li>Mantenimiento integral y permanente a trenes, v\u00edas e instalaciones fijas<\/li>\n<p>&#13;<\/p>\n<li>Atenci\u00f3n inmediata a las fallas estructurales y operativas de la Red del Metro<\/li>\n<p>&#13;<\/p>\n<li>Que el uso de recurso destinados al Metro se ejerza para lo que est\u00e1 destinado<\/li>\n<p>&#13;<\/p>\n<li>No a la ejecuci\u00f3n de trabajos innecesarios de embellecimiento superficial de las estaciones<\/li>\n<p>&#13;<\/p>\n<li>No a la reducci\u00f3n de carriles en la calzada de Tlalpan<\/li>\n<p>&#13;<\/p>\n<li>No a la calzada elevada que se construye paralela a la L\u00ednea 2, por comprometer la seguridad de las instalaciones del Metro<\/li>\n<p>&#13;\n<\/ul>\n<p>LA&#13;<br \/>\n&#13;<br \/>\n&#13;\n                                <\/p>\n<\/p><\/div>\n<p><script>\n    !function(f,b,e,v,n,t,s)\n    {if(f.fbq)return;n=f.fbq=function(){n.callMethod?\n    n.callMethod.apply(n,arguments):n.queue.push(arguments)};\n    if(!f._fbq)f._fbq=n;n.push=n;n.loaded=!0;n.version='2.0';\n    n.queue=[];t=b.createElement(e);t.async=!0;\n    t.src=v;s=b.getElementsByTagName(e)[0];\n    s.parentNode.insertBefore(t,s)}(window, document,'script',\n    'https:\/\/connect.facebook.net\/en_US\/fbevents.js');\n    fbq('init', '237927003583820');\n    fbq('track', 'PageView');\n  <\/script><script>\n    !function(f,b,e,v,n,t,s)\n    {if(f.fbq)return;n=f.fbq=function(){n.callMethod?\n    n.callMethod.apply(n,arguments):n.queue.push(arguments)};\n    if(!f._fbq)f._fbq=n;n.push=n;n.loaded=!0;n.version='2.0';\n    n.queue=[];t=b.createElement(e);t.async=!0;\n    t.src=v;s=b.getElementsByTagName(e)[0];\n    s.parentNode.insertBefore(t,s)}(window, document,'script',\n    'https:\/\/connect.facebook.net\/en_US\/fbevents.js');\n    fbq('init', '802372280934901');\n    fbq('track', 'PageView');\n    <\/script><br \/>\n<br \/><\/p>\n","protected":false},"excerpt":{"rendered":"<p>El\u00a0Sistema de Transporte Colectivo Metro de la Ciudad de M\u00e9xico anunci\u00f3 el primer paro escalonado en su servicio lo que generara retrasos y afectaciones para este lunes 13 de abril\u00a0y en El Heraldo de M\u00e9xico te aclaramos esta situaci\u00f3n. El pasado 11 de abril, el Sindicato Nacional de Trabajadores del Sistema de Transporte Colectivo emiti\u00f3 [&hellip;]<\/p>\n","protected":false},"author":2,"featured_media":3788,"comment_status":"","ping_status":"","sticky":false,"template":"","format":"standard","meta":{"footnotes":""},"categories":[2],"tags":[],"class_list":["post-3787","post","type-post","status-publish","format-standard","has-post-thumbnail","hentry","category-local"],"_links":{"self":[{"href":"https:\/\/conexion-mx.com\/index.php?rest_route=\/wp\/v2\/posts\/3787","targetHints":{"allow":["GET"]}}],"collection":[{"href":"https:\/\/conexion-mx.com\/index.php?rest_route=\/wp\/v2\/posts"}],"about":[{"href":"https:\/\/conexion-mx.com\/index.php?rest_route=\/wp\/v2\/types\/post"}],"author":[{"embeddable":true,"href":"https:\/\/conexion-mx.com\/index.php?rest_route=\/wp\/v2\/users\/2"}],"replies":[{"embeddable":true,"href":"https:\/\/conexion-mx.com\/index.php?rest_route=%2Fwp%2Fv2%2Fcomments&post=3787"}],"version-history":[{"count":0,"href":"https:\/\/conexion-mx.com\/index.php?rest_route=\/wp\/v2\/posts\/3787\/revisions"}],"wp:featuredmedia":[{"embeddable":true,"href":"https:\/\/conexion-mx.com\/index.php?rest_route=\/wp\/v2\/media\/3788"}],"wp:attachment":[{"href":"https:\/\/conexion-mx.com\/index.php?rest_route=%2Fwp%2Fv2%2Fmedia&parent=3787"}],"wp:term":[{"taxonomy":"category","embeddable":true,"href":"https:\/\/conexion-mx.com\/index.php?rest_route=%2Fwp%2Fv2%2Fcategories&post=3787"},{"taxonomy":"post_tag","embeddable":true,"href":"https:\/\/conexion-mx.com\/index.php?rest_route=%2Fwp%2Fv2%2Ftags&post=3787"}],"curies":[{"name":"wp","href":"https:\/\/api.w.org\/{rel}","templated":true}]}}