{"id":3789,"date":"2026-04-13T12:12:55","date_gmt":"2026-04-13T17:12:55","guid":{"rendered":"https:\/\/conexion-mx.com\/?p=3789"},"modified":"2026-04-13T12:12:55","modified_gmt":"2026-04-13T17:12:55","slug":"radio-faro-celebra-26-anos-con-una-jornada-de-musica-dialogos-y-talleres-abiertos-en-la-faro-de-oriente","status":"publish","type":"post","link":"https:\/\/conexion-mx.com\/?p=3789","title":{"rendered":"Radio Faro celebra 26 a\u00f1os con una jornada de m\u00fasica, di\u00e1logos y talleres abiertos en la FARO de Oriente"},"content":{"rendered":"<p> <br \/>\n<\/p>\n<div itemprop=\"articleBody\">\n<div class=\"txt_contenido\">\n<p><strong>Radio Faro cumple 26 a\u00f1os<\/strong> como un espacio abierto para la comunicaci\u00f3n\u00a0el arte y la cultura, donde las voces locales tienen lugar y el derecho a la expresi\u00f3n se ejerce todos los d\u00edas. Para celebrarlo, la <strong>FARO de Oriente <\/strong>recinto de la Secretar\u00eda de Cultura de la <strong>Ciudad de M\u00e9xico<\/strong>\u00a0\u00a0abre sus puertas este s\u00e1bado <strong>11 de abril<\/strong> con una jornada pensada para convivir, escuchar y aprender.<\/p>\n<h2>Las grandes voces de la radio mexicana debaten el presente y futuro del medio<\/h2>\n<p>A lo largo del d\u00eda habr\u00e1 una mesa de di\u00e1logo con reconocidas voces de la radio en M\u00e9xico, como <strong>Adriana Sol\u00f3rzano Fuentes, Alfonso Morcillo, Omar Salazar, Israel Ram\u00edrez, Rodrigo Vidal, Mariana Hern\u00e1ndez y Roc\u00edo Rom\u00e1n<\/strong>. En este espacio compartir\u00e1n sus experiencias y puntos de vista sobre hacia d\u00f3nde va la radio en el pa\u00eds.<\/p>\n<aside class=\"htmlinline\"\/>\n<p>Adem\u00e1s, participar\u00e1 como invitada especial Fernanda Tapia, una de las voces m\u00e1s queridas y reconocidas, cuya trayectoria abarca la <strong>radio, la televisi\u00f3n, el cine y el cabaret.<\/strong><\/p>\n<p class=\"image-align-center\"><img loading=\"lazy\" decoding=\"async\" alt=\"\" height=\"400\" src=\"https:\/\/heraldodemexico.com.mx\/u\/fotografias\/m\/2022\/9\/7\/f768x400-572852_616755_5050.jpeg\" width=\"768\"\/><\/p>\n<h2>M\u00fasica en vivo y talleres abiertos\u00a0<\/h2>\n<p>La celebraci\u00f3n tambi\u00e9n tendr\u00e1 ritmo.<strong> <\/strong><strong>Barrio Minga, Chino y su Gala y Telegrama<\/strong> llevar\u00e1n al escenario propuestas musicales que recorren distintos g\u00e9neros, desde el rap hasta el rock, en un ambiente festivo y comunitario.<\/p>\n<p>El aniversario incluye <strong>talleres gratuitos y abiertos al p\u00fablico\u00a0<\/strong>que reflejan el esp\u00edritu de <strong>Radio Faro:<\/strong> compartir conocimientos y construir comunidad desde lo cotidiano.\u00a0Las propuestas incluyen <strong>modelado 3D, cianotipia y serigraf\u00eda <\/strong>con tatuajes temporales, pensadas como espacios abiertos para <strong>aprender, crear y compartir conocimientos<\/strong> entre personas de todas las edades.<\/p>\n<h2>Informaci\u00f3n del evento\u00a0<\/h2>\n<ul>&#13;<\/p>\n<li>Cu\u00e1ndo: <strong>S\u00e1bado 11 de abril de 2026<\/strong><\/li>\n<p>&#13;<\/p>\n<li>Hora: <strong>Desde las 11:00 horas<\/strong><\/li>\n<p>&#13;<\/p>\n<li>\u00a0D\u00f3nde: <strong>FARO de Oriente, Ciudad de M\u00e9xico<\/strong><\/li>\n<p>&#13;<\/p>\n<li>\u00a0Costo: <strong>Entrada libre<\/strong><\/li>\n<p>&#13;\n<\/ul>\n<\/p><\/div>\n<\/p><\/div>\n<p><script>\n    !function(f,b,e,v,n,t,s)\n    {if(f.fbq)return;n=f.fbq=function(){n.callMethod?\n    n.callMethod.apply(n,arguments):n.queue.push(arguments)};\n    if(!f._fbq)f._fbq=n;n.push=n;n.loaded=!0;n.version='2.0';\n    n.queue=[];t=b.createElement(e);t.async=!0;\n    t.src=v;s=b.getElementsByTagName(e)[0];\n    s.parentNode.insertBefore(t,s)}(window, document,'script',\n    'https:\/\/connect.facebook.net\/en_US\/fbevents.js');\n    fbq('init', '237927003583820');\n    fbq('track', 'PageView');\n  <\/script><br \/>\n<br \/><\/p>\n","protected":false},"excerpt":{"rendered":"<p>Radio Faro cumple 26 a\u00f1os como un espacio abierto para la comunicaci\u00f3n\u00a0el arte y la cultura, donde las voces locales tienen lugar y el derecho a la expresi\u00f3n se ejerce todos los d\u00edas. Para celebrarlo, la FARO de Oriente recinto de la Secretar\u00eda de Cultura de la Ciudad de M\u00e9xico\u00a0\u00a0abre sus puertas este s\u00e1bado 11 [&hellip;]<\/p>\n","protected":false},"author":4,"featured_media":3790,"comment_status":"","ping_status":"","sticky":false,"template":"","format":"standard","meta":{"footnotes":""},"categories":[33],"tags":[],"class_list":["post-3789","post","type-post","status-publish","format-standard","has-post-thumbnail","hentry","category-cultura"],"_links":{"self":[{"href":"https:\/\/conexion-mx.com\/index.php?rest_route=\/wp\/v2\/posts\/3789","targetHints":{"allow":["GET"]}}],"collection":[{"href":"https:\/\/conexion-mx.com\/index.php?rest_route=\/wp\/v2\/posts"}],"about":[{"href":"https:\/\/conexion-mx.com\/index.php?rest_route=\/wp\/v2\/types\/post"}],"author":[{"embeddable":true,"href":"https:\/\/conexion-mx.com\/index.php?rest_route=\/wp\/v2\/users\/4"}],"replies":[{"embeddable":true,"href":"https:\/\/conexion-mx.com\/index.php?rest_route=%2Fwp%2Fv2%2Fcomments&post=3789"}],"version-history":[{"count":0,"href":"https:\/\/conexion-mx.com\/index.php?rest_route=\/wp\/v2\/posts\/3789\/revisions"}],"wp:featuredmedia":[{"embeddable":true,"href":"https:\/\/conexion-mx.com\/index.php?rest_route=\/wp\/v2\/media\/3790"}],"wp:attachment":[{"href":"https:\/\/conexion-mx.com\/index.php?rest_route=%2Fwp%2Fv2%2Fmedia&parent=3789"}],"wp:term":[{"taxonomy":"category","embeddable":true,"href":"https:\/\/conexion-mx.com\/index.php?rest_route=%2Fwp%2Fv2%2Fcategories&post=3789"},{"taxonomy":"post_tag","embeddable":true,"href":"https:\/\/conexion-mx.com\/index.php?rest_route=%2Fwp%2Fv2%2Ftags&post=3789"}],"curies":[{"name":"wp","href":"https:\/\/api.w.org\/{rel}","templated":true}]}}